{"id":27246,"date":"2025-09-06T10:20:09","date_gmt":"2025-09-06T10:20:09","guid":{"rendered":"https:\/\/www.europesays.com\/fi\/27246\/"},"modified":"2025-09-06T10:20:09","modified_gmt":"2025-09-06T10:20:09","slug":"tommi-liimatainen-illle-nain-ensirakkaus-riikka-purraan-syttyi","status":"publish","type":"post","link":"https:\/\/www.europesays.com\/fi\/27246\/","title":{"rendered":"Tommi Liimatainen IL:lle \u2013 N\u00e4in ensirakkaus Riikka Purraan syttyi"},"content":{"rendered":"<p>Manageri Tommi Liimatainen muistelee Iltalehdelle teinisuhdettaan nykyisen valtiovarainministerin Riikka Purran (ps) kanssa.<\/p>\n<p><img decoding=\"async\" class=\"image image-show image-preview\" src=\"https:\/\/www.europesays.com\/fi\/wp-content\/uploads\/2025\/09\/95d229b353f16aaca2b2348e535f9963c1fa10b8f13387e3ed9de5c992e142ee.jpg\" alt=\"\"\/><img decoding=\"async\" class=\"image image-show\" src=\"https:\/\/www.europesays.com\/fi\/wp-content\/uploads\/2025\/09\/1757154009_538_95d229b353f16aaca2b2348e535f9963c1fa10b8f13387e3ed9de5c992e142ee.jpg\" alt=\"\"\/><\/p>\n<p>Tommi Liimatainen muistelee romanssiaan Riikka Purran kanssa. Kuva vuodelta 2015. Jenni G\u00e4stgivar<\/p>\n<p class=\"paragraph\">Valtiovarainministeri <a href=\"https:\/\/www.iltalehti.fi\/henkilot\/Riikka Purra\" class=\"article-link-person-page\" rel=\"nofollow noopener\" target=\"_blank\">Riikka Purra<\/a>, 48, (ps) kertoi <a href=\"https:\/\/www.hs.fi\/kuukausiliite\/art-2000011345068.html\" target=\"_blank\" rel=\"noopener nofollow\">Helsingin Sanomien Kuukausiliitteen<\/a> tuoreessa haastattelussa ensirakkaudestaan, nyky\u00e4\u00e4n managerina tunnetusta <a href=\"https:\/\/www.iltalehti.fi\/henkilot\/Tommi Liimatainen\" class=\"article-link-person-page\" rel=\"nofollow noopener\" target=\"_blank\">Tommi Liimataisesta<\/a>, 48. Liimatainen muistelee kaksikon teiniromanssia nyt Iltalehdelle.<\/p>\n<p class=\"paragraph\">Purran ja Liimataisen tiet kohtasivat rippileirin yhteydess\u00e4.<\/p>\n<p class=\"paragraph\">\u2013 N\u00e4in j\u00e4rkytt\u00e4v\u00e4n kauniin naisen ja iskin silm\u00e4ni h\u00e4neen, Liimatainen muistelee nyt yli 30 vuotta my\u00f6hemmin.<\/p>\n<p class=\"paragraph\">Yst\u00e4v\u00e4t usuttivat Liimataista juttusille kaunottaren kanssa. Liimatainen teki yst\u00e4villeen nopeasti selv\u00e4ksi, ett\u00e4 t\u00e4m\u00e4 nainen on varattu h\u00e4nelle.<\/p>\n<p class=\"paragraph\">\u2013 Ilmoitin pojille, ett\u00e4 voitte l\u00e4hte\u00e4 kotiin, ett\u00e4 peli on pelattu.<\/p>\n<p class=\"paragraph\">\u2013 N\u00e4in olen toiminut aina, Liimatainen nauraa.<\/p>\n<p>Riikka Purra muisteli suhdettaan Tommi Liimataisen kanssa Helsingin Sanomien Kuukausiliitteess\u00e4. Roosa Br\u00f6ijer<\/p>\n<p class=\"paragraph\">Purra muisteli HS:n artikkelissa kaksikon p\u00e4\u00e4tyneen suutelemaan jo leirin ensimm\u00e4isin\u00e4 p\u00e4ivin\u00e4 ja joutuneensa itse pulaan nukuttuaan poikien tuvassa. Kristillinen sanoma j\u00e4i Purran mukaan v\u00e4h\u00e4lle.<\/p>\n<p class=\"paragraph\">Liimatainen sanoo Iltalehdelle kaksikon tehneen \u201dtosi kivoja juttuja\u201d, mutta yksityiskohtiin h\u00e4n ei mene.<\/p>\n<p class=\"paragraph\">\u2013 Ei se kyll\u00e4 j\u00e4\u00e4nyt kenellek\u00e4\u00e4n ep\u00e4selv\u00e4ksi. Olimme koko ajan yhdess\u00e4, Liimatainen muistelee leiri\u00e4.<\/p>\n<p class=\"paragraph\">Yhteydenpito jatkui viel\u00e4 pitk\u00e4\u00e4n leirin j\u00e4lkeen. Seurustelua kesti yli vuoden ajan. Liimatainen kuvailee tuon olleen \u201dhienoa aikaa\u201d. Liimatainen vahvistaa, ett\u00e4 my\u00f6s h\u00e4nen osaltaan kyse oli ensirakkaudesta.<\/p>\n<p class=\"paragraph\">Se Liimataista on j\u00e4\u00e4nyt harmittamaan, ett\u00e4 yhteinen keikkamatka Tukholmaan Guns N\u2019 Rosesia katsomaan j\u00e4i v\u00e4list\u00e4. Liimataisella ei ollut rahaa, joten Purra l\u00e4hti matkaan ilman h\u00e4nt\u00e4.<\/p>\n<p class=\"paragraph\">Lopulta suhde tuli p\u00e4\u00e4t\u00f6kseens\u00e4.<\/p>\n<p class=\"paragraph\">\u2013 Oltiin liian nuoria ja moottoritie oli kuuma. Jotenkin se yhdess\u00e4 oleminen oli sellaista roihua. Kun olet sielu tulessa koko ajan, se sitten loppuu olemasta, Liimatainen sanoo ja lis\u00e4\u00e4, ett\u00e4 h\u00e4nelle on j\u00e4\u00e4nyt suhteesta vain hyvi\u00e4 muistoja.<\/p>\n<p class=\"paragraph\">HS:lle Purra sanoi suhteen hiipumiseen liittyen, ettei h\u00e4n ollut \u201dkauhean hyv\u00e4\u00e4 seuraa\u201d. Parikymment\u00e4 vuotta my\u00f6hemmin Purra l\u00e4hetti Liimataiselle viestin, jossa pyysi anteeksi kaikkea ik\u00e4v\u00e4\u00e4, mit\u00e4 oli tehnyt.<\/p>\n<p>Nuori Tommi Liimatainen ei osannut arvata, ett\u00e4 Riikka Purra ponnahtaisi suomalaisen politiikan k\u00e4rkene. KIMMO HAAPALA<\/p>\n<p class=\"paragraph\">Maaliskuussa kaksikko n\u00e4ki toisensa uudelleen vuosien tauon j\u00e4lkeen.<\/p>\n<p class=\"paragraph\">\u2013 Samalla lailla juttu luisti kuin aina aikaisemminkin. Toivottavasti n\u00e4hd\u00e4\u00e4n viel\u00e4 uudestaankin, Liimatainen sanoo Iltalehdelle.<\/p>\n<p class=\"paragraph\">Liimatainen p\u00e4\u00e4tyi musiikkialalle manageriksi, Purra maan johtavien poliitikkojen joukkoon. Liimatainen kertoo seuraavansa Purran uraa ja t\u00e4m\u00e4n puheita tarkkaan.<\/p>\n<p class=\"paragraph\">Kun Liimataiselta kysyy, n\u00e4kik\u00f6 h\u00e4n jo nuorena, ett\u00e4 Purra p\u00e4\u00e4tyisi vallan kahvaan, Liimatainen vastaa kielt\u00e4v\u00e4sti.<\/p>\n<p class=\"paragraph\">\u2013 Sen muistan, kun Riikka opetti minulle latinaa, Liimatainen nauraa.<\/p>\n<p>Tommi Liimatainen on pit\u00e4nyt jo pitk\u00e4\u00e4n yht\u00e4 Katri Helenan kanssa. Mikko Huisko<\/p>\n<p class=\"paragraph\">Nyky\u00e4\u00e4n Tommi Liimatainen on yhdess\u00e4 hiljattain uransa p\u00e4\u00e4tt\u00e4neen laulajan <strong>Katri Helenan<\/strong> kanssa. Riikka Purra on naimisissa toimittaja <strong>Mikko V\u00e4limaan<\/strong> kanssa.<\/p>\n","protected":false},"excerpt":{"rendered":"Manageri Tommi Liimatainen muistelee Iltalehdelle teinisuhdettaan nykyisen valtiovarainministerin Riikka Purran (ps) kanssa. Tommi Liimatainen muistelee romanssiaan Riikka Purran&hellip;\n","protected":false},"author":2,"featured_media":27247,"comment_status":"","ping_status":"","sticky":false,"template":"","format":"standard","meta":{"footnotes":""},"categories":[136],"tags":[35,138,407,137,33,31,30,408,525,47,141,32,484,109],"class_list":{"0":"post-27246","1":"post","2":"type-post","3":"status-publish","4":"format-standard","5":"has-post-thumbnail","7":"category-julkkikset","8":"tag-24h","9":"tag-audio","10":"tag-celebrities","11":"tag-entertainment","12":"tag-fi","13":"tag-finland","14":"tag-finnish","15":"tag-julkkikset","16":"tag-laulaminen-ja-laulajat","17":"tag-musiikki","18":"tag-muusikot-bandit","19":"tag-suomi","20":"tag-taiteellinen-ilmaisu-ja-mediat","21":"tag-viihde"},"share_on_mastodon":{"url":"","error":""},"_links":{"self":[{"href":"https:\/\/www.europesays.com\/fi\/wp-json\/wp\/v2\/posts\/27246","targetHints":{"allow":["GET"]}}],"collection":[{"href":"https:\/\/www.europesays.com\/fi\/wp-json\/wp\/v2\/posts"}],"about":[{"href":"https:\/\/www.europesays.com\/fi\/wp-json\/wp\/v2\/types\/post"}],"author":[{"embeddable":true,"href":"https:\/\/www.europesays.com\/fi\/wp-json\/wp\/v2\/users\/2"}],"replies":[{"embeddable":true,"href":"https:\/\/www.europesays.com\/fi\/wp-json\/wp\/v2\/comments?post=27246"}],"version-history":[{"count":0,"href":"https:\/\/www.europesays.com\/fi\/wp-json\/wp\/v2\/posts\/27246\/revisions"}],"wp:featuredmedia":[{"embeddable":true,"href":"https:\/\/www.europesays.com\/fi\/wp-json\/wp\/v2\/media\/27247"}],"wp:attachment":[{"href":"https:\/\/www.europesays.com\/fi\/wp-json\/wp\/v2\/media?parent=27246"}],"wp:term":[{"taxonomy":"category","embeddable":true,"href":"https:\/\/www.europesays.com\/fi\/wp-json\/wp\/v2\/categories?post=27246"},{"taxonomy":"post_tag","embeddable":true,"href":"https:\/\/www.europesays.com\/fi\/wp-json\/wp\/v2\/tags?post=27246"}],"curies":[{"name":"wp","href":"https:\/\/api.w.org\/{rel}","templated":true}]}}