{"id":27270,"date":"2025-09-06T10:49:08","date_gmt":"2025-09-06T10:49:08","guid":{"rendered":"https:\/\/www.europesays.com\/fi\/27270\/"},"modified":"2025-09-06T10:49:08","modified_gmt":"2025-09-06T10:49:08","slug":"selviytyjat-eve-rikkoo-sovun-ovat-kusettaneet-meita","status":"publish","type":"post","link":"https:\/\/www.europesays.com\/fi\/27270\/","title":{"rendered":"Selviytyj\u00e4t-Eve rikkoo sovun \u2013 \u201dOvat kusettaneet meit\u00e4\u201d"},"content":{"rendered":"<p>\n            Selviytyj\u00e4t Suomi. Eveliina Uosukainen. Lars Johnson\/Sanoma.<br \/>\n            Lars Johnson\/Sanoma\n        <\/p>\n<p class=\"subtitle \">Burung-heimolaiset vakuuttelevat toisilleen aloittavansa puhtaalta p\u00f6yd\u00e4lt\u00e4. Se osoittautuu valeeksi.<\/p>\n<p class=\"article-content article-content-width !bg-background\">Selviytyj\u00e4t Suomi -kauden toisessa jaksossa Burung-heimossa pohditaan  l\u00e4ht\u00f6\u00e4 ensimm\u00e4isess\u00e4 heimoneuvostossa. Varsinkin kisaparin  tunteet ovat pinnassa. Jakso on katsottavissa Ruutu+:ssa ja n\u00e4hd\u00e4\u00e4n Nelosella 7.9. <\/p>\n<p class=\"font-weight-bold m-font-weight-bold italic m-italic article-content article-content-width !bg-background\">Video: Saana ja Laura Akiolan siskopari kisaa Selviytyjiss\u00e4<\/p>\n<p class=\"article-content article-content-width !bg-background\">Saana kertoo kyyneleet silmiss\u00e4\u00e4n ajatuksistaan.<\/p>\n<p class=\"article-content article-content-width !bg-background\">\u2013 Tiesin ennakkoon, ett\u00e4 jos Vivi tulisi l\u00e4htem\u00e4\u00e4n, niin minua harmittaisi tosi, tosi paljon. Mutta se, ett\u00e4 minua harmittaa n\u00e4in paljon, aah!, Saana purkautuu itkuun kameralle.<\/p>\n<p class=\"article-content article-content-width !bg-background\">\u2013 Minulla on v\u00e4h\u00e4n sellainen olo nyt, ett\u00e4 olen sinkkuna pariskuntien keskell\u00e4. Ihan paskaa, Saana kuvaa tilannettaan.<\/p>\n<p>        <a itemprop=\"url\" href=\"https:\/\/www.seiska.fi\/katso\/podcast-selviytyjista-pudonneelta-vivi-wahlstromilta-paljastus-kuvausten-ilmapiirista\/1916958\" rel=\"nofollow noopener\" target=\"_blank\"><\/p>\n<p>\nPodcast: Selviytyj\u00e4t Suomi\n<\/p>\n<p class=\"section-date\">\n        <strong class=\"article-section\" data-section=\"katso\"><br \/>\n            katso<br \/>\n        <\/strong><br \/>\n        1.9. 13:15\n    <\/p>\n<p>    Podcast: Selviytyjist\u00e4 pudonneelta Vivi Wahlstr\u00f6milt\u00e4 paljastus kuvausten ilmapiirist\u00e4<\/p>\n<p itemprop=\"description\" class=\"subtitle \">\n    Ensimm\u00e4isess\u00e4 Selviytyj\u00e4t-podcastissa vierailee avausjaksossa tippunut Vivi Wahlstr\u00f6m, joka syytt\u00e4\u00e4 itse\u00e4\u00e4n putoamisesta.\n<\/p>\n<p>        <\/a><\/p>\n<p>Linnea ei ole katkera<\/p>\n<p class=\"article-content article-content-width !bg-background\">Burungissa heimon j\u00e4senet vakuuttelevat toisilleen, ett\u00e4 heimoneuvostoa edelt\u00e4neet tapahtumat ja juonittelut kuuluivat vain pelin henkeen. Salaliiton \u2013 heikosti toimineen sellaisen \u2013 uhriksi avausjaksossa joutunut  pyrkii v\u00e4ltt\u00e4m\u00e4\u00e4n katkeruuden.<\/p>\n<p class=\"article-content article-content-width !bg-background\">\u2013 Voidaan aloittaa puhtaalta p\u00f6yd\u00e4lt\u00e4, Linnea linjaa.<\/p>\n<p class=\"article-content article-content-width !bg-background\">\u2013 T\u00e4rkeint\u00e4, ett\u00e4 otetaan ryhm\u00e4henki taas esille ja voitetaan seuraavat pelit. Sitten meid\u00e4n ei tarvitse menn\u00e4 heimoneuvostoon \u00e4\u00e4nest\u00e4m\u00e4\u00e4n toisiamme,  rakas  summaa.<\/p>\n<p>        <a itemprop=\"url\" href=\"https:\/\/www.seiska.fi\/katso\/linnea-vihonen-paljastaa-kulissien-takaiset-tapahtumat-selviytyjissa-jai-hirvea-trauma\/1913782\" rel=\"nofollow noopener\" target=\"_blank\"><\/p>\n<p>\nLinnea Vihonen\n<\/p>\n<p class=\"section-date\">\n        <strong class=\"article-section\" data-section=\"katso\"><br \/>\n            katso<br \/>\n        <\/strong><br \/>\n        1.9. 06:15\n    <\/p>\n<p>    Linnea Vihonen paljastaa kulissien takaiset tapahtumat Selviytyjiss\u00e4: &#8221;J\u00e4i hirve\u00e4 trauma&#8221;<\/p>\n<p itemprop=\"description\" class=\"subtitle \">\n    Linnea Vihonen hakee Selviytyj\u00e4t Suomesta jatkoa Farmi-menestykselleen.\n<\/p>\n<p>        <\/a><\/p>\n<p>\u201dVoin puukottaa sinua selk\u00e4\u00e4n\u201d<\/p>\n<p class=\"article-content article-content-width !bg-background\">Todellisuudessa asiat eiv\u00e4t l\u00e4hde etenem\u00e4\u00e4n maltillisesti. Eveliinalla on jo omat ep\u00e4ilyksens\u00e4.<\/p>\n<p class=\"article-content article-content-width !bg-background\">\u2013 Nousi ajatus, ett\u00e4 voisiko olla, ett\u00e4  () ja  () ovat kusettaneet meit\u00e4 100\u20130. Jos niill\u00e4 onkin varjoliitto Linnean ja  () kanssa.<\/p>\n<p>                <img decoding=\"async\" src=\"https:\/\/www.europesays.com\/fi\/wp-content\/uploads\/2025\/09\/1920475.webp\" width=\"576\" height=\"274\" alt=\"Janne ja Semon ep\u00e4ilytt\u00e4v\u00e4t Eveliinaa.\" loading=\"lazy\" \/>            <\/p>\n<p>\n            Janne ja Semon ep\u00e4ilytt\u00e4v\u00e4t Eveliinaa.<br \/>\n            Lars Johnson\/Sanoma\n        <\/p>\n<p class=\"article-content article-content-width !bg-background\">My\u00f6hemmin kummatkin heimot saavat amuletin etsint\u00e4teht\u00e4v\u00e4n, jolla on suuri merkitys jatkon kannalta. T\u00e4ss\u00e4 vaiheessa salaliitot ja vastaliitot loimuavat jo kuumina Burungissa.<\/p>\n<p class=\"article-content article-content-width !bg-background\">\u2013 Kun etsint\u00e4 alkoi, heimodynamiikka heitettiin romukoppaan saman tien. Olimme sy\u00f6neet hyvin, nauttineet ja hymyilleet yhdess\u00e4. Ja seuraavana tuleekin tilanne: onnistun etsinn\u00e4ss\u00e4, ett\u00e4 voin puukottaa sinua selk\u00e4\u00e4n, Janne kuvailee.<\/p>\n<p>Janne N ja Jeffrey t\u00e4ht\u00e4imess\u00e4<\/p>\n<p class=\"article-content article-content-width !bg-background\">Juonittelematon ei ole Kerbau-heimokaan.  ep\u00e4ilee, ett\u00e4  on tiputtamassa  paria .<\/p>\n<p class=\"article-content article-content-width !bg-background\">\u2013 Saana, se pelaa kovaa. Jo ensimm\u00e4isess\u00e4 juttelussa se mainitsi Tiinan. Siit\u00e4 on pakko p\u00e4\u00e4st\u00e4 eroon jossain vaiheessa, Janne vaatii Jonilta.<\/p>\n<p>        <a itemprop=\"url\" href=\"https:\/\/www.seiska.fi\/katso\/ensimmainen-kilpailija-ulos-selviytyjat-suomesta\/1912463\" rel=\"nofollow noopener\" target=\"_blank\"><\/p>\n<p>\nSelviytyj\u00e4t Suomi\n<\/p>\n<p class=\"section-date\">\n        <strong class=\"article-section\" data-section=\"katso\"><br \/>\n            katso<br \/>\n        <\/strong><br \/>\n        31.8. 21:35\n    <\/p>\n<p>    Ensimm\u00e4inen kilpailija ulos Selviytyj\u00e4t Suomesta<\/p>\n<p itemprop=\"description\" class=\"subtitle \">\n    Ensimm\u00e4isen Selviytyj\u00e4t Suomi -jakson heimoneuvostossa paljastui useampikin likainen salaisuus.\n<\/p>\n<p>        <\/a><\/p>\n<p class=\"article-content article-content-width !bg-background\">Janne ja h\u00e4nen parinsa  eiv\u00e4t Juhoa vakuuta.<\/p>\n<p class=\"article-content article-content-width !bg-background\">\u2013 Jannen ja Jeffreyn jutuista alan nyky\u00e4\u00e4n jo mietti\u00e4, ett\u00e4 mit\u00e4 tahansa he sanovat, teen p\u00e4invastoin. Jos h\u00e4vi\u00e4mme koskemattomuuskilpailussa, niin minun, Tiinan, Saanan ja  () t\u00e4ht\u00e4imess\u00e4 on hyvin todenn\u00e4k\u00f6isesti Janne tai Jeffrey, Juho linjaa.<\/p>\n<p class=\"article-content article-content-width !bg-background\">Saana my\u00f6s j\u00e4rkyttyy, kun Juho kertoo Jannen yritt\u00e4v\u00e4n saada Saanaa pois kisasta.<\/p>\n<p class=\"article-content article-content-width !bg-background\">\u2013 Miksi minusta tehd\u00e4\u00e4n t\u00e4llainen hahmo? Tied\u00e4n, ett\u00e4 t\u00e4m\u00e4 on peli\u00e4, mutta minusta tuo on ep\u00e4toivoista, Saana vuodattaa.<\/p>\n<p class=\"italic m-italic article-content article-content-width !bg-background\">Selviytyj\u00e4t Suomi Nelosella ja Ruudussa sunnuntaisin kello 19.30.<\/p>\n<p>        <a itemprop=\"url\" href=\"https:\/\/www.seiska.fi\/katso\/eveliina-uosukaisesta-rankka-syytos-selviytyjissa\/1915131\" rel=\"nofollow noopener\" target=\"_blank\"><\/p>\n<p>\nSelviytyj\u00e4t Suomi\n<\/p>\n<p class=\"section-date\">\n        <strong class=\"article-section\" data-section=\"katso\"><br \/>\n            katso<br \/>\n        <\/strong><br \/>\n        29.8. 16:15\n    <\/p>\n<p>    Eveliina Uosukaisesta rankka syyt\u00f6s Selviytyjiss\u00e4<\/p>\n<p itemprop=\"description\" class=\"subtitle \">\n    Varo juonipaljastuksia.\n<\/p>\n<p>        <\/a><\/p>\n","protected":false},"excerpt":{"rendered":"Selviytyj\u00e4t Suomi. Eveliina Uosukainen. Lars Johnson\/Sanoma. Lars Johnson\/Sanoma Burung-heimolaiset vakuuttelevat toisilleen aloittavansa puhtaalta p\u00f6yd\u00e4lt\u00e4. Se osoittautuu valeeksi. Selviytyj\u00e4t&hellip;\n","protected":false},"author":2,"featured_media":27271,"comment_status":"","ping_status":"","sticky":false,"template":"","format":"standard","meta":{"footnotes":""},"categories":[133],"tags":[7610,137,2657,33,31,30,7282,1758,2158,3176,2658,32,206,156,109],"class_list":{"0":"post-27270","1":"post","2":"type-post","3":"status-publish","4":"format-standard","5":"has-post-thumbnail","7":"category-televisiot","8":"tag-burung-heimoneuvosto","9":"tag-entertainment","10":"tag-eveliina-uosukainen","11":"tag-fi","12":"tag-finland","13":"tag-finnish","14":"tag-janne-lehmonen","15":"tag-nelonen","16":"tag-ruutu","17":"tag-saana-boelius","18":"tag-selviytyjat-suomi","19":"tag-suomi","20":"tag-televisiot","21":"tag-tv","22":"tag-viihde"},"share_on_mastodon":{"url":"","error":""},"_links":{"self":[{"href":"https:\/\/www.europesays.com\/fi\/wp-json\/wp\/v2\/posts\/27270","targetHints":{"allow":["GET"]}}],"collection":[{"href":"https:\/\/www.europesays.com\/fi\/wp-json\/wp\/v2\/posts"}],"about":[{"href":"https:\/\/www.europesays.com\/fi\/wp-json\/wp\/v2\/types\/post"}],"author":[{"embeddable":true,"href":"https:\/\/www.europesays.com\/fi\/wp-json\/wp\/v2\/users\/2"}],"replies":[{"embeddable":true,"href":"https:\/\/www.europesays.com\/fi\/wp-json\/wp\/v2\/comments?post=27270"}],"version-history":[{"count":0,"href":"https:\/\/www.europesays.com\/fi\/wp-json\/wp\/v2\/posts\/27270\/revisions"}],"wp:featuredmedia":[{"embeddable":true,"href":"https:\/\/www.europesays.com\/fi\/wp-json\/wp\/v2\/media\/27271"}],"wp:attachment":[{"href":"https:\/\/www.europesays.com\/fi\/wp-json\/wp\/v2\/media?parent=27270"}],"wp:term":[{"taxonomy":"category","embeddable":true,"href":"https:\/\/www.europesays.com\/fi\/wp-json\/wp\/v2\/categories?post=27270"},{"taxonomy":"post_tag","embeddable":true,"href":"https:\/\/www.europesays.com\/fi\/wp-json\/wp\/v2\/tags?post=27270"}],"curies":[{"name":"wp","href":"https:\/\/api.w.org\/{rel}","templated":true}]}}