{"id":272700,"date":"2026-06-10T09:38:17","date_gmt":"2026-06-10T09:38:17","guid":{"rendered":"https:\/\/www.europesays.com\/fi\/272700\/"},"modified":"2026-06-10T09:38:17","modified_gmt":"2026-06-10T09:38:17","slug":"kivia-piilotetaan-nyt-kiellettyihin-paikkoihin-museo-ja-puistovaki-alahtivat-suositusta-harrastuksesta-pohjanmaa","status":"publish","type":"post","link":"https:\/\/www.europesays.com\/fi\/272700\/","title":{"rendered":"Kivi\u00e4 piilotetaan nyt kiellettyihin paikkoihin \u2013 museo- ja puistov\u00e4ki \u00e4l\u00e4htiv\u00e4t suositusta harrastuksesta | Pohjanmaa"},"content":{"rendered":"<ul class=\"aw__sc-1yb43iq-0 gFXHv yle__article__list yle__article__list--ul\">\n<li class=\"aw__sc-1yb43iq-1 gVAzbt\">Suosittu kivien maalaus- ja piilotusharrastus aiheuttaa ongelmia v\u00e4\u00e4rien piilopaikkojen vuoksi.<\/li>\n<li class=\"aw__sc-1yb43iq-1 gVAzbt\">Sein\u00e4joen ja Raision kaupungit ovat kielt\u00e4neet kivien j\u00e4tt\u00e4misen istutuksiin, koska ne talloutuvat.<\/li>\n<li class=\"aw__sc-1yb43iq-1 gVAzbt\">Kivi\u00e4 on piilotettu my\u00f6s lain suojaamille muinaismuistoalueille, kuten Sein\u00e4joella T\u00f6rn\u00e4v\u00e4n kartanon alueella oleville raunioille.<\/li>\n<li class=\"aw__sc-1yb43iq-1 gVAzbt\">Museotoimen mukaan kyse on usein tiet\u00e4m\u00e4tt\u00f6myydest\u00e4, ei tahallisesta ilkivallasta.<\/li>\n<\/ul>\n<p class=\"aw__sc-1qwuw0s-0 aw__sc-ngllmo-0 epAWpq fzYpjk yle__article__paragraph\">Kivi\u00e4 piilotetaan paikkoihin, joihin ei saisi.<\/p>\n<p class=\"aw__sc-1qwuw0s-0 aw__sc-ngllmo-0 epAWpq fzYpjk yle__article__paragraph\">Kyse on viime vuosina yleistyneest\u00e4 harrastuksesta, jossa kivi\u00e4 maalataan ja piilotetaan julkisille paikoille muiden l\u00f6ydett\u00e4v\u00e4ksi.<\/p>\n<p class=\"aw__sc-1qwuw0s-0 aw__sc-ngllmo-0 epAWpq fzYpjk yle__article__paragraph\">Sein\u00e4joella kaupungin puistotoimi p\u00e4\u00e4tyi pyyt\u00e4m\u00e4\u00e4n harrastajilta Facebookissa, ett\u00e4 he j\u00e4tt\u00e4isiv\u00e4t istutusalueet rauhaan. Ylim\u00e4\u00e4r\u00e4inen liikenne aiheutti istutuksien tallomista, kulumista ja lis\u00e4si istuttajien ty\u00f6t\u00e4.<\/p>\n<p class=\"aw__sc-1qwuw0s-0 aw__sc-ngllmo-0 epAWpq fzYpjk yle__article__paragraph\">My\u00f6s Raision kaupunki kielt\u00e4\u00e4 kivien k\u00e4tkemisen Alppiruusupuiston alueelle.<\/p>\n<p class=\"aw__sc-1qwuw0s-0 aw__sc-ngllmo-0 epAWpq fzYpjk yle__article__paragraph\">Sein\u00e4joella kivi\u00e4 on lis\u00e4ksi piilotettu T\u00f6rn\u00e4v\u00e4n museoalueelle, joka on osittain muinaismuistoaluetta. Alueella on historiallisten rakennusten j\u00e4\u00e4nteit\u00e4, perustuksia ja kivijalkoja.<\/p>\n<p class=\"aw__sc-1qwuw0s-0 aw__sc-ngllmo-0 epAWpq fzYpjk yle__article__paragraph\">\u2013 Muinaismuistolaki suojaa n\u00e4it\u00e4 kohteita, niihin ei pit\u00e4isi kajota, ohjeistaa Sein\u00e4joen museotoimenjohtaja <strong class=\"aw__sc-ngllmo-2 gdRrun yle__article__strong\">Riku H\u00e4m\u00e4l\u00e4inen<\/strong>.<\/p>\n<p class=\"aw__sc-1qwuw0s-0 aw__sc-ngllmo-0 epAWpq fzYpjk yle__article__paragraph\">Yksi suojelluista kohteista on Pitk\u00e4pytingin rauniot. T\u00e4m\u00e4 T\u00f6rn\u00e4v\u00e4n kartanon entisen ty\u00f6v\u00e4en asuntorakennuksen kivijalka on yli 200-vuotias.<\/p>\n<p class=\"aw__sc-1qwuw0s-0 aw__sc-ngllmo-0 epAWpq fzYpjk yle__article__paragraph\">\u2013 Se on hyvin keskeinen osa T\u00f6rn\u00e4v\u00e4n kulttuurihistoriaa, ja se on haluttu suojella.<\/p>\n<p><img decoding=\"async\" alt=\"Museotoimenjohtaja Riku H\u00e4m\u00e4l\u00e4inen T\u00f6rn\u00e4v\u00e4n kiviaidan vierell\u00e4.\" src=\"https:\/\/www.europesays.com\/fi\/wp-content\/uploads\/2026\/06\/1781015242.jpeg\" loading=\"lazy\" class=\"aw__sc-dklauk-0 LPzKX\"\/><\/p>\n<p>Avaa kuvien katselu<\/p>\n<p>Sein\u00e4joen museotoimenjohtaja Riku H\u00e4m\u00e4l\u00e4inen ymm\u00e4rt\u00e4\u00e4, ett\u00e4 kiellettyj\u00e4 paikkoja voi olla vaikea erottaa sallituista. Kuva: Anne Elhaimer \/ YleTavis ei erota, mik\u00e4 on suojeltua<\/p>\n<p class=\"aw__sc-1qwuw0s-0 aw__sc-ngllmo-0 epAWpq fzYpjk yle__article__paragraph\">Tavallisen ihmisen voi olla vaikea tiet\u00e4\u00e4, mitk\u00e4 kohteet ovat suojeltuja.<\/p>\n<p class=\"aw__sc-1qwuw0s-0 aw__sc-ngllmo-0 epAWpq fzYpjk yle__article__paragraph\">H\u00e4m\u00e4l\u00e4inen antaa nyrkkis\u00e4\u00e4nn\u00f6n, minne kivi\u00e4 ei voi piilottaa: jos ihminen on varta vasten kasannut kivi\u00e4 eik\u00e4 asetelma ole luonnonmuodostelma, silloin siihen ei saa kajota.<\/p>\n<p class=\"aw__sc-1qwuw0s-0 aw__sc-ngllmo-0 epAWpq fzYpjk yle__article__paragraph\">\u2013 Kaikki sellainen, mik\u00e4 selv\u00e4sti on ihmisen tekem\u00e4\u00e4 rakennelmaa, todenn\u00e4k\u00f6isesti kuuluu suojeltuun kulttuuriperint\u00f6\u00f6n.<\/p>\n<p class=\"aw__sc-1qwuw0s-0 aw__sc-ngllmo-0 epAWpq fzYpjk yle__article__paragraph\">My\u00f6s T\u00f6rn\u00e4v\u00e4n alueella sijaitseva historiallinen kiviaita kuuluu siksi suojeltuun kulttuuriperint\u00f6\u00f6n, vaikka se ei olekaan muinaismuistolain piiriss\u00e4.<\/p>\n<p><img decoding=\"async\" alt=\"T\u00f6rn\u00e4v\u00e4n museoalueen vanha kiviaita.\" src=\"https:\/\/www.europesays.com\/fi\/wp-content\/uploads\/2026\/06\/1781015621.jpeg\" loading=\"lazy\" class=\"aw__sc-dklauk-0 LPzKX\"\/><\/p>\n<p>Avaa kuvien katselu<\/p>\n<p>Jos aidasta aletaan nostella kivi\u00e4, se saattaa muuttaa rakennetta niin, ett\u00e4 voi aiheuttaa vaurioita jatkossa, H\u00e4m\u00e4l\u00e4inen varoittaa. Kuva: Anne Elhaimer \/ Yle<\/p>\n<p class=\"aw__sc-1qwuw0s-0 aw__sc-ngllmo-0 epAWpq fzYpjk yle__article__paragraph\">Harrastus, jossa luonnonkivi\u00e4 maalataan ja piilotetaan luontoon tai yleisille paikoille l\u00f6ydett\u00e4viksi.<\/p>\n<p class=\"aw__sc-1qwuw0s-0 aw__sc-ngllmo-0 epAWpq fzYpjk yle__article__paragraph\">Kivien takapuolelle maalataan tieto Facebookin kiviryhm\u00e4st\u00e4 tai FB-tunnus. Ideana on kuvata l\u00f6yt\u00f6 sek\u00e4 kertoa, mist\u00e4 kivi l\u00f6ytyi.<\/p>\n<p class=\"aw__sc-1qwuw0s-0 aw__sc-ngllmo-0 epAWpq fzYpjk yle__article__paragraph\">L\u00f6ydetyt kivet voi pit\u00e4\u00e4 itse tai piilottaa uudelleen l\u00f6ydett\u00e4viksi. Parhaimmillaan sama kivi voi \u201dmatkustaa\u201d pitki\u00e4kin matkoja.<\/p>\n<p>Tiet\u00e4m\u00e4tt\u00f6myytt\u00e4, ei tahallista ilkivaltaa<\/p>\n<p class=\"aw__sc-1qwuw0s-0 aw__sc-ngllmo-0 epAWpq fzYpjk yle__article__paragraph\">Riku H\u00e4m\u00e4l\u00e4inen ei usko, ett\u00e4 kyse on tahallisesta ilkivallasta vaan tiet\u00e4m\u00e4tt\u00f6myydest\u00e4 ja ymm\u00e4rt\u00e4m\u00e4tt\u00f6myydest\u00e4.<\/p>\n<p class=\"aw__sc-1qwuw0s-0 aw__sc-ngllmo-0 epAWpq fzYpjk yle__article__paragraph\">\u2013 Uskon vakaasti, ett\u00e4 kun ihmiset ymm\u00e4rt\u00e4v\u00e4t, miksi n\u00e4it\u00e4 s\u00e4ilytet\u00e4\u00e4n ja mik\u00e4 niiden arvo on, he kunnioittavat historiallista perint\u00f6\u00e4.<\/p>\n<p class=\"aw__sc-1qwuw0s-0 aw__sc-ngllmo-0 epAWpq fzYpjk yle__article__paragraph\">Museotoimenjohtaja ei kuitenkaan halua est\u00e4\u00e4 ihmisi\u00e4 k\u00e4ytt\u00e4m\u00e4st\u00e4 museoaluetta.<\/p>\n<p class=\"aw__sc-1qwuw0s-0 aw__sc-ngllmo-0 epAWpq fzYpjk yle__article__paragraph\">\u2013 Toivomme, ett\u00e4 museoalue olisi el\u00e4v\u00e4 paikka. Siell\u00e4 voi viett\u00e4\u00e4 aikaa ja k\u00e4ytt\u00e4\u00e4 sit\u00e4 fiksusti harkiten \u2013 kun ei kajota mihink\u00e4\u00e4n, mit\u00e4\u00e4n ei siirret\u00e4 eik\u00e4 rikota. Esimerkiksi portaiden juureen voi laittaa kiven.<\/p>\n<p class=\"aw__sc-1qwuw0s-0 aw__sc-ngllmo-0 epAWpq fzYpjk yle__article__paragraph\">H\u00e4m\u00e4l\u00e4inen toivoo, ett\u00e4 vanhemmat valistaisivat my\u00f6s lapsia asiasta.<\/p>\n<p><img decoding=\"async\" alt=\"Maalattu Finstones-kivi k\u00e4dess\u00e4.\" src=\"https:\/\/www.europesays.com\/fi\/wp-content\/uploads\/2026\/06\/1781013838.jpeg\" loading=\"lazy\" class=\"aw__sc-dklauk-0 LPzKX\"\/><\/p>\n<p>Avaa kuvien katselu<\/p>\n<p>Finstones-harrastuksessa tarkoitus on kuvata kivi ja jakaa tieto kiven l\u00f6yt\u00f6paikasta Facebook-ryhm\u00e4ss\u00e4. Kuva: Anne Elhaimer \/ YleVaasassa kivi\u00e4 eksynyt my\u00f6s hautausmaalle<\/p>\n<p class=\"aw__sc-1qwuw0s-0 aw__sc-ngllmo-0 epAWpq fzYpjk yle__article__paragraph\">Kivet ovat l\u00f6yt\u00e4neet tiens\u00e4 my\u00f6s seurakuntien maille.<\/p>\n<p class=\"aw__sc-1qwuw0s-0 aw__sc-ngllmo-0 epAWpq fzYpjk yle__article__paragraph\">Vaasan suomalaisen seurakunnan hautaustoimen p\u00e4\u00e4llikk\u00f6 <strong class=\"aw__sc-ngllmo-2 gdRrun yle__article__strong\">Leila Roininen<\/strong> kertoo, ett\u00e4 maalattuja kivi\u00e4 on l\u00f6ytynyt ainakin p\u00e4\u00e4kirkon pihalta keskustasta ja jonkin verran hautausmaalta.<\/p>\n<p class=\"aw__sc-1qwuw0s-0 aw__sc-ngllmo-0 epAWpq fzYpjk yle__article__paragraph\">Roinisen mukaansa kivist\u00e4 ei ole sin\u00e4ns\u00e4 haittaa, mutta niiden asianmukainen k\u00e4sittely on t\u00e4rke\u00e4\u00e4.<\/p>\n<p class=\"aw__sc-1qwuw0s-0 aw__sc-ngllmo-0 epAWpq fzYpjk yle__article__paragraph\">\u2013 Olisi t\u00e4rke\u00e4, ett\u00e4 ne lakattaisiin hyvin, ettei niist\u00e4 irtoa mikromuovia tai vastaavaa, h\u00e4n painottaa.<\/p>\n<p class=\"aw__sc-1qwuw0s-0 aw__sc-ngllmo-0 epAWpq fzYpjk yle__article__paragraph\">Roininen kertoo l\u00f6yt\u00e4neens\u00e4 viime kes\u00e4n\u00e4 kirkon pihalta kiven, jossa maali oli kupruilemassa pinnasta. Vaikka useimmat k\u00e4ytt\u00e4v\u00e4t akryylimaaleja, jotka ovat turvallisia, ongelmana on, ettei kukaan voi tiet\u00e4\u00e4 varmasti, mit\u00e4 maaleja kukin k\u00e4ytt\u00e4\u00e4.<\/p>\n<p class=\"aw__sc-1qwuw0s-0 aw__sc-ngllmo-0 epAWpq fzYpjk yle__article__paragraph\">Erityisesti hautausmailla kivien sijoittamisessa tulee noudattaa harkintaa.<\/p>\n<p class=\"aw__sc-1qwuw0s-0 aw__sc-ngllmo-0 epAWpq fzYpjk yle__article__paragraph\">\u2013 Mieluummin piilottaa yleisille alueille, ei kenenk\u00e4\u00e4n haudoille, Roininen korostaa.<\/p>\n<p><strong class=\"aw__sc-1td3why-5 ggOeli\">Finstones-kivi\u00e4 ei saa piilottaa minne tahansa<\/strong><\/p>\n<p>Facebook-ryhm\u00e4 muistuttaa s\u00e4\u00e4nn\u00f6ist\u00e4<\/p>\n<p class=\"aw__sc-1qwuw0s-0 aw__sc-ngllmo-0 epAWpq fzYpjk yle__article__paragraph\">Finstonesin Facebook-ryhm\u00e4n yll\u00e4pito on joutunut muistuttamaan harrastajia vastuullisuudesta useiden yhteydenottojen j\u00e4lkeen.<\/p>\n<p class=\"aw__sc-1qwuw0s-0 aw__sc-ngllmo-0 epAWpq fzYpjk yle__article__paragraph\">Ryhm\u00e4n p\u00e4ivityksess\u00e4 kehotetaan kunnioittamaan ymp\u00e4rist\u00f6\u00e4 kaikissa piilotuspaikoissa, olipa kyse luonnosta, puistoista, vanhoista rakennuksista tai kaupunkiymp\u00e4rist\u00f6st\u00e4.<\/p>\n<p class=\"aw__sc-1qwuw0s-0 aw__sc-ngllmo-0 epAWpq fzYpjk yle__article__paragraph\">Ryhm\u00e4n s\u00e4\u00e4nt\u00f6jen mukaan kivi\u00e4 ei saa piilotella suojelukohteisiin, museoihin, kansallispuistoihin, luonnonsuojelualueille eik\u00e4 sis\u00e4tiloihin \u2013 kauppakeskusten julkisia osia ja asematiloja lukuun ottamatta. N\u00e4ist\u00e4 paikoista l\u00f6ytyneit\u00e4 kivi\u00e4 ei my\u00f6sk\u00e4\u00e4n saa julkaista ryhm\u00e4ss\u00e4.<\/p>\n","protected":false},"excerpt":{"rendered":"Suosittu kivien maalaus- ja piilotusharrastus aiheuttaa ongelmia v\u00e4\u00e4rien piilopaikkojen vuoksi. Sein\u00e4joen ja Raision kaupungit ovat kielt\u00e4neet kivien j\u00e4tt\u00e4misen&hellip;\n","protected":false},"author":2,"featured_media":272701,"comment_status":"","ping_status":"","sticky":false,"template":"","format":"standard","meta":{"footnotes":"","_share_on_mastodon":"0"},"categories":[117],"tags":[1377,33,31,30,6298,15509,71,37122,72,476,449,2323,118,680,32,119,477],"class_list":["post-272700","post","type-post","status-publish","format-standard","has-post-thumbnail","category-luonto","tag-etela-pohjanmaa","tag-fi","tag-finland","tag-finnish","tag-hautausmaat","tag-kirkot","tag-kotimaa","tag-luonnonkivet","tag-luonto","tag-nature","tag-pohjanmaa","tag-puutarhanhoito","tag-science","tag-seinajoki","tag-suomi","tag-tiede","tag-wildlife"],"share_on_mastodon":{"url":"https:\/\/pubeurope.com\/@fi\/116725148213095518","error":""},"_links":{"self":[{"href":"https:\/\/www.europesays.com\/fi\/wp-json\/wp\/v2\/posts\/272700","targetHints":{"allow":["GET"]}}],"collection":[{"href":"https:\/\/www.europesays.com\/fi\/wp-json\/wp\/v2\/posts"}],"about":[{"href":"https:\/\/www.europesays.com\/fi\/wp-json\/wp\/v2\/types\/post"}],"author":[{"embeddable":true,"href":"https:\/\/www.europesays.com\/fi\/wp-json\/wp\/v2\/users\/2"}],"replies":[{"embeddable":true,"href":"https:\/\/www.europesays.com\/fi\/wp-json\/wp\/v2\/comments?post=272700"}],"version-history":[{"count":0,"href":"https:\/\/www.europesays.com\/fi\/wp-json\/wp\/v2\/posts\/272700\/revisions"}],"wp:featuredmedia":[{"embeddable":true,"href":"https:\/\/www.europesays.com\/fi\/wp-json\/wp\/v2\/media\/272701"}],"wp:attachment":[{"href":"https:\/\/www.europesays.com\/fi\/wp-json\/wp\/v2\/media?parent=272700"}],"wp:term":[{"taxonomy":"category","embeddable":true,"href":"https:\/\/www.europesays.com\/fi\/wp-json\/wp\/v2\/categories?post=272700"},{"taxonomy":"post_tag","embeddable":true,"href":"https:\/\/www.europesays.com\/fi\/wp-json\/wp\/v2\/tags?post=272700"}],"curies":[{"name":"wp","href":"https:\/\/api.w.org\/{rel}","templated":true}]}}