{"id":272731,"date":"2026-06-10T10:30:16","date_gmt":"2026-06-10T10:30:16","guid":{"rendered":"https:\/\/www.europesays.com\/fi\/272731\/"},"modified":"2026-06-10T10:30:16","modified_gmt":"2026-06-10T10:30:16","slug":"sisakylpyla-keikkapaikka-iso-saunamaailma-tallainen-on-allas-poolin-65-miljoonan-jattiuudistus-paikalliset","status":"publish","type":"post","link":"https:\/\/www.europesays.com\/fi\/272731\/","title":{"rendered":"Sis\u00e4kylpyl\u00e4, keikkapaikka, iso saunamaailma \u2013 t\u00e4llainen on Allas Poolin 65 miljoonan j\u00e4ttiuudistus | Paikalliset"},"content":{"rendered":"<p>Katajanokalla sijaitseva merikylpyl\u00e4 Allas Pool uudistuu merkitt\u00e4v\u00e4sti tulevina vuosina.<\/p>\n<p>Nykyinen merikylpyl\u00e4 aiotaan purkaa ja tilalle rakentaa kokonaan uusi Allas Pool II.<\/p>\n<p>\t\t\t\t\t<img class=\"diks-card__image\" src=\"https:\/\/www.europesays.com\/fi\/wp-content\/uploads\/2026\/06\/8003997.jpg\"   loading=\"lazy\" decoding=\"sync\" alt=\"\"\/><\/p>\n<p><strong class=\"diks-storyline__impact\">Suunnitelmissa on<\/strong> noin 10\u2009000 kerrosneli\u00f6metrin suuruinen kylpyl\u00e4toiminnan, hyvinvoinnin ja kaupunkitapahtumien keskus.<\/p>\n<p>Nykyisten palveluiden rinnalle on suunnitteilla muun muassa nykyist\u00e4 laajempi saunamaailma ja allasalue, sis\u00e4kylpyl\u00e4 ja ymp\u00e4rivuotisiin tapahtumiin sopivat konsertti- ja konferenssitilat.<\/p>\n<p>Nordic Urban Oy:n hankekehitysjohtaja <strong>Petteri Lautso <\/strong>kertoo Helsingin Uutisille, ett\u00e4 esimerkiksi ulkokonsertteja on tarkoitus j\u00e4rjest\u00e4\u00e4 my\u00f6s tulevaisuudessa.<\/p>\n<p>\u2013\u2009T\u00e4m\u00e4n lis\u00e4ksi tulee sis\u00e4tilat, joissa konsertteja voi j\u00e4rjest\u00e4\u00e4 ymp\u00e4rivuotisesti, Lautso kertoo.<\/p>\n<p>H\u00e4n ei viel\u00e4 kommentoi sit\u00e4, kuinka paljon sis\u00e4tiloihin mahtuisi ihmisi\u00e4.<\/p>\n<p>\u2013\u2009Kaikki riippuu kaavoituksesta. Sis\u00e4lle ihmisi\u00e4 voisi mahtua suurin piirtein saman verran kuin nyt ulos, h\u00e4n pohtii.<\/p>\n<p>Koko hankkeen arvioitu budjetti on 65 miljoonaa euroa, mutta se t\u00e4smentyy hankesuunnittelun edetess\u00e4.<\/p>\n<p>My\u00f6s hankkeen varsinainen laajuus tarkentuu jatkosuunnittelun ja kumppanuuskaavoituksen aikana.<\/p>\n<p><strong class=\"diks-storyline__impact\">Kaupunkiymp\u00e4rist\u00f6lautakunta<\/strong> my\u00f6nsi tiistaina kokouksessaan (9.6.) kehitt\u00e4misvarauksen Allas Poolia hallinnoivalle kiinteist\u00f6kehitysyhti\u00f6 Nordic Urbanille. Lautakunta esitt\u00e4\u00e4 kaupunginhallituksen elinkeinojaostolle Katajanokalta varatun maa- ja vesialueen varauksen jatkamista sek\u00e4 varausalueen laajentamista kylpyl\u00e4-, hyvinvointi- ja kaupunkikulttuurikeskuksen kehitt\u00e4mist\u00e4 ja toteutusedellytysten jatkoselvitt\u00e4mist\u00e4 varten.<\/p>\n<p>Kaupungilla on parhaillaan k\u00e4ynniss\u00e4 Etel\u00e4sataman kehityshanke.<\/p>\n<p>Kehityshankkeessa Katajanokan kaupunkirakenne laajenee Etel\u00e4sataman rannalle. Hankkeessa muun muassa parannetaan alueen tulvasuojausta korjaamalla rantamuuria, mink\u00e4 vuoksi maanpinnan korkeus ranta-alueilla nousee.<\/p>\n<p>Rantamuurin korjauksen takia my\u00f6s nykyinen Allas Pool -rakennus puretaan.<\/p>\n<p>\u2013\u2009Nykyisen Allas Poolin oli alunperinkin tarkoitus olla m\u00e4\u00e4r\u00e4aikainen hanke, jonka vuokrasopimus p\u00e4\u00e4ttyy vuonna 2030, Lautso muistuttaa tiedotteessa.<\/p>\n<p><strong class=\"diks-storyline__impact\">Viel\u00e4 ei ole tiedossa,<\/strong> milloin nykyinen rakennus puretaan tai uuden rakennuksen rakennusty\u00f6t alkavat.<\/p>\n<p>\u2013\u2009Kaikki riippuu kaavoituksen aikataulusta, Lautso kertoo.<\/p>\n<p>Lis\u00e4ksi rantamuurin korjausty\u00f6t ja rakennuslupaprosessi on saatettava loppuun ennen kuin rakennusty\u00f6t voidaan aloittaa.<\/p>\n<p>Ent\u00e4 j\u00e4\u00e4k\u00f6 Helsinki uuden Allas Pool II:n rakentamisen ajaksi kokonaan ilman merikylpyl\u00e4\u00e4?<\/p>\n<p>Lautson mukaan he ovat esitt\u00e4neet kaupungille toiveen siit\u00e4, ett\u00e4 vanha merikylpyl\u00e4 voisi toimia uuden merikylpyl\u00e4n rakentamist\u00f6iden ajan jossain toisessa paikassa Helsingiss\u00e4.<\/p>\n<p>\u2013\u2009Toive on, ett\u00e4 kelluvaa tasoa voisi osittain tai kokonaan hy\u00f6dynt\u00e4\u00e4 jossain muussa paikassa. Olemme hakeneet aktiivisesti kaupungin kanssa yhteisty\u00f6ss\u00e4 paikkaa. Toiveemme on kuultu, h\u00e4n toteaa ja jatkaa, ett\u00e4 lopullisia p\u00e4\u00e4t\u00f6ksi\u00e4 ei ole viel\u00e4 tehty.<\/p>\n<p>Lautso ei kommentoi sit\u00e4, miss\u00e4 v\u00e4liaikainen merikylpyl\u00e4 voisi sijaita.<\/p>\n<p><strong class=\"diks-storyline__impact\">Tulevasta merikylpyl\u00e4st\u00e4 <\/strong>aiotaan j\u00e4rjest\u00e4\u00e4 kansainv\u00e4linen arkkitehtuurikilpailu viel\u00e4 t\u00e4n\u00e4 vuonna.<\/p>\n<p>Kilpailussa suunnitellaan paikkaan sopivin konsepti. Konseptia k\u00e4ytet\u00e4\u00e4n kaavoitusty\u00f6n pohjana.<\/p>\n<p>\u2013\u2009Yleis\u00f6n on mahdollista kommentoida konseptia kaavoitusprosessin eri vaiheissa. Sen lis\u00e4ksi haluamme osallistaa ihmisi\u00e4 konseptin kehitt\u00e4miseen kyselyin ja tapahtumin suunnittelun edetess\u00e4, Lautso sanoo tiedotteessa.<\/p>\n<p><strong class=\"diks-storyline__impact\">Nykyisen Allas Poolin <\/strong>toiminta alkoi 1. syyskuuta 2016.<\/p>\n<p>Merikylpyl\u00e4ss\u00e4 k\u00e4y noin 800\u2009000 vierailijaa vuosittain.<\/p>\n<p>P\u00e4ivitetty 10.6. klo 13.03. Korjattu nykyisen Allas Poolin avautumisen vuosiluku oikeaksi.<\/p>\n<p>\t\t\t\t\t<img class=\"diks-card__image\" src=\"https:\/\/www.europesays.com\/fi\/wp-content\/uploads\/2026\/06\/11381240.jpg\"   loading=\"lazy\" decoding=\"sync\" alt=\"\"\/><\/p>\n<p>\t\t\t\t\t<img class=\"diks-card__image\" src=\"https:\/\/www.europesays.com\/fi\/wp-content\/uploads\/2026\/06\/7141148.jpg\"   loading=\"lazy\" decoding=\"sync\" alt=\"\"\/><\/p>\n<p>\t\t\t\t\t<img class=\"diks-card__image\" src=\"https:\/\/www.europesays.com\/fi\/wp-content\/uploads\/2026\/06\/11305405.jpg\"   loading=\"lazy\" decoding=\"sync\" alt=\"\"\/><\/p>\n<p>\t\t\t\t\t<img class=\"diks-card__image\" src=\"https:\/\/www.europesays.com\/fi\/wp-content\/uploads\/2026\/06\/9102203.jpg\"   loading=\"lazy\" decoding=\"sync\" alt=\"\"\/><\/p>\n<p>\t\t\t\t\t<img class=\"diks-card__image\" src=\"https:\/\/www.europesays.com\/fi\/wp-content\/uploads\/2026\/06\/10576877.jpg\"   loading=\"lazy\" decoding=\"sync\" alt=\"\"\/><\/p>\n","protected":false},"excerpt":{"rendered":"Katajanokalla sijaitseva merikylpyl\u00e4 Allas Pool uudistuu merkitt\u00e4v\u00e4sti tulevina vuosina. Nykyinen merikylpyl\u00e4 aiotaan purkaa ja tilalle rakentaa kokonaan uusi&hellip;\n","protected":false},"author":2,"featured_media":272732,"comment_status":"","ping_status":"","sticky":false,"template":"","format":"standard","meta":{"footnotes":"","_share_on_mastodon":"0"},"categories":[12],"tags":[22,23,26,27,33,31,30,17,4106,104,24,25,28,29,15,18,21,2305,402,32,19,20,16],"class_list":["post-272731","post","type-post","status-publish","format-standard","has-post-thumbnail","category-suomi","tag-breaking-news","tag-breakingnews","tag-featured-news","tag-featurednews","tag-fi","tag-finland","tag-finnish","tag-headlines","tag-helsingin-kaupunki-hallinto","tag-helsinki","tag-latest-news","tag-latestnews","tag-main-news","tag-mainnews","tag-news","tag-otsikot","tag-paauutiset","tag-puheenaiheet","tag-rakentaminen-kiinteistot","tag-suomi","tag-top-stories","tag-topstories","tag-uutiset"],"share_on_mastodon":{"url":"https:\/\/pubeurope.com\/@fi\/116725352360546367","error":""},"_links":{"self":[{"href":"https:\/\/www.europesays.com\/fi\/wp-json\/wp\/v2\/posts\/272731","targetHints":{"allow":["GET"]}}],"collection":[{"href":"https:\/\/www.europesays.com\/fi\/wp-json\/wp\/v2\/posts"}],"about":[{"href":"https:\/\/www.europesays.com\/fi\/wp-json\/wp\/v2\/types\/post"}],"author":[{"embeddable":true,"href":"https:\/\/www.europesays.com\/fi\/wp-json\/wp\/v2\/users\/2"}],"replies":[{"embeddable":true,"href":"https:\/\/www.europesays.com\/fi\/wp-json\/wp\/v2\/comments?post=272731"}],"version-history":[{"count":0,"href":"https:\/\/www.europesays.com\/fi\/wp-json\/wp\/v2\/posts\/272731\/revisions"}],"wp:featuredmedia":[{"embeddable":true,"href":"https:\/\/www.europesays.com\/fi\/wp-json\/wp\/v2\/media\/272732"}],"wp:attachment":[{"href":"https:\/\/www.europesays.com\/fi\/wp-json\/wp\/v2\/media?parent=272731"}],"wp:term":[{"taxonomy":"category","embeddable":true,"href":"https:\/\/www.europesays.com\/fi\/wp-json\/wp\/v2\/categories?post=272731"},{"taxonomy":"post_tag","embeddable":true,"href":"https:\/\/www.europesays.com\/fi\/wp-json\/wp\/v2\/tags?post=272731"}],"curies":[{"name":"wp","href":"https:\/\/api.w.org\/{rel}","templated":true}]}}