{"id":272779,"date":"2026-06-10T11:43:11","date_gmt":"2026-06-10T11:43:11","guid":{"rendered":"https:\/\/www.europesays.com\/fi\/272779\/"},"modified":"2026-06-10T11:43:11","modified_gmt":"2026-06-10T11:43:11","slug":"robert-helenius-mika-muodonmuutos-seiska","status":"publish","type":"post","link":"https:\/\/www.europesays.com\/fi\/272779\/","title":{"rendered":"Robert Helenius: Mik\u00e4 muodonmuutos! | Seiska"},"content":{"rendered":"<p class=\"article-content article-content-width !bg-background\">Entinen raskaan sarjan nyrkkeilij\u00e4 <a alt=\"Haku\" class=\"text-primary-red font-extrabold\" href=\"https:\/\/www.seiska.fi\/haku?q=Robert Helenius\" rel=\"nofollow noopener\" target=\"_blank\">Robert Helenius<\/a> aloitti ammattilaisuransa vuonna 2008. Jo ennen tuota karpaasi oli napannut nimiins\u00e4 useamman Suomen mestaruuden.\u00a0<\/p>\n<p class=\"font-weight-bold m-font-weight-bold article-content article-content-width !bg-background\">Video: Robert Heleniuksen m\u00e4tt\u00f6matsi her\u00e4tti huomiota:<\/p>\n<p class=\"article-content article-content-width !bg-background\">Viime syksyn\u00e4 Robert ilmoitti lopettavansa nyrkkeilyuransa. P\u00e4\u00e4t\u00f6st\u00e4 edelsi kahden vuoden toimintakielto dopingrikkomuksesta.\u00a0<\/p>\n<p>Uusi ura<\/p>\n<p class=\"article-content article-content-width !bg-background\">T\u00e4ysin Robert ei kuitenkaan ole hanskoja ripustanut naulaan. H\u00e4n toimii nyky\u00e4\u00e4n porvoolaisen Nordic Nightmare Boxing -seuran p\u00e4\u00e4valmentajana.\u00a0<\/p>\n<p>                <img decoding=\"async\" src=\"https:\/\/www.europesays.com\/fi\/wp-content\/uploads\/2026\/06\/2177345.webp\" width=\"576\" height=\"322\" alt=\"Robert kohtasi Derek Chisoran keh\u00e4ss\u00e4 2011.\" loading=\"lazy\" \/>            <\/p>\n<p>\n            Robert kohtasi Derek Chisoran keh\u00e4ss\u00e4 2011.<br \/>\n            Ari Lahti\n        <\/p>\n<p class=\"article-content article-content-width !bg-background\">Syksyll\u00e4 2025 Robert teki uuden aluevaltauksen. H\u00e4n perusti Tactical Gym -nimisen kuntosalin Helsingin S\u00f6rn\u00e4isiin. Kuntokeskusta Robertin kanssa py\u00f6ritt\u00e4\u00e4 Erikoisjoukoista tuttu kouluttaja <a alt=\"Haku\" class=\"text-primary-red font-extrabold\" href=\"https:\/\/www.seiska.fi\/haku?q=Matias Pet\u00e4ist\u00f6\" rel=\"nofollow noopener\" target=\"_blank\">Matias Pet\u00e4ist\u00f6<\/a>.\u00a0<\/p>\n<p class=\"article-content article-content-width !bg-background\">Robert on kohdannut muutoksia my\u00f6s yksityisel\u00e4m\u00e4ns\u00e4 puolella. Kev\u00e4\u00e4ll\u00e4 ex-missi ja juontaja <a alt=\"Haku\" class=\"text-primary-red font-extrabold\" href=\"https:\/\/www.seiska.fi\/haku?q=Viivi Pumpanen\" rel=\"nofollow noopener\" target=\"_blank\">Viivi Pumpanen<\/a> vihjasi h\u00e4nen ja Robertin parivuotisen suhteen tulleen p\u00e4\u00e4t\u00f6kseen.\u00a0\u00a0<\/p>\n<p>                <img decoding=\"async\" src=\"https:\/\/www.europesays.com\/fi\/wp-content\/uploads\/2026\/06\/2177358.webp\" width=\"576\" height=\"720\" alt=\"Robert kuvattuna Maarianhaminassa vuonna 2021. Tuttu mies, mutta hivenen nykyist\u00e4 pehme\u00e4mpi olemus.\" loading=\"lazy\" \/>            <\/p>\n<p>\n            Robert kuvattuna Maarianhaminassa vuonna 2021. Tuttu mies, mutta hivenen nykyist\u00e4 pehme\u00e4mpi olemus.<br \/>\n            Pasi Murto\n        <\/p>\n<p>Muuttunut mies<\/p>\n<p class=\"article-content article-content-width !bg-background\">Liek\u00f6 kyse uudelleen l\u00f6ytyneest\u00e4 treeni-innosta vai niin kutsutusta kostokropasta, mutta Robert on muuttunut mies my\u00f6s ulkoisesti. Tuoreiden kuvien perusteella nyrkkeilij\u00e4j\u00e4tti on t\u00e4t\u00e4 nyky\u00e4 huomattavan timmiss\u00e4 kunnossa.\u00a0<\/p>\n<p class=\"article-content article-content-width !bg-background\">Instagram-julkaisuistaan p\u00e4\u00e4tellen Robert on viihtynyt my\u00f6s auringossa. Miehen ihoa koristaa syv\u00e4 rusketus.\u00a0<\/p>\n<p class=\"article-content article-content-width !bg-background\"><a href=\"https:\/\/www.instagram.com\/p\/DVjEh3jDOWr\/?img_index=2\" target=\"_blank\" rel=\"nofollow noopener\">Tatuointipenkiss\u00e4kin Robert on piipahtanut<\/a>. Lis\u00e4\u00e4 leimoja on ilmestynyt niin t\u00e4m\u00e4n kaulaan kuin olkap\u00e4\u00e4-takaraivo-akselillekin.\u00a0<\/p>\n<p class=\"article-content article-content-width !bg-background\">My\u00f6s jokin Robertin olemuksessa tuntuu muuttuneen. Mallia poseeraukseen h\u00e4n n\u00e4ytt\u00e4\u00e4 ainakin saaneen yst\u00e4v\u00e4lt\u00e4\u00e4n Matiakselta.<\/p>\n<p class=\"article-content article-content-width !bg-background\">Pohjoisen painajaisena nyrkkeilyaikoinaan tunnettu kaksimetrinen Robert suorastaan huokuu<a href=\"https:\/\/www.instagram.com\/p\/DZMyCIWDvGA\/?img_index=1\" target=\"_blank\" rel=\"nofollow noopener\"> tuoreimmassa otoksessa<\/a> samanlaista energiaa, kuin Matias alkuvuoden Emma Gaalassa.\u00a0<\/p>\n<p>                <img loading=\"lazy\" decoding=\"async\" src=\"https:\/\/www.europesays.com\/fi\/wp-content\/uploads\/2026\/06\/2177256.webp\" width=\"576\" height=\"720\" alt=\"Sek\u00e4 Matias ett\u00e4 Robert suosivat varsin vakavailmeisi\u00e4 poseerauksia. My\u00f6s aurinkolasit ovat olennainen osa kummankin komistuksen tyyli\u00e4.\" \/>            <\/p>\n<p>\n            Sek\u00e4 Matias ett\u00e4 Robert suosivat varsin vakavailmeisi\u00e4 poseerauksia. My\u00f6s aurinkolasit ovat olennainen osa kummankin komistuksen tyyli\u00e4.<br \/>\n            Matti Matikainen\n        <\/p>\n<p><script async src=\"\/\/www.instagram.com\/embed.js\"><\/script><\/p>\n","protected":false},"excerpt":{"rendered":"Entinen raskaan sarjan nyrkkeilij\u00e4 Robert Helenius aloitti ammattilaisuransa vuonna 2008. Jo ennen tuota karpaasi oli napannut nimiins\u00e4 useamman&hellip;\n","protected":false},"author":2,"featured_media":272780,"comment_status":"","ping_status":"","sticky":false,"template":"","format":"standard","meta":{"footnotes":"","_share_on_mastodon":"0"},"categories":[130],"tags":[3096,137,1664,33,31,30,8803,212,2156,4436,3270,5232,32,939,201,160,109,5631],"class_list":["post-272779","post","type-post","status-publish","format-standard","has-post-thumbnail","category-viihde","tag-elamanmuutos","tag-entertainment","tag-ero","tag-fi","tag-finland","tag-finnish","tag-kuntosali","tag-lifestyle","tag-matias-petaisto","tag-muodonmuutos","tag-nyrkkeily","tag-robert-helenius","tag-suomi","tag-tyo","tag-ura","tag-urheilu","tag-viihde","tag-viivi-pumpanen"],"share_on_mastodon":{"url":"https:\/\/pubeurope.com\/@fi\/116725639272264932","error":""},"_links":{"self":[{"href":"https:\/\/www.europesays.com\/fi\/wp-json\/wp\/v2\/posts\/272779","targetHints":{"allow":["GET"]}}],"collection":[{"href":"https:\/\/www.europesays.com\/fi\/wp-json\/wp\/v2\/posts"}],"about":[{"href":"https:\/\/www.europesays.com\/fi\/wp-json\/wp\/v2\/types\/post"}],"author":[{"embeddable":true,"href":"https:\/\/www.europesays.com\/fi\/wp-json\/wp\/v2\/users\/2"}],"replies":[{"embeddable":true,"href":"https:\/\/www.europesays.com\/fi\/wp-json\/wp\/v2\/comments?post=272779"}],"version-history":[{"count":0,"href":"https:\/\/www.europesays.com\/fi\/wp-json\/wp\/v2\/posts\/272779\/revisions"}],"wp:featuredmedia":[{"embeddable":true,"href":"https:\/\/www.europesays.com\/fi\/wp-json\/wp\/v2\/media\/272780"}],"wp:attachment":[{"href":"https:\/\/www.europesays.com\/fi\/wp-json\/wp\/v2\/media?parent=272779"}],"wp:term":[{"taxonomy":"category","embeddable":true,"href":"https:\/\/www.europesays.com\/fi\/wp-json\/wp\/v2\/categories?post=272779"},{"taxonomy":"post_tag","embeddable":true,"href":"https:\/\/www.europesays.com\/fi\/wp-json\/wp\/v2\/tags?post=272779"}],"curies":[{"name":"wp","href":"https:\/\/api.w.org\/{rel}","templated":true}]}}