{"id":272821,"date":"2026-06-10T12:41:12","date_gmt":"2026-06-10T12:41:12","guid":{"rendered":"https:\/\/www.europesays.com\/fi\/272821\/"},"modified":"2026-06-10T12:41:12","modified_gmt":"2026-06-10T12:41:12","slug":"kups-ei-saastele-suomen-cupin-kotipelissaan-urheilu","status":"publish","type":"post","link":"https:\/\/www.europesays.com\/fi\/272821\/","title":{"rendered":"KuPS ei s\u00e4\u00e4stele Suomen cupin kotipeliss\u00e4\u00e4n | Urheilu"},"content":{"rendered":"<p>Kuopion Palloseura ei pihtaile parhaita pelaajiaan keskiviikon Suomen cupin puoliv\u00e4lier\u00e4ottelussa, vaan KuPS laittaa Vaasan Palloseuraa vastaan kovan avauskent\u00e4llisen. Ottelu alkaa Kuopion Keskuskent\u00e4ll\u00e4 kello 17.<\/p>\n<p>Kotijoukkueen maalilla torjuu <strong>Johannes Kreidl<\/strong>. Kentt\u00e4pelaajina KuPSista aloittavat <strong>Clinton Antwi<\/strong>, <strong>Kasim Adams<\/strong>, <strong>Arttu L\u00f6tj\u00f6nen<\/strong>, <strong>Saku Savolainen<\/strong>, <strong>Petteri Pennanen<\/strong>, <strong>Valentin Gasc<\/strong>, <strong>Bob Nii Armah<\/strong>, <strong>Otto Ruoppi<\/strong>, <strong>Gustav Engvall <\/strong>ja <strong>Jaime Moreno<\/strong>.<\/p>\n<p>KuPSin vaihtopenkill\u00e4 on noussut <strong>Arttu Heinonen<\/strong>, joka on ollut loukkaantumisen takia sivussa peleist\u00e4 kuukauden ajan.<\/p>\n<p>Viimeisi\u00e4 pelej\u00e4\u00e4n KuPSissa pelaavan Ruopin kauden ottelutahti jatkuu hurjana. Maanantain alle 21-vuotiaiden Norja-maaottelun per\u00e4\u00e4n h\u00e4n on heti j\u00e4lleen mukana keltapaitojen avauskent\u00e4llisess\u00e4.<\/p>\n<p>Sen sijaan Pikkuhuuhkajien Norja-peliss\u00e4 sivussa ollut <strong>Niilo Kujasalo <\/strong>ei ole KuPSin vaihtopelaajienkaan joukossa VPS:\u00e4\u00e4 vastaan. Vaihdosta Norja-otteluun tullut <strong>Akseli Puukko <\/strong>aloittaa KuPSin vaihtopelaajana keskiviikkona.<\/p>\n<p>KuPS ja VPS kohtaavat my\u00f6s lauantain Veikkausliigan kierroksella Vaasassa.<\/p>\n","protected":false},"excerpt":{"rendered":"Kuopion Palloseura ei pihtaile parhaita pelaajiaan keskiviikon Suomen cupin puoliv\u00e4lier\u00e4ottelussa, vaan KuPS laittaa Vaasan Palloseuraa vastaan kovan avauskent\u00e4llisen.&hellip;\n","protected":false},"author":2,"featured_media":272822,"comment_status":"","ping_status":"","sticky":false,"template":"","format":"standard","meta":{"footnotes":"","_share_on_mastodon":"0"},"categories":[5],"tags":[22,23,26,27,33,31,30,17,43,2723,1132,3221,4141,24,25,41,28,29,15,18,21,2722,32,19,20,16],"class_list":["post-272821","post","type-post","status-publish","format-standard","has-post-thumbnail","category-otsikot","tag-breaking-news","tag-breakingnews","tag-featured-news","tag-featurednews","tag-fi","tag-finland","tag-finnish","tag-headlines","tag-jalkapallo","tag-kesateema","tag-kuopio","tag-kuopion-palloseura-kups","tag-kups","tag-latest-news","tag-latestnews","tag-liikunta-ja-urheilu","tag-main-news","tag-mainnews","tag-news","tag-otsikot","tag-paauutiset","tag-savon-kesa","tag-suomi","tag-top-stories","tag-topstories","tag-uutiset"],"share_on_mastodon":{"url":"https:\/\/pubeurope.com\/@fi\/116725867309553429","error":""},"_links":{"self":[{"href":"https:\/\/www.europesays.com\/fi\/wp-json\/wp\/v2\/posts\/272821","targetHints":{"allow":["GET"]}}],"collection":[{"href":"https:\/\/www.europesays.com\/fi\/wp-json\/wp\/v2\/posts"}],"about":[{"href":"https:\/\/www.europesays.com\/fi\/wp-json\/wp\/v2\/types\/post"}],"author":[{"embeddable":true,"href":"https:\/\/www.europesays.com\/fi\/wp-json\/wp\/v2\/users\/2"}],"replies":[{"embeddable":true,"href":"https:\/\/www.europesays.com\/fi\/wp-json\/wp\/v2\/comments?post=272821"}],"version-history":[{"count":0,"href":"https:\/\/www.europesays.com\/fi\/wp-json\/wp\/v2\/posts\/272821\/revisions"}],"wp:featuredmedia":[{"embeddable":true,"href":"https:\/\/www.europesays.com\/fi\/wp-json\/wp\/v2\/media\/272822"}],"wp:attachment":[{"href":"https:\/\/www.europesays.com\/fi\/wp-json\/wp\/v2\/media?parent=272821"}],"wp:term":[{"taxonomy":"category","embeddable":true,"href":"https:\/\/www.europesays.com\/fi\/wp-json\/wp\/v2\/categories?post=272821"},{"taxonomy":"post_tag","embeddable":true,"href":"https:\/\/www.europesays.com\/fi\/wp-json\/wp\/v2\/tags?post=272821"}],"curies":[{"name":"wp","href":"https:\/\/api.w.org\/{rel}","templated":true}]}}