{"id":27287,"date":"2025-09-06T11:24:08","date_gmt":"2025-09-06T11:24:08","guid":{"rendered":"https:\/\/www.europesays.com\/fi\/27287\/"},"modified":"2025-09-06T11:24:08","modified_gmt":"2025-09-06T11:24:08","slug":"venajan-armeijassa-hiv-epidemia-raju-ratkaisu","status":"publish","type":"post","link":"https:\/\/www.europesays.com\/fi\/27287\/","title":{"rendered":"Ven\u00e4j\u00e4n armeijassa hiv-epidemia \u2013 Raju ratkaisu"},"content":{"rendered":"<p>Palkka-armeija Wagnerin julma malli otetaan k\u00e4ytt\u00f6\u00f6n my\u00f6s Ven\u00e4j\u00e4n asevoimissa. <\/p>\n<p><img decoding=\"async\" class=\"image image-show image-preview\" src=\"https:\/\/www.europesays.com\/fi\/wp-content\/uploads\/2025\/09\/ff6b6d2d16bd34ab5bd6cf23723a6884755a49bc42488916a64c913b49278660.jpg\" alt=\"\"\/><img decoding=\"async\" class=\"image image-show\" src=\"https:\/\/www.europesays.com\/fi\/wp-content\/uploads\/2025\/09\/1757157848_454_ff6b6d2d16bd34ab5bd6cf23723a6884755a49bc42488916a64c913b49278660.jpg\" alt=\"\"\/><\/p>\n<p>Kuvituskuva. Dmitrii Melnikov \/ Alamy Stock Photo<\/p>\n<p class=\"paragraph\">Ven\u00e4j\u00e4n armeija aikoo perustaa erillisi\u00e4 yksik\u00f6it\u00e4 hiv- ja C-hepatiittitartunnan saaneista sotilaista.<\/p>\n<p class=\"paragraph\">Asiasta <a href=\"https:\/\/t.me\/akashevarova\/8169\" target=\"_blank\" rel=\"noopener nofollow\">kertoo<\/a> Telegram-kanavallaan <strong>Anastasia Ka\u0161evarova<\/strong>, entinen Izvestija-lehden p\u00e4\u00e4toimittaja, joka nykyisin tunnetaan Kremlin kantaa my\u00f6t\u00e4ilev\u00e4n\u00e4 sotapropagandistina ja mediapersoonana.<\/p>\n<p class=\"paragraph\">Ka\u0161evarova kertoo kirjoittaneensa hiljattain Ven\u00e4j\u00e4n asevoimissa kytev\u00e4st\u00e4 hiv-epidemiasta, josta my\u00f6s Iltalehti uutisoi <a href=\"https:\/\/www.iltalehti.fi\/ulkomaat\/cdf0f289-b6b3-4971-b948-32e429925f84\" rel=\"nofollow noopener\" target=\"_blank\">t\u00e4ss\u00e4 artikkelissa<\/a>.<\/p>\n<p class=\"paragraph\">Kirjoituksessaan h\u00e4n ehdotti ratkaisuksi erillisi\u00e4 yksik\u00f6it\u00e4 tartunnan saaneille. Asiaa on nyt l\u00e4hdetty edist\u00e4m\u00e4\u00e4n.<\/p>\n<p class=\"paragraph\">Tartunnan saaneiden on tarkoitus kantaa v\u00e4rillist\u00e4 k\u00e4sivarsinauhaa, josta heid\u00e4t voidaan tunnistaa ja varautua mahdollisiin haavoittumistilanteisiin, jotka voivat muodostaa tartuntariskin.<\/p>\n<p class=\"paragraph\">Vastaavanlainen malli oli k\u00e4yt\u00f6ss\u00e4 palkka-armeija Wagnerissa.<\/p>\n<p class=\"paragraph\">Ka\u0161evarovan mukaan armeija ottaakin mallia Wagnerin kokemuksista, joissa tartunnan saaneet sotilaat palvelivat erillisiss\u00e4 yksik\u00f6iss\u00e4, jotka tunnettiin englanninkielisell\u00e4 nimell\u00e4 Umbrella.<\/p>\n<p class=\"paragraph\">Wagner on mahdollisesti ottanut nimityksen Resident Evil -kauhupelisarjasta. Umbrella oli fiktiivinen yhti\u00f6, joka kehitti bioaseita. Yhti\u00f6n toiminta johti erilaisiin zombivitsauksiin.<\/p>\n<p>Tykinruokaa<\/p>\n<p class=\"paragraph\">Wagnerin riveiss\u00e4 tartunnan saaneita miehi\u00e4 kohdeltiin tiett\u00e4v\u00e4sti eritt\u00e4in julmasti. Heit\u00e4 s\u00e4ilytettiin aidattuna piikkilangan taakse ja k\u00e4ytettiin kertak\u00e4ytt\u00f6isin\u00e4 liikkuvina osastoina, joiden avulla tunnistettiin ukrainalaisten ampuma-asemia.<\/p>\n<p class=\"paragraph\">Ven\u00e4j\u00e4lt\u00e4 maanpaossa toimiva toimittaja ja kansalaisoikeusaktivisti <a href=\"https:\/\/www.iltalehti.fi\/henkilot\/Olga Romanova\" class=\"article-link-person-page\" rel=\"nofollow noopener\" target=\"_blank\">Olga Romanova<\/a> <a href=\"https:\/\/kyivindependent.com\/to-fill-its-ranks-russia-seeks-hiv-positive-recruits-via-social-media-and-ukraines-occupied-territories\/\" target=\"_blank\" rel=\"noopener nofollow\">kertoo<\/a> Kyiv Independentille, ettei Ven\u00e4j\u00e4ll\u00e4 k\u00e4yt\u00e4nn\u00f6ss\u00e4 ole kriteerej\u00e4 sotilaiden v\u00e4rv\u00e4yksess\u00e4. Asevoimien virkamiehet eiv\u00e4t yksinkertaisesti v\u00e4lit\u00e4.<\/p>\n<p class=\"paragraph\">\u2013 Kaikille on helpompaa, jos he vain kuolevat, kukaan ei kuitenkaan aio hoitaa heit\u00e4 tai edes huomaa heid\u00e4n katoamistaan.<\/p>\n<p class=\"paragraph\">Romanovan arvion mukaan Ven\u00e4j\u00e4 on rekrytoinut v\u00e4hint\u00e4\u00e4n 250 000 vankia kolmen sotavuoden aikana. Heist\u00e4 noin 40 prosenttia sairastaa vakavia sairauksia, kuten hiv:t\u00e4, tuberkuloosia tai C-hepatiittia.<\/p>\n<p class=\"paragraph\">My\u00f6s ven\u00e4l\u00e4iset sotilasl\u00e4\u00e4k\u00e4rit ovat tunnustaneet maan asevoimissa sodan aikana r\u00e4j\u00e4ht\u00e4neen hiv-epidemian. Tartuntojen m\u00e4\u00e4r\u00e4 on monikymmenkertaistunut.<\/p>\n<p class=\"paragraph\">Taustalla on useita tekij\u00f6it\u00e4, kuten kentt\u00e4sairaaloissa tapahtuvat verensiirrot, l\u00e4\u00e4keruiskujen uudelleenk\u00e4ytt\u00f6, sotilaiden huumeiden k\u00e4ytt\u00f6 ja suojaamaton seksi.<\/p>\n","protected":false},"excerpt":{"rendered":"Palkka-armeija Wagnerin julma malli otetaan k\u00e4ytt\u00f6\u00f6n my\u00f6s Ven\u00e4j\u00e4n asevoimissa. Kuvituskuva. Dmitrii Melnikov \/ Alamy Stock Photo Ven\u00e4j\u00e4n armeija&hellip;\n","protected":false},"author":2,"featured_media":27288,"comment_status":"","ping_status":"","sticky":false,"template":"","format":"standard","meta":{"footnotes":""},"categories":[14],"tags":[35,802,804,22,23,26,27,33,31,30,17,24,25,803,28,29,15,18,21,764,805,32,765,19,20,56,16,59,60,61],"class_list":{"0":"post-27287","1":"post","2":"type-post","3":"status-publish","4":"format-standard","5":"has-post-thumbnail","7":"category-ulkomaat","8":"tag-24h","9":"tag-armeijat-ja-aseelliset-joukot","10":"tag-aseelliset-konfliktit","11":"tag-breaking-news","12":"tag-breakingnews","13":"tag-featured-news","14":"tag-featurednews","15":"tag-fi","16":"tag-finland","17":"tag-finnish","18":"tag-headlines","19":"tag-latest-news","20":"tag-latestnews","21":"tag-levottomuudet-ja-sodat","22":"tag-main-news","23":"tag-mainnews","24":"tag-news","25":"tag-otsikot","26":"tag-paauutiset","27":"tag-sairaudet","28":"tag-sota","29":"tag-suomi","30":"tag-taudit-ja-hairiot","31":"tag-top-stories","32":"tag-topstories","33":"tag-ulkomaat","34":"tag-uutiset","35":"tag-world","36":"tag-world-news","37":"tag-worldnews"},"share_on_mastodon":{"url":"","error":""},"_links":{"self":[{"href":"https:\/\/www.europesays.com\/fi\/wp-json\/wp\/v2\/posts\/27287","targetHints":{"allow":["GET"]}}],"collection":[{"href":"https:\/\/www.europesays.com\/fi\/wp-json\/wp\/v2\/posts"}],"about":[{"href":"https:\/\/www.europesays.com\/fi\/wp-json\/wp\/v2\/types\/post"}],"author":[{"embeddable":true,"href":"https:\/\/www.europesays.com\/fi\/wp-json\/wp\/v2\/users\/2"}],"replies":[{"embeddable":true,"href":"https:\/\/www.europesays.com\/fi\/wp-json\/wp\/v2\/comments?post=27287"}],"version-history":[{"count":0,"href":"https:\/\/www.europesays.com\/fi\/wp-json\/wp\/v2\/posts\/27287\/revisions"}],"wp:featuredmedia":[{"embeddable":true,"href":"https:\/\/www.europesays.com\/fi\/wp-json\/wp\/v2\/media\/27288"}],"wp:attachment":[{"href":"https:\/\/www.europesays.com\/fi\/wp-json\/wp\/v2\/media?parent=27287"}],"wp:term":[{"taxonomy":"category","embeddable":true,"href":"https:\/\/www.europesays.com\/fi\/wp-json\/wp\/v2\/categories?post=27287"},{"taxonomy":"post_tag","embeddable":true,"href":"https:\/\/www.europesays.com\/fi\/wp-json\/wp\/v2\/tags?post=27287"}],"curies":[{"name":"wp","href":"https:\/\/api.w.org\/{rel}","templated":true}]}}