{"id":27289,"date":"2025-09-06T11:25:07","date_gmt":"2025-09-06T11:25:07","guid":{"rendered":"https:\/\/www.europesays.com\/fi\/27289\/"},"modified":"2025-09-06T11:25:07","modified_gmt":"2025-09-06T11:25:07","slug":"maria-guzenina-loysi-uuden-rakkauden-tallainen-on-17-vuotta-nuorempi-kreikkalainen","status":"publish","type":"post","link":"https:\/\/www.europesays.com\/fi\/27289\/","title":{"rendered":"Maria Guzenina l\u00f6ysi uuden rakkauden \u2013 T\u00e4llainen on 17 vuotta nuorempi kreikkalainen"},"content":{"rendered":"<p>SDP:n europarlamentaarikko vahvistaa nyt Iltalehdelle tiedot uudesta parisuhteestaan.<\/p>\n<p class=\"paragraph\">SDP:n <a href=\"https:\/\/www.iltalehti.fi\/henkilot\/Maria Guzenina\" class=\"article-link-person-page\" rel=\"nofollow noopener\" target=\"_blank\">Maria Guzenina<\/a> on ehtinyt toimia uudessa poliittisessa vastuuteht\u00e4v\u00e4ss\u00e4\u00e4n europarlamentissa meppin\u00e4 vuoden.<\/p>\n<p class=\"paragraph\">Parlamentin syysistuntokausi on k\u00e4ynnistym\u00e4ss\u00e4 ja Guzeninalla on selke\u00e4 n\u00e4kemys siit\u00e4, mihin h\u00e4n juuri nyt politiikassa keskittyy.<\/p>\n<p class=\"paragraph\">H\u00e4n nostaa p\u00f6yd\u00e4lle etenkin lasten ja nuorten asioita. H\u00e4n toimii t\u00e4ll\u00e4 hetkell\u00e4 niin kutsuttuna varjoraportoijana EU-hankkeessa, joka k\u00e4sittelee lasten ja nuorten suojelemista internetiss\u00e4.<\/p>\n<p class=\"paragraph\">Kes\u00e4ll\u00e4 europarlamentti hyv\u00e4ksyi ehdotuksen kolmansien maiden verkkokaupoista Eurooppaan tulevan halpatavaran hallinnasta. T\u00e4ss\u00e4kin Guzeninalla oli varjoraportoijan rooli. H\u00e4n painottaa haastattelussa sit\u00e4, miten halpatavara voi olla turvallisuusriski my\u00f6s lapsille.<\/p>\n<p class=\"paragraph\">Ensi viikolla mepit istuvat Ranskan Strasbourgissa. Keskustelua on luvassa muun muassa teko\u00e4lyst\u00e4. T\u00e4t\u00e4kin aihetta Guzenina vie lasten turvallisuuteen ja vanhempien vastuuseen. Teko\u00e4ly ei esimerkiksi v\u00e4ltt\u00e4m\u00e4tt\u00e4 anna hyvi\u00e4 vastauksia mielenterveysongelmien k\u00e4sittelyyn.<\/p>\n<p class=\"paragraph\">\u2013 Lasten ja nuorten el\u00e4m\u00e4nlaadun parantaminen on koko Euroopan kilpailukyvyn kannalta t\u00e4rke\u00e4\u00e4, meppi summaa pitk\u00e4n selostuksen p\u00e4\u00e4tteeksi.<\/p>\n<p>Vahvistus suhteelle<\/p>\n<p class=\"paragraph\">EU:ssa keski\u00f6\u00f6n on noussut monin tavoin puolustus. T\u00e4m\u00e4 liittyy totta kai Ukrainan sotaan. Kun EU-komission puheenjohtaja <a href=\"https:\/\/www.iltalehti.fi\/henkilot\/Ursula von der Leyen\" class=\"article-link-person-page\" rel=\"nofollow noopener\" target=\"_blank\">Ursula von der Leyen<\/a> ensi viikolla pit\u00e4\u00e4 puheen unionin tilasta 2025, se on todenn\u00e4k\u00f6isesti hyvin puolustuspainotteinen.<\/p>\n<p class=\"paragraph\">Guzenina ymm\u00e4rt\u00e4\u00e4 t\u00e4m\u00e4n hyvin, mutta toivoo keskusteluun rinnalle samalla sit\u00e4, miten EU:n vahvuus on sidottu my\u00f6s osaamiseen, hyvinvointiin ja vakaaseen yhteiskuntaan sek\u00e4 yhteisiin arvoihin.<\/p>\n<p class=\"paragraph\">\u2013  Pit\u00e4\u00e4 muistaa, ett\u00e4 Ven\u00e4j\u00e4 on uhka, ei vain rajavaltioille kuten Baltian maille ja Suomelle, vaan koko eurooppalaiselle projektille, mutta sotateollisuutta ei pit\u00e4isi vahvistaa vain ihmisten hyvinvoinnin kustannuksella.<\/p>\n<p class=\"paragraph\">Iltalehti ei ole t\u00e4ll\u00e4 kertaa Guzeninan j\u00e4ljill\u00e4 vain kysell\u00e4kseen politiikasta.<\/p>\n<p class=\"paragraph\">Huhut kertovat, ett\u00e4 mepill\u00e4 olisi uusi parisuhde.<\/p>\n<p class=\"paragraph\">Vuoden 2022 lopulla Guzenina kertoi julkisuudessa eronneensa silloisesta miehest\u00e4\u00e4n toimittaja <a href=\"https:\/\/www.iltalehti.fi\/henkilot\/Kari Mokko\" class=\"article-link-person-page\" rel=\"nofollow noopener\" target=\"_blank\">Kari Mokosta<\/a> yhteisell\u00e4 p\u00e4\u00e4t\u00f6ksell\u00e4.<\/p>\n<p class=\"paragraph\">Guzenina vahvistaa nyt Iltalehdelle, ett\u00e4 h\u00e4n on j\u00e4lleen parisuhteessa.<\/p>\n<p>Ei ole piiloteltu<\/p>\n<p class=\"paragraph\">Uteluun uudesta rakkaudesta Guzenina vastaa tyynen rauhallisesti.<\/p>\n<p class=\"paragraph\">\u2013 Emme me ole yritt\u00e4neet suhdetta piilotella, mutta emme ole nostaneet siit\u00e4 meteli\u00e4k\u00e4\u00e4n. Kahdeksan kuukautta on kulunut, ei t\u00e4m\u00e4 ole mik\u00e4\u00e4n uusi juttu. Nyt kun kysyt, voin vahvistaa.<\/p>\n<p class=\"paragraph\">Kumppanin kanssa on sovittu, mit\u00e4 vastataan. Guzeninan uuden kumppanin nimi on <strong>Yiannis Dalmas<\/strong>.<\/p>\n<p>Maria Guzenina ja h\u00e4nen kumppaninsa Yiannis Dalmas Meksikon senaatin vieraina. Senate of Mexico<\/p>\n<p class=\"paragraph\">Pitk\u00e4\u00e4n kansanedustajana ja Suomessa ministerin\u00e4kin toiminut Guzenina kuvaa Brysseliin siirtymist\u00e4 uudeksi aluksi, jossa arjen rutiinit menev\u00e4t uusiksi. Omaa el\u00e4m\u00e4\u00e4 rakennetaan melko lailla puhtaalta p\u00f6yd\u00e4lt\u00e4. Ty\u00f6ss\u00e4 tutustuu uusiin ihmisiin.<\/p>\n<p class=\"paragraph\">\u2013 Yhden heist\u00e4 kanssa suhde on syventynyt ajan saatossa, Guzenina jatkaa.<\/p>\n<p class=\"paragraph\">H\u00e4n tapasi Yiannisin viime syksyn\u00e4 europarlamentissa, komiteaty\u00f6ss\u00e4. Tutustumiseen johti Marian mukaan yhteinen huumorintaju ja arvot. Seurustelu alkoi tammikuussa.<\/p>\n<p class=\"paragraph\">Guzenina kertoo, ett\u00e4 Dalmas toimii poliittisena neuvonantajana europarlamentissa. H\u00e4n on kreikkalainen ja ollut eurovaaliehdokkaanakin vuonna 2019. H\u00e4n on entinen Euroopan asioiden sihteeri Kreikan sosialidemokraattisessa Pasok-puolueessa.<\/p>\n<p class=\"paragraph\">\u2013 H\u00e4n on eronnut, h\u00e4nell\u00e4 on yksi lapsi.<\/p>\n<p>En etsinyt parisuhdetta<\/p>\n<p class=\"paragraph\">Guzenina sanoo, ett\u00e4 el\u00e4m\u00e4 aina yll\u00e4tt\u00e4\u00e4 t\u00e4llaisissa asioissa.<\/p>\n<p class=\"paragraph\">\u2013 Ei n\u00e4it\u00e4 etuk\u00e4teen suunnittele. En my\u00f6sk\u00e4\u00e4n odottanut enk\u00e4 etsinyt parisuhdetta.<\/p>\n<p class=\"paragraph\">Iltalehden tietoon on tullut, ett\u00e4 pariskunnalla on ik\u00e4eroa. Kysytt\u00e4ess\u00e4 Guzenina, 56, kertoo kumppanin olevan 39-vuotias.<\/p>\n<p class=\"paragraph\">Guzenina huomauttaa, ettei miehilt\u00e4 kysell\u00e4 ik\u00e4eroa. Ylip\u00e4\u00e4ns\u00e4 ennakkoluuloja tai ik\u00e4uteluja Guzenina ei ole arjessaan kohdannut lainkaan. Heit\u00e4 ei edes ajatella eri-ik\u00e4isiksi, h\u00e4n kertoo.<\/p>\n<p class=\"paragraph\">\u2013 Me el\u00e4mme nyt ajassa, jossa pit\u00e4isi lopullisesti kyet\u00e4 hylk\u00e4\u00e4m\u00e4n jonkun toisen m\u00e4\u00e4rittelem\u00e4t s\u00e4\u00e4nn\u00f6t. Kautta historian miehill\u00e4 on ollut nuorempia puolisoita. En ole huomannut, ett\u00e4 erityisesti kukaan kummastelisi sit\u00e4, ett\u00e4 my\u00f6s toisin p\u00e4in n\u00e4in voi olla. Jos kaksi ihmist\u00e4 kokee olevansa samalla aaltopituudella, seh\u00e4n on se, mik\u00e4 ratkaisee parisuhteessa eik\u00e4 numerot.<\/p>\n<p>Maria Guzenina Kreikan saariston maisemissa. Maria Guzeninan kotialbumi<\/p>\n<p class=\"paragraph\">Guzenina pohtii my\u00f6s ett\u00e4 ik\u00e4 on vain mielentila.<\/p>\n<p class=\"paragraph\">\u2013 Olisihan se hullua, jos ihmisten v\u00e4lill\u00e4 syntyy yhteys, ett\u00e4 p\u00e4\u00e4tett\u00e4isiin, ettei numeroiden takia voisikaan tutustua toiseen paremmin.<\/p>\n<p>\u201dPiilossa n\u00e4kyvill\u00e4\u201d<\/p>\n<p class=\"paragraph\">Pari vuotta sitten <a href=\"https:\/\/www.is.fi\/menaiset\/ihmiset-ja-suhteet\/art-2000009872815.html\" target=\"_blank\" rel=\"noopener nofollow\">Me Naiset<\/a> julkaisi artikkelin, jossa k\u00e4siteltiin viiden tunnetun suomalaisen naisen ajatuksia suhteista, joissa mies on selv\u00e4sti nuorempi. Tekstiss\u00e4 nostettiin esiin, miten on yh\u00e4 tabu, jos nainen on heterosuhteessa miest\u00e4 vanhempi.<\/p>\n<p class=\"paragraph\">Artikkelissa viitattiin my\u00f6s viestinn\u00e4n suunnittelija <a href=\"https:\/\/www.iltalehti.fi\/henkilot\/Kaija Stormbom\" class=\"article-link-person-page\" rel=\"nofollow noopener\" target=\"_blank\">Kaija Stormbomin<\/a> ja SDP:n puheenjohtajan <a href=\"https:\/\/www.iltalehti.fi\/henkilot\/Antti Lindtman\" class=\"article-link-person-page\" rel=\"nofollow noopener\" target=\"_blank\">Antti Lindtmanin<\/a> suhteeseen. Lindtman on liki parikymment\u00e4 vuotta nuorempi.<\/p>\n<p class=\"paragraph\">Lindtmaniin ja Stormbomiin liittyy Marian ja Yiannisin kannalta hauska anekdootti. Kun Guzenina oli huhtikuussa Helsingin messukeskuksessa Radiogaalassa jakamassa palkintoa, Dalmas oli paikan p\u00e4\u00e4ll\u00e4 ja istui samassa p\u00f6yd\u00e4ss\u00e4 Stormbomin ja Lindtmanin kanssa.<\/p>\n<p class=\"paragraph\">Vaikka gaalassa kamerat osuivat my\u00f6s Mariaan ja Yiannisiin, julkisuuteen suhde ei pompannut, koska numeroa ei tehty. Guzenina summaakin, ett\u00e4 pariskunta on ollut pitk\u00e4n aikaa ik\u00e4\u00e4n kuin \u201dpiilossa n\u00e4kyvill\u00e4\u201d.<\/p>\n<p>Tyk\u00e4stynyt avantouintiin<\/p>\n<p class=\"paragraph\">Yiannis on k\u00e4ynyt my\u00f6s Suomessa useaan otteeseen.<\/p>\n<p class=\"paragraph\">\u2013 H\u00e4n pit\u00e4\u00e4 kovasti suomalaisesta el\u00e4m\u00e4ntyylist\u00e4. K\u00e4ymme mielell\u00e4mme saunassa. H\u00e4n on todella tyk\u00e4stynyt avantouintiin, Maria Guzenina kertoo.<\/p>\n<p>Maria Guzenina vierailulla Yiannis Dalmasin is\u00e4n luona Kreikassa. Is\u00e4 on farmari, jolla on muun muassa lampaita, oliivipuita, viikunoita ja hanhia. Maria Guzeninan kotialbumi<\/p>\n<p class=\"paragraph\">Pariskunta pit\u00e4\u00e4 my\u00f6s pitkist\u00e4 k\u00e4velyist\u00e4 ja uimisesta j\u00e4rviss\u00e4.<\/p>\n<p class=\"paragraph\">Brysseliss\u00e4 he asuvat yhteisess\u00e4 kodissa ja k\u00e4yv\u00e4t miltei p\u00e4ivitt\u00e4in salilla.<\/p>\n<p class=\"paragraph\">\u2013 Ty\u00f6ni on todella vaativaa ja teemme pitki\u00e4 p\u00e4ivi\u00e4 Euroopan parlamentissa. Se helpottaa, ett\u00e4 on kumppani, joka ymm\u00e4rt\u00e4\u00e4 pitk\u00e4t tunnit ja t\u00f6iden tulemisen kotiinkin. Jaamme samat arvot poliittisesti ja intohimon politiikkaan. Meid\u00e4n poliittiset keskustelumme ovat usein syvi\u00e4.<\/p>\n<p>Seikkailukilpailussa<\/p>\n<p class=\"paragraph\">Guzeninan vauhdikkaaseen vuoteen on kuulunut my\u00f6s osallistuminen seikkailukilpailu Amazing Race Suomen kolmannelle kaudelle. Kisa n\u00e4hd\u00e4\u00e4n marraskuusta alkaen Nelosella.<\/p>\n<p class=\"paragraph\">\u2013 Paljon vauhtia ja vaarallisia paikkoja, joista ei t\u00e4ss\u00e4 vaiheessa voi kertoa enemp\u00e4\u00e4, Guzenina heitt\u00e4\u00e4.<\/p>\n<p class=\"paragraph\">SDP pyrkii profiloitumaan nimenomaan ymp\u00e4rist\u00f6puolueena. Koska kisassa matkustetaan lentokoneellakin, on kysytt\u00e4v\u00e4, mit\u00e4 Guzenina t\u00e4st\u00e4 ajattelee.<\/p>\n<p class=\"paragraph\">H\u00e4n kuvaa uskovansa tasapainoon.<\/p>\n<p class=\"paragraph\">\u2013 Olen matkustanut koko el\u00e4m\u00e4ni. Jos on mahdollista menn\u00e4 junalla, toki menen. Esimerkiksi Strassbourgin matkat teen junalla ja lenn\u00e4n aika maltillisesti, en joka viikonloppu tule esimerkiksi Suomeen.<\/p>\n<p class=\"paragraph\">H\u00e4nen parinsa kisassa on vaikuttamisty\u00f6n asiantuntija, SDP:n kuntavaaliehdokkaanakin ollut ja Helsingiss\u00e4 varasijalle j\u00e4\u00e4nyt <strong>Vilma V\u00e4h\u00e4maa<\/strong>, jolla Guzenina kertoo olevan lastenkotitaustaa.<\/p>\n<p class=\"paragraph\">J\u00e4lleen palataan Guzeninan aiemmin esiin tuomaan politiikan teemaan lapset ja nuoret.<\/p>\n<p class=\"paragraph\">\u2013 Vilman tausta toivottavasti inspiroi, kun ihmiset p\u00e4\u00e4sev\u00e4t tv:st\u00e4 tutustumaan h\u00e4neen. Toivottavasti lapset ja nuoret, joilla on ollut vaikea lapsuus, voivat yhteisen matkammekin kautta saada positiivista kannustusta.<\/p>\n<p>Helsinki-Vantaan lentokentt\u00e4 on tuttu paikka Brysseliss\u00e4 t\u00f6iss\u00e4 k\u00e4yv\u00e4lle meppi Maria Guzeninalle (sd). Maria Guzeninan kotialbumi<\/p>\n","protected":false},"excerpt":{"rendered":"SDP:n europarlamentaarikko vahvistaa nyt Iltalehdelle tiedot uudesta parisuhteestaan. SDP:n Maria Guzenina on ehtinyt toimia uudessa poliittisessa vastuuteht\u00e4v\u00e4ss\u00e4\u00e4n europarlamentissa&hellip;\n","protected":false},"author":2,"featured_media":27290,"comment_status":"","ping_status":"","sticky":false,"template":"","format":"standard","meta":{"footnotes":""},"categories":[12],"tags":[35,22,23,26,27,33,31,30,17,24,25,28,29,15,18,21,637,886,888,885,887,32,19,20,16],"class_list":{"0":"post-27289","1":"post","2":"type-post","3":"status-publish","4":"format-standard","5":"has-post-thumbnail","7":"category-suomi","8":"tag-24h","9":"tag-breaking-news","10":"tag-breakingnews","11":"tag-featured-news","12":"tag-featurednews","13":"tag-fi","14":"tag-finland","15":"tag-finnish","16":"tag-headlines","17":"tag-latest-news","18":"tag-latestnews","19":"tag-main-news","20":"tag-mainnews","21":"tag-news","22":"tag-otsikot","23":"tag-paauutiset","24":"tag-politiikka","25":"tag-puolueet","26":"tag-suomalaiset-poliitikot","27":"tag-suomen-poliittiset-puolueet","28":"tag-suomen-politiikka","29":"tag-suomi","30":"tag-top-stories","31":"tag-topstories","32":"tag-uutiset"},"share_on_mastodon":{"url":"","error":""},"_links":{"self":[{"href":"https:\/\/www.europesays.com\/fi\/wp-json\/wp\/v2\/posts\/27289","targetHints":{"allow":["GET"]}}],"collection":[{"href":"https:\/\/www.europesays.com\/fi\/wp-json\/wp\/v2\/posts"}],"about":[{"href":"https:\/\/www.europesays.com\/fi\/wp-json\/wp\/v2\/types\/post"}],"author":[{"embeddable":true,"href":"https:\/\/www.europesays.com\/fi\/wp-json\/wp\/v2\/users\/2"}],"replies":[{"embeddable":true,"href":"https:\/\/www.europesays.com\/fi\/wp-json\/wp\/v2\/comments?post=27289"}],"version-history":[{"count":0,"href":"https:\/\/www.europesays.com\/fi\/wp-json\/wp\/v2\/posts\/27289\/revisions"}],"wp:featuredmedia":[{"embeddable":true,"href":"https:\/\/www.europesays.com\/fi\/wp-json\/wp\/v2\/media\/27290"}],"wp:attachment":[{"href":"https:\/\/www.europesays.com\/fi\/wp-json\/wp\/v2\/media?parent=27289"}],"wp:term":[{"taxonomy":"category","embeddable":true,"href":"https:\/\/www.europesays.com\/fi\/wp-json\/wp\/v2\/categories?post=27289"},{"taxonomy":"post_tag","embeddable":true,"href":"https:\/\/www.europesays.com\/fi\/wp-json\/wp\/v2\/tags?post=27289"}],"curies":[{"name":"wp","href":"https:\/\/api.w.org\/{rel}","templated":true}]}}