{"id":272923,"date":"2026-06-10T15:02:15","date_gmt":"2026-06-10T15:02:15","guid":{"rendered":"https:\/\/www.europesays.com\/fi\/272923\/"},"modified":"2026-06-10T15:02:15","modified_gmt":"2026-06-10T15:02:15","slug":"cloudflaressa-on-jalleen-katkos-jonka-seurauksena-useat-suositut-internetpalvelut-ovat-menettaneet-yhteyden","status":"publish","type":"post","link":"https:\/\/www.europesays.com\/fi\/272923\/","title":{"rendered":"Cloudflaressa on j\u00e4lleen katkos, jonka seurauksena useat suositut internetpalvelut ovat menett\u00e4neet yhteyden."},"content":{"rendered":"<p><img decoding=\"async\" data-author=\"\" src=\"https:\/\/www.europesays.com\/fi\/wp-content\/uploads\/2026\/06\/1764941915740_anh-man-hinh-2025-12-05-luc-194023-1764938782888173105020.png\" id=\"img_193792748442898432\" w=\"1588\" h=\"958\" alt=\"Cloudflare - \u1ea2nh 1.\" title=\"\" rel=\"lightbox\" photoid=\"193792748442898432\" data-original=\"https:\/\/cdn2.tuoitre.vn\/471584752817336320\/2025\/12\/5\/anh-man-hinh-2025-12-05-luc-194023-1764938782888173105020.png\" type=\"photo\" style=\"max-width:100%;;cursor:pointer\" width=\"1588\" height=\"958\" fetchpriority=\"high\"\/><\/p>\n<p data-placeholder=\"Nh\u1eadp ch\u00fa th\u00edch \u1ea3nh\"> Palveluiden tilaa seuraava Down Detector -verkkosivusto saa jatkuvasti raportteja Cloudflaren k\u00e4ytt\u00f6katkoksista.<\/p>\n<p> Joulukuun 5. p\u00e4iv\u00e4n\u00e4 kello 16.00 Cloudflare \u2013 yritys, joka tarjoaa t\u00e4rkeit\u00e4 verkko- ja tietoturvapalveluita suurelle osalle maailmanlaajuista interneti\u00e4 \u2013 koki k\u00e4ytt\u00f6katkoksen, joka aiheutti merkitt\u00e4vi\u00e4 vaikeuksia suosittujen sovellusten, kuten GPT-chatin, Canvan, Clauden ja Zoomin, k\u00e4yt\u00f6ss\u00e4. Vietnamilaiset k\u00e4ytt\u00e4j\u00e4t eiv\u00e4t ajoittain p\u00e4\u00e4sseet sovelluksiin k\u00e4siksi.<\/p>\n<p> Palvelun tilaa valvovalla Down Detector -verkkosivustolla on t\u00e4n\u00e4\u00e4n iltap\u00e4iv\u00e4ll\u00e4 kello 16-17 tullut lukuisia raportteja Cloudflareen liittyviin palveluihin vaikuttavista virheist\u00e4.<\/p>\n<p>Saatat my\u00f6s pit\u00e4\u00e4 t\u00e4st\u00e4<\/p>\n<p><a href=\"https:\/\/www.vietnam.vn\/fi\/google-tung-banh-mi-chuyen-ngu-dich-truc-tiep-khong-do-tre\" style=\"flex-shrink:0\" rel=\"nofollow noopener\" target=\"_blank\"><img alt=\"Google julkaisee 'Translation Bread' -palvelun, joka tarjoaa reaaliaikaista ja viiveet\u00f6nt\u00e4 k\u00e4\u00e4nn\u00f6st\u00e4.\" loading=\"lazy\" width=\"192\" height=\"108\" decoding=\"async\" data-nimg=\"1\" style=\"color:transparent;object-fit:cover;border-radius:4px;display:block\" src=\"https:\/\/www.europesays.com\/fi\/wp-content\/uploads\/2026\/06\/1781099203184_39701e7e_8690_4465_882d_4da56e5da1e5.jpeg\"\/><\/a><\/p>\n<p> T\u00e4ll\u00e4 alustalla on pelk\u00e4st\u00e4\u00e4n Vietnamissa satoja ilmoituksia, ja monet j\u00e4senet ovat kertoneet, ett\u00e4 GPT-chatin ja Zoomin k\u00e4ytt\u00f6 on yht\u00e4kki\u00e4 hidastunut ja sitten muuttunut k\u00e4ytt\u00f6kelvottomaksi. <\/p>\n<p><img decoding=\"async\" data-author=\"\" src=\"https:\/\/www.europesays.com\/fi\/wp-content\/uploads\/2026\/06\/1764941917977_anh-man-hinh-2025-12-05-luc-193953-17649387773262092934799.png\" id=\"img_193792737764200448\" w=\"1972\" h=\"1450\" alt=\"Cloudflare - \u1ea2nh 2.\" title=\"\" rel=\"lightbox\" photoid=\"193792737764200448\" data-original=\"https:\/\/cdn2.tuoitre.vn\/471584752817336320\/2025\/12\/5\/anh-man-hinh-2025-12-05-luc-193953-17649387773262092934799.png\" type=\"photo\" style=\"max-width:100%;;cursor:pointer\" width=\"1972\" height=\"1450\" loading=\"lazy\"\/><\/p>\n<p data-placeholder=\"Nh\u1eadp ch\u00fa th\u00edch \u1ea3nh\" class=\"\"> Viimeisin p\u00e4ivitys Cloudflaren katkoksesta.<\/p>\n<p> My\u00f6h\u00e4\u00e4n iltap\u00e4iv\u00e4ll\u00e4 Cloudflaren verkkosivuilla julkaistiin my\u00f6s p\u00e4ivitys, jonka mukaan j\u00e4rjestelm\u00e4\u00e4 huolletaan. T\u00e4ll\u00e4 hetkell\u00e4 kaikki Cloudflareen liittyv\u00e4t palvelut ovat palanneet normaaliin toimintaan.<\/p>\n<p> T\u00e4m\u00e4 on Cloudflaren toinen k\u00e4ytt\u00f6katkos vain 20 p\u00e4iv\u00e4n sis\u00e4ll\u00e4; edellinen 18. marraskuuta tapahtunut katkos vaikutti my\u00f6s useisiin muihin palveluihin noin 45 minuutin ajan.<\/p>\n<p>Saatat my\u00f6s pit\u00e4\u00e4 t\u00e4st\u00e4<\/p>\n<p><a href=\"https:\/\/www.vietnam.vn\/fi\/su-co-hi-huu-may-bay-va-vao-cot-den-truoc-khi-ha-canh-tai-my\" style=\"flex-shrink:0\" rel=\"nofollow noopener\" target=\"_blank\"><img alt=\"Ep\u00e4tavallinen tapaus: Lentokone t\u00f6rm\u00e4si lyhtypylv\u00e4\u00e4seen ennen laskeutumistaan \u200b\u200bYhdysvalloissa.\" loading=\"lazy\" width=\"192\" height=\"108\" decoding=\"async\" data-nimg=\"1\" style=\"color:transparent;object-fit:cover;border-radius:4px;display:block\" src=\"https:\/\/www.europesays.com\/fi\/wp-content\/uploads\/2026\/06\/1779353014693_may-bay-my-ha-canh-khan-cap-jpg.webp\"\/><\/a><\/p>\n<p> Cloudflare vahvisti my\u00f6hemmin, ett\u00e4 syyn\u00e4 oli Bot Management -moduulin p\u00e4ivityksen m\u00e4\u00e4ritysvirhe, joka esti laillista liikennett\u00e4.<\/p>\n<p class=\"mb-0\"> L\u00e4hde: https:\/\/tuoitre.vn\/cloudflare-lai-gap-su-co-loat-dich-vu-internet-noi-tieng-mat-ket-noi-20251205195932937.htm<\/p>\n","protected":false},"excerpt":{"rendered":"Palveluiden tilaa seuraava Down Detector -verkkosivusto saa jatkuvasti raportteja Cloudflaren k\u00e4ytt\u00f6katkoksista. Joulukuun 5. p\u00e4iv\u00e4n\u00e4 kello 16.00 Cloudflare \u2013&hellip;\n","protected":false},"author":2,"featured_media":272924,"comment_status":"","ping_status":"","sticky":false,"template":"","format":"standard","meta":{"footnotes":"","_share_on_mastodon":"0"},"categories":[87],"tags":[37144,33,31,30,148,18492,32,91,92,5357,37143],"class_list":["post-272923","post","type-post","status-publish","format-standard","has-post-thumbnail","category-internet","tag-chat-gpt","tag-fi","tag-finland","tag-finnish","tag-internet","tag-ongelma","tag-suomi","tag-technology","tag-teknologia","tag-vietnam","tag-yksi-pala"],"share_on_mastodon":{"url":"https:\/\/pubeurope.com\/@fi\/116726422137504219","error":""},"_links":{"self":[{"href":"https:\/\/www.europesays.com\/fi\/wp-json\/wp\/v2\/posts\/272923","targetHints":{"allow":["GET"]}}],"collection":[{"href":"https:\/\/www.europesays.com\/fi\/wp-json\/wp\/v2\/posts"}],"about":[{"href":"https:\/\/www.europesays.com\/fi\/wp-json\/wp\/v2\/types\/post"}],"author":[{"embeddable":true,"href":"https:\/\/www.europesays.com\/fi\/wp-json\/wp\/v2\/users\/2"}],"replies":[{"embeddable":true,"href":"https:\/\/www.europesays.com\/fi\/wp-json\/wp\/v2\/comments?post=272923"}],"version-history":[{"count":0,"href":"https:\/\/www.europesays.com\/fi\/wp-json\/wp\/v2\/posts\/272923\/revisions"}],"wp:featuredmedia":[{"embeddable":true,"href":"https:\/\/www.europesays.com\/fi\/wp-json\/wp\/v2\/media\/272924"}],"wp:attachment":[{"href":"https:\/\/www.europesays.com\/fi\/wp-json\/wp\/v2\/media?parent=272923"}],"wp:term":[{"taxonomy":"category","embeddable":true,"href":"https:\/\/www.europesays.com\/fi\/wp-json\/wp\/v2\/categories?post=272923"},{"taxonomy":"post_tag","embeddable":true,"href":"https:\/\/www.europesays.com\/fi\/wp-json\/wp\/v2\/tags?post=272923"}],"curies":[{"name":"wp","href":"https:\/\/api.w.org\/{rel}","templated":true}]}}