{"id":27297,"date":"2025-09-06T11:41:08","date_gmt":"2025-09-06T11:41:08","guid":{"rendered":"https:\/\/www.europesays.com\/fi\/27297\/"},"modified":"2025-09-06T11:41:08","modified_gmt":"2025-09-06T11:41:08","slug":"selviytyjat-kilpailija-valittomasti-karussa-kunnossa-on-pahan-nakoiset","status":"publish","type":"post","link":"https:\/\/www.europesays.com\/fi\/27297\/","title":{"rendered":"Selviytyj\u00e4t-kilpailija v\u00e4litt\u00f6m\u00e4sti karussa kunnossa \u2013 \u201dOn pahan n\u00e4k\u00f6iset\u201d"},"content":{"rendered":"<p>Selviytyj\u00e4t-kilpailut eiv\u00e4t ole lasten leikki\u00e4, vaan vaativat veronsa. Varo juonipaljastuksia!<\/p>\n<p><img decoding=\"async\" class=\"image image-show image-preview\" src=\"https:\/\/www.europesays.com\/fi\/wp-content\/uploads\/2025\/09\/7f9516ca0d7d37cd934f0a983de8275fb26b5f8365e679afb09b72cb4bb3ff68.jpg\" alt=\"\"\/><img decoding=\"async\" class=\"image image-show\" src=\"https:\/\/www.europesays.com\/fi\/wp-content\/uploads\/2025\/09\/1757158868_385_7f9516ca0d7d37cd934f0a983de8275fb26b5f8365e679afb09b72cb4bb3ff68.jpg\" alt=\"\"\/><\/p>\n<p>Rankat kilpailut Selviytyjiss\u00e4 ovat vaatineet veronsa.  Nelonen<\/p>\n<p class=\"paragraph\">Selviytyj\u00e4t Suomi -tuotantokausi on vasta aluillaan, mutta viidakon karut olosuhteet ja tiukat kilpailut ovat tehneet jo n\u00e4kyv\u00e4\u00e4 j\u00e4lke\u00e4.<\/p>\n<p class=\"paragraph\">Tiukkojen koskemattomuus- ja palkintokilpailujen j\u00e4lkeen radiojuontaja <strong>Janne Lehmonen<\/strong> esittelee kanssaheimolaisille taisteluarpiaan. Ilmeisesti h\u00e4nen k\u00e4sivartensa ovat tulehtuneet pahasti.<\/p>\n<p class=\"paragraph\">\u2013 Ei ne suoraksi taivu t\u00e4st\u00e4, Lehmonen n\u00e4ytt\u00e4\u00e4 k\u00e4sivarsiaan rakennusalan yritt\u00e4j\u00e4 <strong>Joni Rintalalle<\/strong>.<\/p>\n<p class=\"paragraph\">Lehmosen molemmissa kyyn\u00e4rtaipeissa ja k\u00e4mmeniss\u00e4 on siteet.<\/p>\n<p class=\"paragraph\">\u2013 Veikkaan, ett\u00e4 t\u00e4ss\u00e4 jossain kohtaa [on tulehdus], h\u00e4n osoittaa kyyn\u00e4rtaivettaan ja n\u00e4ytt\u00e4\u00e4 mustelmaista hauistaan.<\/p>\n<p class=\"paragraph\">\u2013 Hitto, ett\u00e4 on pahan n\u00e4k\u00f6iset, Rintala toteaa.<\/p>\n<p class=\"paragraph\">\u2013 Mietin vaan, ett\u00e4 minulla on enemm\u00e4n siteit\u00e4 kuin aamuja takana t\u00e4\u00e4ll\u00e4 saarella, Lehmonen naurahtaa.<\/p>\n<p>Janne Lehmonen toteaa siteit\u00e4 olevan jo runsaammin kuin h\u00e4nell\u00e4 aamuja takana viidakossa.  Nelonen<\/p>\n<p class=\"paragraph\">My\u00f6s h\u00e4nen polviaan ja jalkateri\u00e4\u00e4n on paikkailtu siteill\u00e4.<\/p>\n<p class=\"paragraph\">\u2013 T\u00e4\u00e4ll\u00e4 on kovia pelaajia kuten Joni ja <strong>Eve<\/strong> [Uosukainen], <strong>Linnea<\/strong> ja <strong>Aleksi<\/strong> [Vihonen], he haluavat varmasti p\u00e4rj\u00e4t\u00e4 kilpailuissa, kuten kaikki me haluamme. Voi olla, ett\u00e4 Jannen paketit est\u00e4v\u00e4t t\u00e4t\u00e4 hommaa, Lehmosen yst\u00e4v\u00e4 <strong>Semon V\u00e4linen<\/strong> pohtii kameroille.<\/p>\n<p class=\"paragraph\">\u2013 Janne ei ole t\u00e4ll\u00e4 hetkell\u00e4 mitenk\u00e4\u00e4n vahvin kisoissa, Aleksi Vihonen pohtii niin ik\u00e4\u00e4n Lehmosen kuntoa.<\/p>\n<p>My\u00f6s Linnea Vihosen polvet ovat ottaneet osumaa.  Nelonen<\/p>\n<p class=\"paragraph\">Lehmonen ei ole ainoa joka on ottanut jo t\u00e4h\u00e4n menness\u00e4 osumaa saarella. My\u00f6s julkkiskokki Linnea Vihosen jalat ovat n\u00e4kyvill\u00e4 ruhjeilla. Radiojuontaja <a href=\"https:\/\/www.iltalehti.fi\/henkilot\/Juho Keskitalo\" class=\"article-link-person-page\" rel=\"nofollow noopener\" target=\"_blank\">Juho Keskitalo<\/a> puolestaan valittelee reisi\u00e4\u00e4n, jotka ovat hapoilla koskemattomuuskilpailun j\u00e4lkimainingeissa.<\/p>\n<p class=\"paragraph\">Lehmonen ei kuitenkaan anna taisteluarpien haitata, vaan tunnelmoi pelin etenemist\u00e4 innokkaana.<\/p>\n<p class=\"paragraph\">\u2013 Edelleen olen sit\u00e4 mielt\u00e4, ett\u00e4 vaikka t\u00e4m\u00e4 on v\u00e4h\u00e4n t\u00e4llainen pieni paniikki ja tuntuu, ett\u00e4 joka p\u00e4iv\u00e4 t\u00e4m\u00e4 kieroilu ja valheilu menee syvemm\u00e4ksi, niin silti t\u00e4m\u00e4 on se pelin suola. Odotan innolla, mit\u00e4 ilta tuo tullessaan, Lehmonen kommentoi kameroille.<\/p>\n<p class=\"paragraph\">Leireiss\u00e4 kieroilu k\u00e4ykin jo vilkkaana, sill\u00e4 peliin heitet\u00e4\u00e4n heti k\u00e4ttelyss\u00e4 l\u00f6ydett\u00e4viksi my\u00f6s kaksi koskemattomuusamulettia.<\/p>\n<p class=\"paragraph\">Selviytyj\u00e4t Suomi sunnuntaisin Nelosella ja Ruudussa. <a href=\"https:\/\/www.iltalehti.fi\/telkku\" rel=\"nofollow noopener\" target=\"_blank\">Katso kaikki TV-ohjelmat ja l\u00e4hetysajat Telkun TV-oppaasta.<\/a><\/p>\n","protected":false},"excerpt":{"rendered":"Selviytyj\u00e4t-kilpailut eiv\u00e4t ole lasten leikki\u00e4, vaan vaativat veronsa. Varo juonipaljastuksia! Rankat kilpailut Selviytyjiss\u00e4 ovat vaatineet veronsa. Nelonen Selviytyj\u00e4t&hellip;\n","protected":false},"author":2,"featured_media":27298,"comment_status":"","ping_status":"","sticky":false,"template":"","format":"standard","meta":{"footnotes":""},"categories":[133],"tags":[35,153,137,33,31,30,979,32,206,140,139,2581,156,109],"class_list":{"0":"post-27297","1":"post","2":"type-post","3":"status-publish","4":"format-standard","5":"has-post-thumbnail","7":"category-televisiot","8":"tag-24h","9":"tag-audiovisuaalinen-media","10":"tag-entertainment","11":"tag-fi","12":"tag-finland","13":"tag-finnish","14":"tag-sahkoinen-media","15":"tag-suomi","16":"tag-televisiot","17":"tag-tv-ja-elokuvat","18":"tag-tv-ohjelmat","19":"tag-tv-2010-luku","20":"tag-tv","21":"tag-viihde"},"share_on_mastodon":{"url":"","error":""},"_links":{"self":[{"href":"https:\/\/www.europesays.com\/fi\/wp-json\/wp\/v2\/posts\/27297","targetHints":{"allow":["GET"]}}],"collection":[{"href":"https:\/\/www.europesays.com\/fi\/wp-json\/wp\/v2\/posts"}],"about":[{"href":"https:\/\/www.europesays.com\/fi\/wp-json\/wp\/v2\/types\/post"}],"author":[{"embeddable":true,"href":"https:\/\/www.europesays.com\/fi\/wp-json\/wp\/v2\/users\/2"}],"replies":[{"embeddable":true,"href":"https:\/\/www.europesays.com\/fi\/wp-json\/wp\/v2\/comments?post=27297"}],"version-history":[{"count":0,"href":"https:\/\/www.europesays.com\/fi\/wp-json\/wp\/v2\/posts\/27297\/revisions"}],"wp:featuredmedia":[{"embeddable":true,"href":"https:\/\/www.europesays.com\/fi\/wp-json\/wp\/v2\/media\/27298"}],"wp:attachment":[{"href":"https:\/\/www.europesays.com\/fi\/wp-json\/wp\/v2\/media?parent=27297"}],"wp:term":[{"taxonomy":"category","embeddable":true,"href":"https:\/\/www.europesays.com\/fi\/wp-json\/wp\/v2\/categories?post=27297"},{"taxonomy":"post_tag","embeddable":true,"href":"https:\/\/www.europesays.com\/fi\/wp-json\/wp\/v2\/tags?post=27297"}],"curies":[{"name":"wp","href":"https:\/\/api.w.org\/{rel}","templated":true}]}}