{"id":273163,"date":"2026-06-10T19:40:12","date_gmt":"2026-06-10T19:40:12","guid":{"rendered":"https:\/\/www.europesays.com\/fi\/273163\/"},"modified":"2026-06-10T19:40:12","modified_gmt":"2026-06-10T19:40:12","slug":"hyvinvointialueen-tiedotteeseen-paatyi-kuva-joka-poistettiin-todella-vauhdilla-pyydamme-anteeksi","status":"publish","type":"post","link":"https:\/\/www.europesays.com\/fi\/273163\/","title":{"rendered":"Hyvinvointialueen tiedotteeseen p\u00e4\u00e4tyi kuva, joka poistettiin todella vauhdilla \u2013 &#8221;Pyyd\u00e4mme anteeksi&#8221;"},"content":{"rendered":"<p>Hyvinvointialue suhtautuu tapaukseen vakavasti, sanoo viestint\u00e4johtaja Leena-Mari Tanskanen.<\/p>\n<p><img decoding=\"async\" class=\"image image-show image-preview\" src=\"https:\/\/www.europesays.com\/fi\/wp-content\/uploads\/2026\/06\/5f6ac6581306f0918b04c606bcc46fa7d029e0607cdc4f74b39203437a97220b.jpg\" alt=\"\"\/><img decoding=\"async\" class=\"image image-show\" src=\"https:\/\/www.europesays.com\/fi\/wp-content\/uploads\/2026\/06\/1781120412_836_5f6ac6581306f0918b04c606bcc46fa7d029e0607cdc4f74b39203437a97220b.jpg\" alt=\"\"\/><\/p>\n<p>Vaken arkistossa on tilaa potilas- ja asiakasasiakirjoille hieman yli viisi hyllykilometri\u00e4, korjattuun tiedotteeseen vaihdetun kuvan kuvatekstiss\u00e4 kerrotaan. Vantaan ja Keravan hyvinvointialue<\/p>\n<p class=\"paragraph\">Vantaan ja Keravan hyvinvointialueen tiedotteeseen p\u00e4\u00e4tyi kuva, jossa n\u00e4kyi henkil\u00f6tietoja, hyvinvointialue tiedottaa.<\/p>\n<p class=\"paragraph\">Tiedote k\u00e4sitteli hyvinvointialueen uutta potilas- ja asiakasarkistoa, johon on siirretty Vantaan ja Keravan kaupungeilta hyvinvointialueelle periytyneet aineistot. Vake kertoo olevansa edell\u00e4k\u00e4vij\u00e4 valtakunnallisesti satojen hyllykilometrien kokoisten tietoaineistojen siirt\u00e4misess\u00e4.<\/p>\n<p class=\"paragraph\">Tiedotteen mukaan \u201dlainmukainen ja ajantasainen arkisto varmistaa laadukkaan tietopalvelun ja asiakkaiden oikeudet ja tietoturvan\u201d.<\/p>\n<p class=\"paragraph\">\u2013 Viestinn\u00e4st\u00e4 on otettu valokuva arkistosta kuvituskuvaksi tiedotteeseen. Tiedotteen julkaisun yhteydess\u00e4 ei huomattu, ett\u00e4 osassa kuvaa n\u00e4kyy joitakin henkil\u00f6tietoja, hyvinvointialue kertoo jatkotiedotteessaan.<\/p>\n<p class=\"paragraph\">\u2013 Pyyd\u00e4mme anteeksi virhett\u00e4. Hyvinvointialueella on tarkat ohjeet valokuvien ottamiselle ja k\u00e4ytt\u00e4miselle turvallisesti, mutta t\u00e4ss\u00e4 on tapahtunut inhimillinen virhe yksitt\u00e4iselle ihmiselle. Varmistamme, ett\u00e4 vastaavaa ei jatkossa p\u00e4\u00e4se tapahtumaan, sanoo viestint\u00e4johtaja <strong>Leena-Mari Tanskanen<\/strong> tiedotteessa.<\/p>\n<p>V\u00e4litt\u00f6m\u00e4t toimenpiteet<\/p>\n<p class=\"paragraph\">Kuva poistettiin nopeasti STT:n tiedotej\u00e4rjestelm\u00e4st\u00e4, mutta medialle l\u00e4hetetyst\u00e4 s\u00e4hk\u00f6postitiedotteesta sit\u00e4 ei pystyt\u00e4 j\u00e4lkik\u00e4teen poistamaan.<\/p>\n<p class=\"paragraph\">Tiedotteen mukaan hyvinvointialue on tehnyt organisaation sis\u00e4isen tietosuojailmoituksen ja tekee sen lis\u00e4ksi ilmoituksen tietosuojavaltuutetun toimistolle. Tietoturvaloukkauksesta ilmoitetaan my\u00f6s asianosaisille.<\/p>\n<p class=\"paragraph\">Asiaan suhtaudutaan vakavasti, Tanskanen sanoo Iltalehdelle.<\/p>\n<p class=\"paragraph\">\u2013 Kyll\u00e4 se on aina tosi vakavaa, jos henkil\u00f6tietoja menee.<\/p>\n<p class=\"paragraph\">Tanskasen mukaan ohjeita on k\u00e4yty l\u00e4pi virheen j\u00e4lkeen tiistaina ja k\u00e4yd\u00e4\u00e4n viel\u00e4 uudelleen keskiviikkona kaikkien ty\u00f6ntekij\u00f6iden kanssa.<\/p>\n","protected":false},"excerpt":{"rendered":"Hyvinvointialue suhtautuu tapaukseen vakavasti, sanoo viestint\u00e4johtaja Leena-Mari Tanskanen. Vaken arkistossa on tilaa potilas- ja asiakasasiakirjoille hieman yli viisi&hellip;\n","protected":false},"author":2,"featured_media":273164,"comment_status":"","ping_status":"","sticky":false,"template":"","format":"standard","meta":{"footnotes":"","_share_on_mastodon":"0"},"categories":[12],"tags":[35,22,23,4492,26,27,33,31,30,17,148,53,24,25,28,29,15,18,21,32,149,19,20,546,16],"class_list":["post-273163","post","type-post","status-publish","format-standard","has-post-thumbnail","category-suomi","tag-24h","tag-breaking-news","tag-breakingnews","tag-digimedia","tag-featured-news","tag-featurednews","tag-fi","tag-finland","tag-finnish","tag-headlines","tag-internet","tag-laki-oikeus-ja-rikos","tag-latest-news","tag-latestnews","tag-main-news","tag-mainnews","tag-news","tag-otsikot","tag-paauutiset","tag-suomi","tag-tietojenkasittely-ja-informaatioteknologia","tag-top-stories","tag-topstories","tag-turvallisuus","tag-uutiset"],"share_on_mastodon":{"url":"https:\/\/pubeurope.com\/@fi\/116727515408412164","error":""},"_links":{"self":[{"href":"https:\/\/www.europesays.com\/fi\/wp-json\/wp\/v2\/posts\/273163","targetHints":{"allow":["GET"]}}],"collection":[{"href":"https:\/\/www.europesays.com\/fi\/wp-json\/wp\/v2\/posts"}],"about":[{"href":"https:\/\/www.europesays.com\/fi\/wp-json\/wp\/v2\/types\/post"}],"author":[{"embeddable":true,"href":"https:\/\/www.europesays.com\/fi\/wp-json\/wp\/v2\/users\/2"}],"replies":[{"embeddable":true,"href":"https:\/\/www.europesays.com\/fi\/wp-json\/wp\/v2\/comments?post=273163"}],"version-history":[{"count":0,"href":"https:\/\/www.europesays.com\/fi\/wp-json\/wp\/v2\/posts\/273163\/revisions"}],"wp:featuredmedia":[{"embeddable":true,"href":"https:\/\/www.europesays.com\/fi\/wp-json\/wp\/v2\/media\/273164"}],"wp:attachment":[{"href":"https:\/\/www.europesays.com\/fi\/wp-json\/wp\/v2\/media?parent=273163"}],"wp:term":[{"taxonomy":"category","embeddable":true,"href":"https:\/\/www.europesays.com\/fi\/wp-json\/wp\/v2\/categories?post=273163"},{"taxonomy":"post_tag","embeddable":true,"href":"https:\/\/www.europesays.com\/fi\/wp-json\/wp\/v2\/tags?post=273163"}],"curies":[{"name":"wp","href":"https:\/\/api.w.org\/{rel}","templated":true}]}}