{"id":27350,"date":"2025-09-06T13:08:07","date_gmt":"2025-09-06T13:08:07","guid":{"rendered":"https:\/\/www.europesays.com\/fi\/27350\/"},"modified":"2025-09-06T13:08:07","modified_gmt":"2025-09-06T13:08:07","slug":"kremlin-mukaan-rauhan-saavuttaminen-ukrainan-kanssa-on-mahdotonta","status":"publish","type":"post","link":"https:\/\/www.europesays.com\/fi\/27350\/","title":{"rendered":"Kremlin mukaan rauhan saavuttaminen Ukrainan kanssa on mahdotonta"},"content":{"rendered":"<p class=\"ai-optimize-6 ai-optimize-introduction\">Ven\u00e4j\u00e4n presidentti <strong>Vladimir Putin<\/strong> torjui Ukrainan presidentti <strong>Volodymyr Zelenskyin<\/strong> legitimiteetin ja sanoi, ett\u00e4 rauhansopimuksen tekeminen Ukrainan nykyisen hallituksen kanssa on mahdotonta.<\/p>\n<p class=\"ai-optimize-6 ai-optimize-introduction\">\u2013 T\u00e4m\u00e4 k\u00e4yt\u00e4nn\u00f6ss\u00e4 eliminoi mahdollisuuden vakaviin rauhanneuvotteluihin, arvioi ajatushautomo Institute for the Study of War.<\/p>\n<p class=\"ai-optimize-7\">Putin sanoi perjantaina It\u00e4isess\u00e4 talousfoorumissa, ettei h\u00e4n \u201dn\u00e4e paljonkaan j\u00e4rke\u00e4\u201d neuvotella Ukrainan kanssa, koska sopimuksen saavuttaminen Ukrainan kanssa on \u201dmahdotonta\u201d.<\/p>\n<p class=\"ai-optimize-8\">Putin v\u00e4itti, ett\u00e4 vaikka Ven\u00e4j\u00e4 ja Ukraina tekisiv\u00e4tkin rauhansopimuksen, Ukrainan on kumottava sotatilatila ja j\u00e4rjestett\u00e4v\u00e4 presidentinvaalit ennen kansan\u00e4\u00e4nestyst\u00e4 sopimuksen kodifioimiseksi, ja ett\u00e4 Ukrainan perustuslakituomioistuimen on teht\u00e4v\u00e4 p\u00e4\u00e4t\u00f6s kansan\u00e4\u00e4nestyksest\u00e4.<\/p>\n<p class=\"ai-optimize-9\">Putin v\u00e4itti edelleen, ett\u00e4 Ukrainalta puuttuu \u201dpoliittinen tahto\u201d tehd\u00e4 sopimusta, ja ett\u00e4 Ukrainan perustuslakituomioistuin on toimimaton, koska Zelenskyi on edelleen vallassa.<\/p>\n<p class=\"ai-optimize-10\">N\u00e4in h\u00e4n toisti k\u00e4yt\u00e4nn\u00f6ss\u00e4 v\u00e4\u00e4ri\u00e4 v\u00e4itteit\u00e4\u00e4n siit\u00e4, ett\u00e4 Zelenskyi ja Ukrainan nykyinen hallitus ovat laittomia. Putin ja muut Kremlin virkamiehet ovat toistuvasti kiist\u00e4neet Zelenskyin ja h\u00e4nen hallituksensa legitimiteetin tulkitsemalla Ukrainan perustuslakia tarkoituksella v\u00e4\u00e4rin.<\/p>\n<p class=\"ai-optimize-11\">\u2013 Putinin lausunto on osa h\u00e4nen jatkuvaa pyrkimyst\u00e4\u00e4n kuvata Zelenskyi ja muut ukrainalaiset virkamiehet kumppaneina, joiden kanssa Ven\u00e4j\u00e4 ei voi neuvotella tai allekirjoittaa lopullista rauhansopimusta, ISW kirjoittaa.<\/p>\n<p class=\"ai-optimize-12\">Ajatushautomo on jo pitk\u00e4\u00e4n arvioinut, ett\u00e4 Putin ei ole kiinnostunut merkityksellisist\u00e4 neuvotteluista sodan lopettamiseksi ja pyrki sen sijaan viiv\u00e4stytt\u00e4m\u00e4\u00e4n tai pitkitt\u00e4m\u00e4\u00e4n neuvotteluja.<\/p>\n<p class=\"ai-optimize-13\">\u2013 H\u00e4nen 5. syyskuuta antamansa lausunnot yritt\u00e4v\u00e4t nyt oikeuttaa Ven\u00e4j\u00e4n kielt\u00e4ytymisen neuvotella ollenkaan, ISW arvioi.<\/p>\n<blockquote class=\"twitter-tweet\" data-width=\"550\" data-dnt=\"true\">\n<p lang=\"en\" dir=\"ltr\">NEW: Russian President Vladimir Putin rejected the legitimacy of Ukrainian President Volodymyr Zelensky and said that it is impossible to conclude a peace agreement with the current Ukrainian government, effectively eliminating the possibility of serious peace negotiations. More\u2026 <a href=\"https:\/\/t.co\/hpE9Lg3vZ9\" rel=\"nofollow\">pic.twitter.com\/hpE9Lg3vZ9<\/a><\/p>\n<p>\u2014 Institute for the Study of War (@TheStudyofWar) <a href=\"https:\/\/twitter.com\/TheStudyofWar\/status\/1964150021256859748?ref_src=twsrc%5Etfw\" rel=\"nofollow noopener\" target=\"_blank\">September 6, 2025<\/a><\/p>\n<\/blockquote>\n<p>\t\t\t\t<script async src=\"https:\/\/platform.twitter.com\/widgets.js\" charset=\"utf-8\"><\/script><\/p>\n","protected":false},"excerpt":{"rendered":"Ven\u00e4j\u00e4n presidentti Vladimir Putin torjui Ukrainan presidentti Volodymyr Zelenskyin legitimiteetin ja sanoi, ett\u00e4 rauhansopimuksen tekeminen Ukrainan nykyisen hallituksen&hellip;\n","protected":false},"author":2,"featured_media":27351,"comment_status":"","ping_status":"","sticky":false,"template":"","format":"standard","meta":{"footnotes":""},"categories":[14],"tags":[22,23,26,27,33,31,30,17,24,25,28,29,15,18,21,32,19,20,986,56,16,2257,59,60,61],"class_list":{"0":"post-27350","1":"post","2":"type-post","3":"status-publish","4":"format-standard","5":"has-post-thumbnail","7":"category-ulkomaat","8":"tag-breaking-news","9":"tag-breakingnews","10":"tag-featured-news","11":"tag-featurednews","12":"tag-fi","13":"tag-finland","14":"tag-finnish","15":"tag-headlines","16":"tag-latest-news","17":"tag-latestnews","18":"tag-main-news","19":"tag-mainnews","20":"tag-news","21":"tag-otsikot","22":"tag-paauutiset","23":"tag-suomi","24":"tag-top-stories","25":"tag-topstories","26":"tag-ukrainan-neuvottelut","27":"tag-ulkomaat","28":"tag-uutiset","29":"tag-vladimir-putin","30":"tag-world","31":"tag-world-news","32":"tag-worldnews"},"share_on_mastodon":{"url":"","error":""},"_links":{"self":[{"href":"https:\/\/www.europesays.com\/fi\/wp-json\/wp\/v2\/posts\/27350","targetHints":{"allow":["GET"]}}],"collection":[{"href":"https:\/\/www.europesays.com\/fi\/wp-json\/wp\/v2\/posts"}],"about":[{"href":"https:\/\/www.europesays.com\/fi\/wp-json\/wp\/v2\/types\/post"}],"author":[{"embeddable":true,"href":"https:\/\/www.europesays.com\/fi\/wp-json\/wp\/v2\/users\/2"}],"replies":[{"embeddable":true,"href":"https:\/\/www.europesays.com\/fi\/wp-json\/wp\/v2\/comments?post=27350"}],"version-history":[{"count":0,"href":"https:\/\/www.europesays.com\/fi\/wp-json\/wp\/v2\/posts\/27350\/revisions"}],"wp:featuredmedia":[{"embeddable":true,"href":"https:\/\/www.europesays.com\/fi\/wp-json\/wp\/v2\/media\/27351"}],"wp:attachment":[{"href":"https:\/\/www.europesays.com\/fi\/wp-json\/wp\/v2\/media?parent=27350"}],"wp:term":[{"taxonomy":"category","embeddable":true,"href":"https:\/\/www.europesays.com\/fi\/wp-json\/wp\/v2\/categories?post=27350"},{"taxonomy":"post_tag","embeddable":true,"href":"https:\/\/www.europesays.com\/fi\/wp-json\/wp\/v2\/tags?post=27350"}],"curies":[{"name":"wp","href":"https:\/\/api.w.org\/{rel}","templated":true}]}}