{"id":27354,"date":"2025-09-06T13:10:08","date_gmt":"2025-09-06T13:10:08","guid":{"rendered":"https:\/\/www.europesays.com\/fi\/27354\/"},"modified":"2025-09-06T13:10:08","modified_gmt":"2025-09-06T13:10:08","slug":"hai-tappoi-miehen-sydneyn-lahella-alueen-rannat-suljettu-uutisia-lyhyesti","status":"publish","type":"post","link":"https:\/\/www.europesays.com\/fi\/27354\/","title":{"rendered":"Hai tappoi miehen Sydneyn l\u00e4hell\u00e4 \u2013 alueen rannat suljettu | Uutisia lyhyesti"},"content":{"rendered":"<p><img decoding=\"async\" alt=\"Ihmisi\u00e4 seisoo rannalla l\u00e4hell\u00e4 kyltti\u00e4, jossa varoitetaan vaarallisista olosuhteista.\" src=\"https:\/\/www.europesays.com\/fi\/wp-content\/uploads\/2025\/09\/39-151837068bc195a2d5a5.jpeg\" class=\"sc-dntSTA iywpZY\"\/><\/p>\n<p>Avaa kuvien katselu<\/p>\n<p>Perheenj\u00e4senet ja yst\u00e4v\u00e4t kokoontuivat kuolemaan johtaneen haihy\u00f6kk\u00e4yksen tapahtumapaikalle Sydneyss\u00e4 lauantaina. Kuva: Dean Lewins \/ EPA<\/p>\n<p>14:16\u2022P\u00e4ivitetty 14:23<\/p>\n<p class=\"sc-jYczwO sc-ciCoXh frIBdZ cPdSqu yle__article__paragraph\">Hai surmasi lauantaina uimarin Sydneyn l\u00e4hell\u00e4 Australiassa.<\/p>\n<p class=\"sc-jYczwO sc-ciCoXh frIBdZ cPdSqu yle__article__paragraph\">Pelastusjoukot h\u00e4lytettiin Long Reef Beachille aamulla kello kymmenelt\u00e4 paikallista aikaa, kun mereen menneen miehen ilmoitettiin saaneen hengenvaarallisia vammoja.<\/p>\n<p class=\"sc-jYczwO sc-ciCoXh frIBdZ cPdSqu yle__article__paragraph\">Uhri nostettiin merest\u00e4 ja tuotiin maihin, mutta h\u00e4n menehtyi rannalle. Merest\u00e4 l\u00f6ydettiin my\u00f6s kaksi surffilaudan palasta, ja ne on otettu tarkempaan tutkintaan.<\/p>\n<p class=\"sc-jYczwO sc-ciCoXh frIBdZ cPdSqu yle__article__paragraph\">Poliisi on sulkenut rannan, ja el\u00e4inasiantuntijat selvitt\u00e4v\u00e4t parhaillaan, mink\u00e4 lajin hai oli kyseess\u00e4. My\u00f6s l\u00e4hialueen rannat on toistaiseksi suljettu.<\/p>\n<p class=\"sc-jYczwO sc-ciCoXh frIBdZ cPdSqu yle__article__paragraph\">L\u00e4hde: AP<\/p>\n","protected":false},"excerpt":{"rendered":"Avaa kuvien katselu Perheenj\u00e4senet ja yst\u00e4v\u00e4t kokoontuivat kuolemaan johtaneen haihy\u00f6kk\u00e4yksen tapahtumapaikalle Sydneyss\u00e4 lauantaina. Kuva: Dean Lewins \/ EPA&hellip;\n","protected":false},"author":2,"featured_media":27355,"comment_status":"","ping_status":"","sticky":false,"template":"","format":"standard","meta":{"footnotes":""},"categories":[5],"tags":[3751,22,23,26,27,33,31,30,8563,17,24,25,28,29,15,837,18,21,32,19,20,56,16],"class_list":{"0":"post-27354","1":"post","2":"type-post","3":"status-publish","4":"format-standard","5":"has-post-thumbnail","7":"category-otsikot","8":"tag-australia","9":"tag-breaking-news","10":"tag-breakingnews","11":"tag-featured-news","12":"tag-featurednews","13":"tag-fi","14":"tag-finland","15":"tag-finnish","16":"tag-hait","17":"tag-headlines","18":"tag-latest-news","19":"tag-latestnews","20":"tag-main-news","21":"tag-mainnews","22":"tag-news","23":"tag-onnettomuudet","24":"tag-otsikot","25":"tag-paauutiset","26":"tag-suomi","27":"tag-top-stories","28":"tag-topstories","29":"tag-ulkomaat","30":"tag-uutiset"},"share_on_mastodon":{"url":"","error":""},"_links":{"self":[{"href":"https:\/\/www.europesays.com\/fi\/wp-json\/wp\/v2\/posts\/27354","targetHints":{"allow":["GET"]}}],"collection":[{"href":"https:\/\/www.europesays.com\/fi\/wp-json\/wp\/v2\/posts"}],"about":[{"href":"https:\/\/www.europesays.com\/fi\/wp-json\/wp\/v2\/types\/post"}],"author":[{"embeddable":true,"href":"https:\/\/www.europesays.com\/fi\/wp-json\/wp\/v2\/users\/2"}],"replies":[{"embeddable":true,"href":"https:\/\/www.europesays.com\/fi\/wp-json\/wp\/v2\/comments?post=27354"}],"version-history":[{"count":0,"href":"https:\/\/www.europesays.com\/fi\/wp-json\/wp\/v2\/posts\/27354\/revisions"}],"wp:featuredmedia":[{"embeddable":true,"href":"https:\/\/www.europesays.com\/fi\/wp-json\/wp\/v2\/media\/27355"}],"wp:attachment":[{"href":"https:\/\/www.europesays.com\/fi\/wp-json\/wp\/v2\/media?parent=27354"}],"wp:term":[{"taxonomy":"category","embeddable":true,"href":"https:\/\/www.europesays.com\/fi\/wp-json\/wp\/v2\/categories?post=27354"},{"taxonomy":"post_tag","embeddable":true,"href":"https:\/\/www.europesays.com\/fi\/wp-json\/wp\/v2\/tags?post=27354"}],"curies":[{"name":"wp","href":"https:\/\/api.w.org\/{rel}","templated":true}]}}