{"id":27364,"date":"2025-09-06T13:35:08","date_gmt":"2025-09-06T13:35:08","guid":{"rendered":"https:\/\/www.europesays.com\/fi\/27364\/"},"modified":"2025-09-06T13:35:08","modified_gmt":"2025-09-06T13:35:08","slug":"vakivaltainen-ryosto-jyvaskylan-kuokkalassa-nuoret-loivat-uhria-ja-veivat-lompakon-keski-suomi","status":"publish","type":"post","link":"https:\/\/www.europesays.com\/fi\/27364\/","title":{"rendered":"V\u00e4kivaltainen ry\u00f6st\u00f6 Jyv\u00e4skyl\u00e4n Kuokkalassa \u2013\u2009nuoret l\u00f6iv\u00e4t uhria ja veiv\u00e4t lompakon | Keski-Suomi"},"content":{"rendered":"<p>Mies joutui ry\u00f6st\u00f6n ja pahoinpitelyn uhriksi Jyv\u00e4skyl\u00e4n Kuokkalassa perjantain ja lauantain v\u00e4lisen\u00e4 y\u00f6n\u00e4.<\/p>\n<p>Rikosylikomisario <strong>Timo H\u00e4nninen<\/strong> Sis\u00e4-Suomen poliisista kertoo, ett\u00e4 kaksi nuorta henkil\u00f6\u00e4 k\u00e4vi Polttolinjalla asianomistajan kimppuun vaatien rahaa. Kun asianomistaja kertoi, ettei t\u00e4ll\u00e4 ole rahaa, nuoret pahoinpiteliv\u00e4t h\u00e4nt\u00e4 ly\u00f6m\u00e4ll\u00e4.<\/p>\n<p>Nuoret veiv\u00e4t miehelt\u00e4 lompakon, jonka sis\u00e4ll\u00e4 oli asianomistajan kortteja. Ep\u00e4illyt poistuivat paikalta.<\/p>\n<p>Poliisi pyyt\u00e4\u00e4 havaintoja asiasta vihjepuhelimeen 0295 414 811 tai s\u00e4hk\u00f6postiin vihjeet.sisa-suomi@poliisi.fi.<\/p>\n<p>Keskisuomalainen tavoitti hy\u00f6kk\u00e4yksen uhriksi joutuneen <strong>Janne Kalliokuljun<\/strong>, joka kertoi kokemuksistaan my\u00f6s sosiaalisessa mediassa. Kalliokuljun mukaan nuoret olivat tarttuneet h\u00e4nt\u00e4 kaulasta ja vaatineet k\u00e4teist\u00e4.<\/p>\n<p>\u2013 He vaativat, ett\u00e4 menn\u00e4\u00e4n automaatille. Kun l\u00e4hdimme k\u00e4velem\u00e4\u00e4n, he hellittiv\u00e4t v\u00e4h\u00e4n otetta, ja yritin juosta karkuun, sill\u00e4 kotioveni oli aivan vieress\u00e4. He heittiv\u00e4t minut maahan ja hakkasivat monta kertaa. Lopuksi he ottivat lompakon ja l\u00e4htiv\u00e4t menem\u00e4\u00e4n.<\/p>\n<p>Lompakossa oli muun muassa Kalliokuljun pankkikortti ja ajokortti.<\/p>\n<p>Kalliokulju kertoo voivansa &#8221;ihan ok&#8221; ja kokee selvinneens\u00e4 loppupeleiss\u00e4 v\u00e4h\u00e4ll\u00e4. Jatkossa y\u00f6aikaan yksin liikkuminen kuitenkin j\u00e4nnitt\u00e4\u00e4.<\/p>\n<p>\u2013 Ei voi y\u00f6ll\u00e4 liikkua yksin en\u00e4\u00e4. Pit\u00e4\u00e4 tulla jonkun kyydill\u00e4 pihaan ja katsoa, ett\u00e4 ihminen p\u00e4\u00e4see ovesta sis\u00e4\u00e4n. Tai olla jonkun kanssa. T\u00e4h\u00e4n on maailma mennyt.<\/p>\n","protected":false},"excerpt":{"rendered":"Mies joutui ry\u00f6st\u00f6n ja pahoinpitelyn uhriksi Jyv\u00e4skyl\u00e4n Kuokkalassa perjantain ja lauantain v\u00e4lisen\u00e4 y\u00f6n\u00e4. Rikosylikomisario Timo H\u00e4nninen Sis\u00e4-Suomen poliisista&hellip;\n","protected":false},"author":2,"featured_media":983,"comment_status":"","ping_status":"","sticky":false,"template":"","format":"standard","meta":{"footnotes":""},"categories":[12],"tags":[22,23,26,27,33,31,30,17,24,25,28,29,47,141,15,2406,18,21,2408,2405,2407,32,485,19,20,16],"class_list":{"0":"post-27364","1":"post","2":"type-post","3":"status-publish","4":"format-standard","5":"has-post-thumbnail","7":"category-suomi","8":"tag-breaking-news","9":"tag-breakingnews","10":"tag-featured-news","11":"tag-featurednews","12":"tag-fi","13":"tag-finland","14":"tag-finnish","15":"tag-headlines","16":"tag-latest-news","17":"tag-latestnews","18":"tag-main-news","19":"tag-mainnews","20":"tag-musiikki","21":"tag-muusikot-bandit","22":"tag-news","23":"tag-osakkeet-arvopaperit","24":"tag-otsikot","25":"tag-paauutiset","26":"tag-rahoitusmarkkinat","27":"tag-rahoitustuotteita","28":"tag-sijoittaminen-rahoitus","29":"tag-suomi","30":"tag-taide-yleista","31":"tag-top-stories","32":"tag-topstories","33":"tag-uutiset"},"share_on_mastodon":{"url":"","error":""},"_links":{"self":[{"href":"https:\/\/www.europesays.com\/fi\/wp-json\/wp\/v2\/posts\/27364","targetHints":{"allow":["GET"]}}],"collection":[{"href":"https:\/\/www.europesays.com\/fi\/wp-json\/wp\/v2\/posts"}],"about":[{"href":"https:\/\/www.europesays.com\/fi\/wp-json\/wp\/v2\/types\/post"}],"author":[{"embeddable":true,"href":"https:\/\/www.europesays.com\/fi\/wp-json\/wp\/v2\/users\/2"}],"replies":[{"embeddable":true,"href":"https:\/\/www.europesays.com\/fi\/wp-json\/wp\/v2\/comments?post=27364"}],"version-history":[{"count":0,"href":"https:\/\/www.europesays.com\/fi\/wp-json\/wp\/v2\/posts\/27364\/revisions"}],"wp:featuredmedia":[{"embeddable":true,"href":"https:\/\/www.europesays.com\/fi\/wp-json\/wp\/v2\/media\/983"}],"wp:attachment":[{"href":"https:\/\/www.europesays.com\/fi\/wp-json\/wp\/v2\/media?parent=27364"}],"wp:term":[{"taxonomy":"category","embeddable":true,"href":"https:\/\/www.europesays.com\/fi\/wp-json\/wp\/v2\/categories?post=27364"},{"taxonomy":"post_tag","embeddable":true,"href":"https:\/\/www.europesays.com\/fi\/wp-json\/wp\/v2\/tags?post=27364"}],"curies":[{"name":"wp","href":"https:\/\/api.w.org\/{rel}","templated":true}]}}