{"id":27369,"date":"2025-09-06T13:48:12","date_gmt":"2025-09-06T13:48:12","guid":{"rendered":"https:\/\/www.europesays.com\/fi\/27369\/"},"modified":"2025-09-06T13:48:12","modified_gmt":"2025-09-06T13:48:12","slug":"pitkaan-musiikkialalla-ollut-johanna-kurkela-kokee-olevansa-uransa-alussa-kaikki-tahdet-ovat-loksahtaneet-kohdilleen-paikalliset","status":"publish","type":"post","link":"https:\/\/www.europesays.com\/fi\/27369\/","title":{"rendered":"Pitk\u00e4\u00e4n musiikkialalla ollut Johanna Kurkela kokee olevansa uransa alussa \u2013 &#8221;Kaikki t\u00e4hdet ovat loksahtaneet kohdilleen&#8221; | Paikalliset"},"content":{"rendered":"<p>T\u00e4m\u00e4 juttu on julkaistu ensimm\u00e4isen kerran Karjalaisessa 24.4.2025.<\/p>\n<p>Kiteel\u00e4isell\u00e4 laulaja-lauluntekij\u00e4 <strong>Johanna Kurkelalla<\/strong> on monellakin tavalla menossa juhlavuosi. Ensimm\u00e4inen merkkipaalu on jo huomenna perjantaina, kun h\u00e4n t\u00e4ytt\u00e4\u00e4 40 vuotta.<\/p>\n<p>\u2013 Juhlin syntym\u00e4p\u00e4iv\u00e4\u00e4ni luonnon rauhassa, kehoni lempe\u00e4sti kohdaten ja uuden vuosikymmenen unelmael\u00e4m\u00e4karttaa visioiden, Kurkela kertoo juhlap\u00e4iv\u00e4n suunnitelmistaan.<\/p>\n<p><strong class=\"diks-storyline__impact\">Juhlaan <\/strong>on aihetta my\u00f6s my\u00f6hemmin t\u00e4n\u00e4 vuonna, kun Johanna Kurkelan Auri-yhtyeelt\u00e4 ilmestyy kolmas levy. Hiljattain Johanna Kurkela sek\u00e4 h\u00e4nen aviomiehens\u00e4 <strong>Tuomas Holopainen <\/strong>sek\u00e4 <strong>Troy Donockley <\/strong>olivat Espanjassa miksaamassa levy\u00e4\u00e4n. Se saatiin pakettiin muutama viikko sitten.<\/p>\n<p>\u2013\u2009Levy pit\u00e4isi julkaista elokuussa, ja heti sen j\u00e4lkeen l\u00e4hdemme mittavalle kiertueelle. Laskeskelin, ett\u00e4 meill\u00e4 on kaikkiaan 27 keikkaa.<\/p>\n<p>\t\t\t\t\t<img class=\"diks-card__image\" src=\"https:\/\/www.europesays.com\/fi\/wp-content\/uploads\/2025\/09\/10990780.jpg\" loading=\"lazy\"   decoding=\"sync\" alt=\"\"\/><\/p>\n<p>Kiertueensa Auri k\u00e4ynnist\u00e4\u00e4 mist\u00e4p\u00e4 muualta kuin kotipaikkakunnaltaan Kiteelt\u00e4.<\/p>\n<p>\u2013\u200914. elokuuta aloitamme kotikent\u00e4lt\u00e4mme ja sielt\u00e4 l\u00e4hdemme valloittamaan maailmaa.<\/p>\n<p>\t\t<a class=\"diks-gallery__link\" href=\"https:\/\/i.media.fi\/incoming\/mw6ors\/10766695.jpg\/alternates\/FREE_1440\/10766695.jpg\" data-thumbnail=\"\" data-sub-html=\"Johanna Kurkela saa voimaa ja inspiraatiota s\u00e4velt\u00e4miins\u00e4 ja sanoittamiinsa biiseihin luonnosta. Heli Sallinen\" aria-label=\"Katso isompi kuva\" rel=\"nofollow noopener\" target=\"_blank\"><br \/>\n\t\t\t\t<img class=\"diks-figure__image\" src=\"https:\/\/www.europesays.com\/fi\/wp-content\/uploads\/2025\/09\/10766695.jpg\" loading=\"lazy\" decoding=\"sync\" alt=\"\"\/><br \/>\n\t\t\t<\/a><br \/>\n\t\t\t\t\tJohanna Kurkela saa voimaa ja inspiraatiota s\u00e4velt\u00e4miins\u00e4 ja sanoittamiinsa biiseihin luonnosta. Heli Sallinen<\/p>\n<p>\t\t<a class=\"diks-gallery__link\" href=\"https:\/\/i.media.fi\/incoming\/5qjtn8\/10766688.jpg\/alternates\/FREE_1440\/10766688.jpg\" data-thumbnail=\"\" data-sub-html=\"Johanna Kurkela aloittaa aina p\u00e4iv\u00e4ns\u00e4 kirjoittamalla kiitollisuusp\u00e4iv\u00e4kirjaansa, millaisen h\u00e4n haluaa p\u00e4iv\u00e4st\u00e4\u00e4n tulevan. Aamurutiineihin kuuluu my\u00f6s jooga- ja meditointihetki. Heli Sallinen\" aria-label=\"Katso isompi kuva\" rel=\"nofollow noopener\" target=\"_blank\"><br \/>\n\t\t\t\t<img class=\"diks-figure__image\" src=\"https:\/\/www.europesays.com\/fi\/wp-content\/uploads\/2025\/09\/10766688.jpg\" loading=\"lazy\" decoding=\"sync\" alt=\"\"\/><br \/>\n\t\t\t<\/a><br \/>\n\t\t\t\t\tJohanna Kurkela aloittaa aina p\u00e4iv\u00e4ns\u00e4 kirjoittamalla kiitollisuusp\u00e4iv\u00e4kirjaansa, millaisen h\u00e4n haluaa p\u00e4iv\u00e4st\u00e4\u00e4n tulevan. Aamurutiineihin kuuluu my\u00f6s jooga- ja meditointihetki. Heli Sallinen<\/p>\n<p><strong class=\"diks-storyline__impact\">Suomen keikkojen <\/strong>j\u00e4lkeen vuorossa on pari keikkaa Britteinsaarilla, jonka j\u00e4lkeen on Manner-Euroopan-valloituksen vuoro. Kiertue p\u00e4\u00e4ttyy lokakuussa Norjan Bergeniin.<\/p>\n<p>\u2013\u2009Olen odottanut kovasti t\u00e4t\u00e4 hetke\u00e4. On ihanaa p\u00e4\u00e4st\u00e4 esitt\u00e4m\u00e4\u00e4n Aurin biisej\u00e4 ensimm\u00e4ist\u00e4 kertaa liven\u00e4. Jos korona-aikana piti odotella, py\u00f6ritell\u00e4 peukaloita ja harjoittaa k\u00e4rsiv\u00e4llisyytt\u00e4, nyt p\u00e4\u00e4sen tekem\u00e4\u00e4n tuutin t\u00e4ydelt\u00e4 sit\u00e4, mist\u00e4 nautin.<\/p>\n<p>Aurin kiertueella on osittain mukana my\u00f6s Kurkelan toinenkin b\u00e4ndi Eye Of Melian sek\u00e4 Kurkelan kolmannenkin kokoonpanon Altamullan Roadin j\u00e4seni\u00e4.<\/p>\n<p>\u2013\u2009Eye Of Melianin kanssa teemme kaikkiaan nelj\u00e4 keikkaa yhdess\u00e4 Aurin kanssa. Olemme kuin kiertelevien muusikoiden iso perhe, Kurkela paljastaa.<\/p>\n<p><strong class=\"diks-storyline__impact\">Johanna Kurkelan<\/strong> mukaan elokuvamusiikkia ja poppia yhdist\u00e4v\u00e4n Aurin uudella levyll\u00e4 tullaan kuulemaan s\u00e4vyj\u00e4, joita b\u00e4ndin edellisill\u00e4 levyill\u00e4 ei ole aiemmin kuultu.<\/p>\n<p>\u2013\u2009T\u00e4lle kolmannelle levylle min\u00e4 tein kolme biisi\u00e4, kuten Tuomaskin, ja Troy teki nelj\u00e4. Meill\u00e4 jokaisella on hyvin tunnistettava tyylimme kirjoittaa, mutta kun biisit laitetaan yhteen, niill\u00e4 on samanlainen sielu.<\/p>\n<p>\u2013\u2009Leffamusiikkia tehd\u00e4\u00e4n paljon, mutta siin\u00e4 ei lauleta. Koen, ett\u00e4 etenkin Eye Of Melian on pioneeri popmusiikin ja elokuvamusiikin yhdist\u00e4misess\u00e4. Miksei kukaan ole tehnyt t\u00e4llaista aiemmin? Kurkela ihmettelee.<\/p>\n<p>\t\t<a class=\"diks-gallery__link\" href=\"https:\/\/i.media.fi\/incoming\/qne7ma\/10766698.jpg\/alternates\/FREE_1440\/10766698.jpg\" data-thumbnail=\"\" data-sub-html=\"Johanna Kurkelan mielimaisema on vanha sammaleinen kuusimets\u00e4. Yksi syy siihen on se, ett\u00e4 sielt\u00e4 l\u00f6ytyy paljon h\u00e4nen lempiv\u00e4ri\u00e4\u00e4n vihre\u00e4\u00e4. Heli Sallinen\" aria-label=\"Katso isompi kuva\" rel=\"nofollow noopener\" target=\"_blank\"><br \/>\n\t\t\t\t<img class=\"diks-figure__image\" src=\"https:\/\/www.europesays.com\/fi\/wp-content\/uploads\/2025\/09\/10766698.jpg\" loading=\"lazy\" decoding=\"sync\" alt=\"\"\/><br \/>\n\t\t\t<\/a><br \/>\n\t\t\t\t\tJohanna Kurkelan mielimaisema on vanha sammaleinen kuusimets\u00e4. Yksi syy siihen on se, ett\u00e4 sielt\u00e4 l\u00f6ytyy paljon h\u00e4nen lempiv\u00e4ri\u00e4\u00e4n vihre\u00e4\u00e4. Heli Sallinen<\/p>\n<p>\t\t<a class=\"diks-gallery__link\" href=\"https:\/\/i.media.fi\/incoming\/9fspp\/10766694.jpg\/alternates\/FREE_1440\/10766694.jpg\" data-thumbnail=\"\" data-sub-html=\"Johanna Kurkela ei ole koskaan ollut muoti-ilmi\u00f6iden yst\u00e4v\u00e4. -\u2009Vierastan esimerkiksi ajatusta siit\u00e4, ett\u00e4 kaikkien pit\u00e4isi pukeutua samalla tavalla. Jokainen voi ilmaista vaatteilla omaa ainutlaatuista persoonaansa. Heli Sallinen\" aria-label=\"Katso isompi kuva\" rel=\"nofollow noopener\" target=\"_blank\"><br \/>\n\t\t\t\t<img class=\"diks-figure__image\" src=\"https:\/\/www.europesays.com\/fi\/wp-content\/uploads\/2025\/09\/10766694.jpg\" loading=\"lazy\" decoding=\"sync\" alt=\"\"\/><br \/>\n\t\t\t<\/a><br \/>\n\t\t\t\t\tJohanna Kurkela ei ole koskaan ollut muoti-ilmi\u00f6iden yst\u00e4v\u00e4. -\u2009Vierastan esimerkiksi ajatusta siit\u00e4, ett\u00e4 kaikkien pit\u00e4isi pukeutua samalla tavalla. Jokainen voi ilmaista vaatteilla omaa ainutlaatuista persoonaansa. Heli Sallinen<\/p>\n<p class=\"diks-title diks-article-box__title\">40 vuotta<\/p>\n<p>Johanna Kurkela<\/p>\n<p>Syntynyt 25. huhtikuuta vuonna 1985 Lumijoella.<\/p>\n<p>Laulaja-lauluntekij\u00e4.<\/p>\n<p>Asuu Kiteell\u00e4 yhdess\u00e4 aviopuolisonsa Tuomas Holopaisen kanssa. Perheess\u00e4 on my\u00f6s kaksi kissaa.<\/p>\n<p>Opiskeli Madetojan musiikkilukiossa Oulussa. Lukion j\u00e4lkeen h\u00e4n siirtyi ammattikorkeakouluun opiskelemaan hevostalousalaa.<\/p>\n<p>Aloitti levytysuran vuonna 2005. Soolouransa aikana julkaisi seitsem\u00e4n albumia.<\/p>\n<p>Sanoittaa ja s\u00e4velt\u00e4\u00e4 kappaleita nykyisille kolmelle b\u00e4ndilleen Aurille, Eye Of Melianille ja Altamullan Roadille.<\/p>\n<p>Kurkelalla on my\u00f6s Auriwear-verkkokauppa, jossa h\u00e4n myy tekemi\u00e4\u00e4n fantasiamaailmojen inspiroimia neuleita ja asusteita.<\/p>\n<p>Harrastaa neulomista, el\u00e4m\u00e4ntaitojen opiskelua, kiitollisuusp\u00e4iv\u00e4kirjaa ja unelmien toteuttamista.<\/p>\n<p>Lempiruoka ja -juoma: L\u00e4mmin maustettu vesi, kasvikset, hedelm\u00e4t ja marjat, joita keho kulloinkin kaipaa.<\/p>\n<p>Rakastaa fantasiamaailmoja, skotlannin murretta, sammaleisia kuusimetsi\u00e4, turkoosia vett\u00e4, orkideoja, sinisi\u00e4 perhosia, teemapuistoja ja yst\u00e4v\u00e4llisyytt\u00e4.<\/p>\n<p><strong class=\"diks-storyline__impact\">Vaikka Kurkelalla <\/strong>on jo pitk\u00e4 ura takanaan musiikin alalla, vasta nyt h\u00e4n kokee olevansa oman uransa alussa. Ja siit\u00e4 h\u00e4n on erityisen innoissaan.<\/p>\n<p>\u2013 T\u00e4m\u00e4 on el\u00e4m\u00e4ni parasta aikaa. Tuntuu, ett\u00e4 ensimm\u00e4ist\u00e4 kertaa kaikki t\u00e4hdet ovat loksahtaneet kohdilleen. Oma biisintekijyys ja b\u00e4ndit, joiden kanssa saan tehd\u00e4 musiikkia, ovat sopusoinnussa mieleni ja kehoni kanssa. Koen, ett\u00e4 aika on nyt ja t\u00e4ss\u00e4.<\/p>\n<p>Laulaja-lauluntekij\u00e4 lausuu kiitoksensa kaikille niille ihmisille, jotka tukivat h\u00e4nen soolouransa alkamista kaksikymment\u00e4 vuotta sitten.<\/p>\n<p>\u2013\u2009Sain aloittaa urani unelmaolosuhteissa levy-yhti\u00f6ss\u00e4. Kaikkihan eiv\u00e4t saa heti levytyssopimusta, kuten min\u00e4 sain. Sen my\u00f6t\u00e4 olen saanut nime\u00e4, eik\u00e4 minun tarvitse aloittaa ihan alusta, vaikka nykyinen musiikkini on hyvin erilaista kuin soolourani aikana.<\/p>\n<p>\t\t<a class=\"diks-gallery__link\" href=\"https:\/\/i.media.fi\/incoming\/vfnjj0\/10766690.jpg\/alternates\/FREE_1440\/10766690.jpg\" data-thumbnail=\"\" data-sub-html=\"Johanna Kurkela on asunut Kiteell\u00e4 jo 15 vuoden ajan. Heli Sallinen\" aria-label=\"Katso isompi kuva\" rel=\"nofollow noopener\" target=\"_blank\"><br \/>\n\t\t\t\t<img class=\"diks-figure__image\" src=\"https:\/\/www.europesays.com\/fi\/wp-content\/uploads\/2025\/09\/10766690.jpg\" loading=\"lazy\" decoding=\"sync\" alt=\"\"\/><br \/>\n\t\t\t<\/a><br \/>\n\t\t\t\t\tJohanna Kurkela on asunut Kiteell\u00e4 jo 15 vuoden ajan. Heli Sallinen<\/p>\n<p><strong class=\"diks-storyline__impact\">L\u00f6yt\u00e4ess\u00e4\u00e4n <\/strong>oman musiikillisen tyylins\u00e4 ja intohimonsa Johanna Kurkela on saanut siit\u00e4 voimaa itselleen. Sis\u00e4lt\u00e4 kehon syvyyksist\u00e4 kumpuava luovuus on p\u00e4\u00e4ssyt valloilleen, ja energiaa uudisraivaajan luonteen omaavalla naisella riitt\u00e4\u00e4 vaikka toisille jaettavaksi.<\/p>\n<p>\u2013\u2009Minulla on draivi p\u00e4\u00e4ll\u00e4 ja voimaa kuin pieness\u00e4 kyl\u00e4ss\u00e4. Haluan k\u00e4ytt\u00e4\u00e4 t\u00e4m\u00e4n luovuuden puuskan hy\u00f6dyksi ja raivata oman kinttupolkuni, jota pitkin l\u00e4hden tutkimaan uusia musiikillisia maisemia.<\/p>\n<p>\t\t\t\t\t<img class=\"diks-card__image\" src=\"https:\/\/www.europesays.com\/fi\/wp-content\/uploads\/2025\/09\/9201050.jpg\" loading=\"lazy\"   decoding=\"sync\" alt=\"\"\/><\/p>\n<p>\t\t\t\t\t<img class=\"diks-card__image\" src=\"https:\/\/www.europesays.com\/fi\/wp-content\/uploads\/2025\/09\/3390661.jpg\" loading=\"lazy\"   decoding=\"sync\" alt=\"\"\/><\/p>\n","protected":false},"excerpt":{"rendered":"T\u00e4m\u00e4 juttu on julkaistu ensimm\u00e4isen kerran Karjalaisessa 24.4.2025. Kiteel\u00e4isell\u00e4 laulaja-lauluntekij\u00e4 Johanna Kurkelalla on monellakin tavalla menossa juhlavuosi. Ensimm\u00e4inen&hellip;\n","protected":false},"author":2,"featured_media":27370,"comment_status":"","ping_status":"","sticky":false,"template":"","format":"standard","meta":{"footnotes":""},"categories":[136],"tags":[407,137,33,31,30,2675,408,1009,108,47,141,32,484,109],"class_list":{"0":"post-27369","1":"post","2":"type-post","3":"status-publish","4":"format-standard","5":"has-post-thumbnail","7":"category-julkkikset","8":"tag-celebrities","9":"tag-entertainment","10":"tag-fi","11":"tag-finland","12":"tag-finnish","13":"tag-instagram","14":"tag-julkkikset","15":"tag-kitee","16":"tag-kulttuuri","17":"tag-musiikki","18":"tag-muusikot-bandit","19":"tag-suomi","20":"tag-taiteellinen-ilmaisu-ja-mediat","21":"tag-viihde"},"share_on_mastodon":{"url":"","error":""},"_links":{"self":[{"href":"https:\/\/www.europesays.com\/fi\/wp-json\/wp\/v2\/posts\/27369","targetHints":{"allow":["GET"]}}],"collection":[{"href":"https:\/\/www.europesays.com\/fi\/wp-json\/wp\/v2\/posts"}],"about":[{"href":"https:\/\/www.europesays.com\/fi\/wp-json\/wp\/v2\/types\/post"}],"author":[{"embeddable":true,"href":"https:\/\/www.europesays.com\/fi\/wp-json\/wp\/v2\/users\/2"}],"replies":[{"embeddable":true,"href":"https:\/\/www.europesays.com\/fi\/wp-json\/wp\/v2\/comments?post=27369"}],"version-history":[{"count":0,"href":"https:\/\/www.europesays.com\/fi\/wp-json\/wp\/v2\/posts\/27369\/revisions"}],"wp:featuredmedia":[{"embeddable":true,"href":"https:\/\/www.europesays.com\/fi\/wp-json\/wp\/v2\/media\/27370"}],"wp:attachment":[{"href":"https:\/\/www.europesays.com\/fi\/wp-json\/wp\/v2\/media?parent=27369"}],"wp:term":[{"taxonomy":"category","embeddable":true,"href":"https:\/\/www.europesays.com\/fi\/wp-json\/wp\/v2\/categories?post=27369"},{"taxonomy":"post_tag","embeddable":true,"href":"https:\/\/www.europesays.com\/fi\/wp-json\/wp\/v2\/tags?post=27369"}],"curies":[{"name":"wp","href":"https:\/\/api.w.org\/{rel}","templated":true}]}}