{"id":273817,"date":"2026-06-11T11:49:08","date_gmt":"2026-06-11T11:49:08","guid":{"rendered":"https:\/\/www.europesays.com\/fi\/273817\/"},"modified":"2026-06-11T11:49:08","modified_gmt":"2026-06-11T11:49:08","slug":"alexandra-26-eli-yli-varojensa-somesuosion-jalkeen-karu-tilanne-iltalehti","status":"publish","type":"post","link":"https:\/\/www.europesays.com\/fi\/273817\/","title":{"rendered":"Alexandra, 26, eli yli varojensa somesuosion j\u00e4lkeen \u2013 Karu tilanne &#8211; Iltalehti"},"content":{"rendered":"<ol>\n<li><a href=\"https:\/\/news.google.com\/rss\/articles\/CBMigwFBVV95cUxPeWpyQkNhOVFTVWY2ZHBaNlFNUjVTUE1XTUFkRUZjZGYxYzliT2J2WDd6cWExSGRQc01Jd0xoSFhKZTMtZVB4c3liMjBRY1RFalpSd1BFSE5sQThDX0k2ZVpXX1RLdDY2dXJZZmd3RTc2Znd6MU9RSXJ4bkN6LXZrblExTQ?oc=5\" target=\"_blank\" rel=\"nofollow noopener\">Alexandra, 26, eli yli varojensa somesuosion j\u00e4lkeen \u2013 Karu tilanne<\/a>&nbsp;&nbsp;Iltalehti<\/li>\n<li><a href=\"https:\/\/news.google.com\/rss\/articles\/CBMiqAFBVV95cUxOS01tYndBUzFMWGlvMnF0a195bk9aM0ZsdC1iQWdGS3lxVV9vU3pNaWU5NWM5LTU0RmZleG5pMm1teHVOSzhhY0tGQ1FDR1JySEZBamNFYU5LT3ZjUHJtdGIxcTBkNm9MY1o4QllCZFRfN0JfX0FnZThjWk96YXc0U1IwZVRfbVNmbmVoeGNIV3BhZnFOeTQyM3JLM25saWxMVGN5d1VfdHE?oc=5\" target=\"_blank\" rel=\"nofollow noopener\">Shokkipaljastus The Summit Suomesta: Kilpailijat y\u00f6pyiv\u00e4t hotellissa!<\/a>&nbsp;&nbsp;Seiska.fi<\/li>\n<li><a href=\"https:\/\/news.google.com\/rss\/articles\/CBMivAFBVV95cUxObE4wU0pCZHNyVmFSUl83Tk1yc0N3X1R3WXE4Sm4xakgzSzA0X2dac2JJeHh2dGpYYnNnUFhqVURIUkR3TUZ5bDduNkFsSmEwb2l0bG03V2lYTnlVSEFISnZjR3VweXFtekhJbzg1UEZYenQzNG55SjJBMHAtZUg1bUwtM1U2bjRqeDBDTGN2aFRTM3kzamdDRl9vYndTWXpEVG1rdWU1Vk8yalJHeXdPYlBfNHdUSEFfaHRBRA?oc=5\" target=\"_blank\" rel=\"nofollow noopener\">Luetuimmat: Jasper P\u00e4\u00e4kk\u00f6nen paljastaa, miss\u00e4 oikeasti nukutaan The Summit Suomi -kuvauksissa<\/a>&nbsp;&nbsp;Suomi24<\/li>\n<li><a href=\"https:\/\/news.google.com\/rss\/articles\/CBMiZkFVX3lxTFBwSjdkV29UU3poTXJvVTFMcktsUDI5ZUVtLTB4OGlyQ28tUS1rRzB5XzNwaE0zOEpWUExqQVhuQlNFRm9HNFc0MlJQeVBfX0JlQXVZYWtrU1J4VjFJQURMaVo0azl1UQ?oc=5\" target=\"_blank\" rel=\"nofollow noopener\">The Summit Suomi -voittaja sai murskaavaa somepalautetta \u2013 \u201dPelimin\u00e4 ei miellytt\u00e4nyt\u201d<\/a>&nbsp;&nbsp;Ilta-Sanomat<\/li>\n<li><a href=\"https:\/\/news.google.com\/rss\/articles\/CBMiggFBVV95cUxORUFjTm9xeHBrRjU5aVR2R1BJSy1jaXRoUjdvbE5iNHh0d0tXVnVMZk5hNW5lZ0dVRElUMndDMTlyeFZjWVRuckIxdXNPMkdTUWhSdG1WdFRHRlc0V3o0Zng0QVRacVZNVVljM3dlakNSeEd2VWNtYnA2NnphVzdpZW5R?oc=5\" target=\"_blank\" rel=\"nofollow noopener\">Alexandra osallistui realityyn ja sai katsojien vihat p\u00e4\u00e4lleen: \u201dIhan j\u00e4rkytt\u00e4v\u00e4\u00e4 tavaraa\u201d<\/a>&nbsp;&nbsp;Iltalehti<\/li>\n<\/ol>\n","protected":false},"excerpt":{"rendered":"Alexandra, 26, eli yli varojensa somesuosion j\u00e4lkeen \u2013 Karu tilanne&nbsp;&nbsp;Iltalehti Shokkipaljastus The Summit Suomesta: Kilpailijat y\u00f6pyiv\u00e4t hotellissa!&nbsp;&nbsp;Seiska.fi Luetuimmat:&hellip;\n","protected":false},"author":2,"featured_media":273818,"comment_status":"","ping_status":"","sticky":false,"template":"","format":"standard","meta":{"footnotes":"","_share_on_mastodon":"0"},"categories":[5],"tags":[5442,22,23,26,27,33,31,30,17,2714,28535,12032,1390,2456,24,25,28,29,1346,4054,15,18,21,5628,8028,8029,721,32,19,20,16,109],"class_list":["post-273817","post","type-post","status-publish","format-standard","has-post-thumbnail","category-otsikot","tag-behind-the-scenes","tag-breaking-news","tag-breakingnews","tag-featured-news","tag-featurednews","tag-fi","tag-finland","tag-finnish","tag-headlines","tag-henkilojuttu","tag-inspiroiva-tarina","tag-julkkis","tag-kuukausi","tag-lainamarkkinat","tag-latest-news","tag-latestnews","tag-main-news","tag-mainnews","tag-mielenterveys","tag-naiset","tag-news","tag-otsikot","tag-paauutiset","tag-pankkitoiminta","tag-rahalaitokset","tag-rahoituksen-valitys-pl-vakuutustoiminta","tag-rahoitus","tag-suomi","tag-top-stories","tag-topstories","tag-uutiset","tag-viihde"],"share_on_mastodon":{"url":"https:\/\/pubeurope.com\/@fi\/116731325112171774","error":""},"_links":{"self":[{"href":"https:\/\/www.europesays.com\/fi\/wp-json\/wp\/v2\/posts\/273817","targetHints":{"allow":["GET"]}}],"collection":[{"href":"https:\/\/www.europesays.com\/fi\/wp-json\/wp\/v2\/posts"}],"about":[{"href":"https:\/\/www.europesays.com\/fi\/wp-json\/wp\/v2\/types\/post"}],"author":[{"embeddable":true,"href":"https:\/\/www.europesays.com\/fi\/wp-json\/wp\/v2\/users\/2"}],"replies":[{"embeddable":true,"href":"https:\/\/www.europesays.com\/fi\/wp-json\/wp\/v2\/comments?post=273817"}],"version-history":[{"count":0,"href":"https:\/\/www.europesays.com\/fi\/wp-json\/wp\/v2\/posts\/273817\/revisions"}],"wp:featuredmedia":[{"embeddable":true,"href":"https:\/\/www.europesays.com\/fi\/wp-json\/wp\/v2\/media\/273818"}],"wp:attachment":[{"href":"https:\/\/www.europesays.com\/fi\/wp-json\/wp\/v2\/media?parent=273817"}],"wp:term":[{"taxonomy":"category","embeddable":true,"href":"https:\/\/www.europesays.com\/fi\/wp-json\/wp\/v2\/categories?post=273817"},{"taxonomy":"post_tag","embeddable":true,"href":"https:\/\/www.europesays.com\/fi\/wp-json\/wp\/v2\/tags?post=273817"}],"curies":[{"name":"wp","href":"https:\/\/api.w.org\/{rel}","templated":true}]}}