{"id":27383,"date":"2025-09-06T14:17:08","date_gmt":"2025-09-06T14:17:08","guid":{"rendered":"https:\/\/www.europesays.com\/fi\/27383\/"},"modified":"2025-09-06T14:17:08","modified_gmt":"2025-09-06T14:17:08","slug":"yle-areenaan-lisattiin-viikolla-36-205-nama-sarjat-ja-elokuvat","status":"publish","type":"post","link":"https:\/\/www.europesays.com\/fi\/27383\/","title":{"rendered":"Yle Areenaan lis\u00e4ttiin viikolla 36\/205 n\u00e4m\u00e4 sarjat ja elokuvat"},"content":{"rendered":"\n<p><strong>Viikolla 36\/2025 Yle Areenan uusia lis\u00e4yksi\u00e4 ovat muun muassa Yorgos Lantimosin palkittu The Favourite, kotimainen draamakomedia Seurapeli ja uusi kausi sarjasta Hormonit!<\/strong><\/p>\n<p><strong>Viikon uudet elokuvat <a href=\"https:\/\/muropaketti.com\/avainsana\/yle-areena\/\" rel=\"noopener nofollow\" target=\"_blank\">Yle Areenassa<\/a>:<\/strong><\/p>\n<ul>\n<li>Seurapeli<\/li>\n<li>The Favourite<\/li>\n<li>Viiden t\u00e4hden Franky (Franky Five Star)<\/li>\n<li>Houkutuslintu<\/li>\n<li>Rakkaus alkaa aamuy\u00f6st\u00e4<\/li>\n<\/ul>\n<p><strong>Viikon uusia sarjoja ja tuotantokausia:<\/strong><\/p>\n<ul>\n<li>Karen Pirie, kausi 2<\/li>\n<li>Ellis<\/li>\n<li>Hormonit!, kausi 2<\/li>\n<\/ul>\n<p><strong>Viikon uusia dokumentteja ja asiaohjelmia:<\/strong><\/p>\n<ul>\n<li>N\u00e4kyville<\/li>\n<li>M\/S Mystery<\/li>\n<li>Auschwitz \u2013 80 vuotta vapautuksesta (Simon Schama: The Road to Auschwitz)<\/li>\n<li>Brexit-innosta katumukseen (Bregret \u2013 why brexit failed)<\/li>\n<li>Puiden salattu el\u00e4m\u00e4 (The Secret Life of Trees)<\/li>\n<li>Leonardo da Vinci<\/li>\n<li>PMMP keikalla: Ei en\u00e4\u00e4 ikin\u00e4<\/li>\n<\/ul>\n","protected":false},"excerpt":{"rendered":"Viikolla 36\/2025 Yle Areenan uusia lis\u00e4yksi\u00e4 ovat muun muassa Yorgos Lantimosin palkittu The Favourite, kotimainen draamakomedia Seurapeli ja&hellip;\n","protected":false},"author":2,"featured_media":27384,"comment_status":"","ping_status":"","sticky":false,"template":"","format":"standard","meta":{"footnotes":""},"categories":[133],"tags":[137,33,31,30,32,206,156,109,913,2958],"class_list":{"0":"post-27383","1":"post","2":"type-post","3":"status-publish","4":"format-standard","5":"has-post-thumbnail","7":"category-televisiot","8":"tag-entertainment","9":"tag-fi","10":"tag-finland","11":"tag-finnish","12":"tag-suomi","13":"tag-televisiot","14":"tag-tv","15":"tag-viihde","16":"tag-yle-areena","17":"tag-yle-areena-elokuvat"},"share_on_mastodon":{"url":"","error":""},"_links":{"self":[{"href":"https:\/\/www.europesays.com\/fi\/wp-json\/wp\/v2\/posts\/27383","targetHints":{"allow":["GET"]}}],"collection":[{"href":"https:\/\/www.europesays.com\/fi\/wp-json\/wp\/v2\/posts"}],"about":[{"href":"https:\/\/www.europesays.com\/fi\/wp-json\/wp\/v2\/types\/post"}],"author":[{"embeddable":true,"href":"https:\/\/www.europesays.com\/fi\/wp-json\/wp\/v2\/users\/2"}],"replies":[{"embeddable":true,"href":"https:\/\/www.europesays.com\/fi\/wp-json\/wp\/v2\/comments?post=27383"}],"version-history":[{"count":0,"href":"https:\/\/www.europesays.com\/fi\/wp-json\/wp\/v2\/posts\/27383\/revisions"}],"wp:featuredmedia":[{"embeddable":true,"href":"https:\/\/www.europesays.com\/fi\/wp-json\/wp\/v2\/media\/27384"}],"wp:attachment":[{"href":"https:\/\/www.europesays.com\/fi\/wp-json\/wp\/v2\/media?parent=27383"}],"wp:term":[{"taxonomy":"category","embeddable":true,"href":"https:\/\/www.europesays.com\/fi\/wp-json\/wp\/v2\/categories?post=27383"},{"taxonomy":"post_tag","embeddable":true,"href":"https:\/\/www.europesays.com\/fi\/wp-json\/wp\/v2\/tags?post=27383"}],"curies":[{"name":"wp","href":"https:\/\/api.w.org\/{rel}","templated":true}]}}