{"id":27395,"date":"2025-09-06T14:37:25","date_gmt":"2025-09-06T14:37:25","guid":{"rendered":"https:\/\/www.europesays.com\/fi\/27395\/"},"modified":"2025-09-06T14:37:25","modified_gmt":"2025-09-06T14:37:25","slug":"traficom-ylelle-suomen-ja-saksan-valinen-merikaapeli-on-katkennut-nain-supo-kommentoi-kotimaa","status":"publish","type":"post","link":"https:\/\/www.europesays.com\/fi\/27395\/","title":{"rendered":"Traficom Ylelle: Suomen ja Saksan v\u00e4linen merikaapeli on katkennut \u2013 n\u00e4in Supo kommentoi | Kotimaa"},"content":{"rendered":"<p class=\"sc-jYczwO sc-dNFkOE frIBdZ edVjwg yle__article__paragraph\">Kaapelin rikkoutuminen havaittiin aamuy\u00f6ll\u00e4, ja korjaaminen on aloitettu.<\/p>\n<p><img decoding=\"async\" alt=\"Kuvassa on merell\u00e4 oleva laiva, josta l\u00e4htee oransseja poijuja muodostava reitti veteen.\" src=\"https:\/\/www.europesays.com\/fi\/wp-content\/uploads\/2025\/09\/39-1381592673b191e4f501.jpeg\" class=\"sc-dntSTA iywpZY\"\/><\/p>\n<p>Avaa kuvien katselu<\/p>\n<p>C-Lion1-merikaapeli laskettiin Saksan ja Suomen v\u00e4lille vuonna 2015. Kaapeli otettiin k\u00e4ytt\u00f6\u00f6n vuonna 2016. Kuva: Heikki Saukkomaa \/ Lehtikuva<\/p>\n<ul aria-label=\"Tekij\u00e4t\" class=\"sc-cCVJLD hgYMQq\">\n<li class=\"sc-pYNGo dfIAWA\">Viivi Koivistoinen, <\/li>\n<li class=\"sc-pYNGo dfIAWA\">Tiina Aspeslagh, <\/li>\n<li class=\"sc-pYNGo dfIAWA\">Jesse M\u00e4ntysalo<\/li>\n<\/ul>\n<p>18.11.2024 12:18\u2022P\u00e4ivitetty 18.11.2024 16:55<\/p>\n<p class=\"sc-jYczwO sc-ciCoXh frIBdZ cPdSqu yle__article__paragraph\">Suomen ja Saksan v\u00e4lill\u00e4 kulkeva Cinia Oy:n C-Lion1-merikaapeli on katkennut.<\/p>\n<p class=\"sc-jYczwO sc-ciCoXh frIBdZ cPdSqu yle__article__paragraph\">Valokuituverkkoja rakentavan ja tietoliikennepalveluita toimittavan valtionyhti\u00f6 Cinian <a class=\"sc-jDJeIs gotUgl yle__article__link\" href=\"https:\/\/www.cinia.fi\/uutiset\/vikatilanne-suomen-ja-saksan-valisessa-c-lion1-merikaapelissa\" role=\"link\" rel=\"nofollow noopener\" target=\"_blank\">tiedotteen<\/a> mukaan kaapelissa havaittiin vikatilanne kello nelj\u00e4n j\u00e4lkeen maanantaina aamulla. Merikaapelissa kulkevat tietoliikenneyhteydet ovat poikki.<\/p>\n<p class=\"sc-jYczwO sc-ciCoXh frIBdZ cPdSqu yle__article__paragraph\">Kaapelin katkeamisen vahvistaa Ylelle johtaja <strong class=\"sc-eEHciv kkmMDs yle__article__strong\">Samuli Bergstr\u00f6m<\/strong> Traficomin Kyberturvallisuuskeskuksesta.<\/p>\n<p class=\"sc-jYczwO sc-ciCoXh frIBdZ cPdSqu yle__article__paragraph\">\u2013 Syit\u00e4 parhaillaan selvitet\u00e4\u00e4n. H\u00e4iri\u00f6it\u00e4 voi olla aika ajoin ja syit\u00e4 voi olla useita, ne ovat esimerkiksi alttiita s\u00e4\u00e4lle ja merenkulun aiheuttamille vahingoille. Oleellista on, ett\u00e4 ongelmat on havaittu ja korjaaviin toimenpiteisiin ryhdyt\u00e4\u00e4n, h\u00e4n kertoo.<\/p>\n<p><strong class=\"sc-boKDdR jtqSng\">Samuli Bergstr\u00f6m Traficomilta kertoo, mit\u00e4 kaapelin katkeamisesta tiedet\u00e4\u00e4n nyt<\/strong><\/p>\n<p class=\"sc-jYczwO sc-ciCoXh frIBdZ cPdSqu yle__article__paragraph\">H\u00e4n ei kommentoi, mist\u00e4 kohdasta kaapeli on katkennut. Bergstr\u00f6min mukaan katkeaminen vaikuttaa kansainv\u00e4lisiin yhteyksiin.<\/p>\n<p class=\"sc-jYczwO sc-ciCoXh frIBdZ cPdSqu yle__article__paragraph\">\u2013 On kuitenkin hyv\u00e4 huomioida, ett\u00e4 Suomesta ulos maailmalle menev\u00e4t tietoliikenneyhteydet kulkevat useista eri paikoista. Nyt yksi yhteys n\u00e4ist\u00e4 on poikki, mik\u00e4 saattaa kuormittaa muita. Todenn\u00e4k\u00f6isesti tavalliselle kansalaiselle se ei n\u00e4y mitenk\u00e4\u00e4n.<\/p>\n<p>Seismologi: Ei ep\u00e4tavallisia havaintoja<\/p>\n<p class=\"sc-jYczwO sc-ciCoXh frIBdZ cPdSqu yle__article__paragraph\">Suojelupoliisin viestinn\u00e4st\u00e4 kerrotaan Ylelle, ett\u00e4 kaapelin rikkoutumisen syyt\u00e4 on liian varhaista arvioida.<\/p>\n<p class=\"sc-jYczwO sc-ciCoXh frIBdZ cPdSqu yle__article__paragraph\">Supon mukaan maailmanlaajuisesti merenalaisten kaapeleiden rikkoutumisia tapahtuu vuosittain noin 200.<\/p>\n<p class=\"sc-jYczwO sc-ciCoXh frIBdZ cPdSqu yle__article__paragraph\">\u2013 Yleisin kaapelirikon syy on ihmisen toiminta, kuten kalastus tai ankkurointi.<\/p>\n<p class=\"sc-jYczwO sc-ciCoXh frIBdZ cPdSqu yle__article__paragraph\">Seismologi <strong class=\"sc-eEHciv kkmMDs yle__article__strong\">Toni Veikkolainen<\/strong> Helsingin yliopiston Seismologian instituutista sanoo, ett\u00e4 heid\u00e4n tietoonsa ei ole tullut mit\u00e4\u00e4n ep\u00e4tavallista havaintoa, joka voisi viitata mahdolliseen r\u00e4j\u00e4hdykseen.<\/p>\n<p class=\"sc-jYczwO sc-ciCoXh frIBdZ cPdSqu yle__article__paragraph\">Suomenlahden merialueen valvonnasta vastaa Rajavartiolaitokseen kuuluva Suomenlahden merivartiosto. Sen johtokeskuksen p\u00e4\u00e4llik\u00f6n <strong class=\"sc-eEHciv kkmMDs yle__article__strong\">Joona Castr\u00e9nin<\/strong> mukaan Rajavartiolaitoksella ei ole meneill\u00e4\u00e4n kaapelivaurioon liittyv\u00e4\u00e4 teht\u00e4v\u00e4\u00e4.<\/p>\n<p class=\"sc-jYczwO sc-ciCoXh frIBdZ cPdSqu yle__article__paragraph\">Suomen ja Viron v\u00e4linen <a class=\"sc-jDJeIs gotUgl yle__article__link\" href=\"https:\/\/yle.fi\/a\/74-20113709\" role=\"link\" rel=\"nofollow noopener\" target=\"_blank\">Balticconnector-kaasuputki<\/a> ja useat tietoliikennekaapelit vaurioituivat lokakuussa 2023, kun kiinalaisen Newnew Polar Bear -konttialuksen ankkuri osui niihin.<\/p>\n<p>Korjaustoimenpiteet on k\u00e4ynnistetty<\/p>\n<p class=\"sc-jYczwO sc-ciCoXh frIBdZ cPdSqu yle__article__paragraph\">Cinia kertoo tiedotteessaan, ett\u00e4 Suomen kansainv\u00e4liset tietoliikenneyhteydet on varmistettu useaa reitti\u00e4 ja yksitt\u00e4isen kaapelivian vaikutukset riippuvat palveluntarjoajien yhteyksien varmistustasoista.<\/p>\n<p class=\"sc-jYczwO sc-ciCoXh frIBdZ cPdSqu yle__article__paragraph\">Kaapeli on pituudeltaan 1\u00a0173 kilometri\u00e4 ja kulkee Helsingin Santahaminan ja Saksan Rostockin v\u00e4lill\u00e4. Vian syy ei tiedotteen mukaan ole viel\u00e4 tiedossa.<\/p>\n<p><img decoding=\"async\" alt=\"Kartta Ruotsista.\" src=\"https:\/\/www.europesays.com\/fi\/wp-content\/uploads\/2025\/09\/39-1381811673b4e3863b9a.jpeg\" loading=\"lazy\" class=\"sc-dntSTA iywpZY\"\/><\/p>\n<p>Avaa kuvien katselu<\/p>\n<p>Kartta n\u00e4ytt\u00e4\u00e4 kaapelirikon suurpiirteisen sijainnin. Kuva: Eeva Sarlin \/ Yle, MapCreator, OpenStreetMap, ArcGIS<\/p>\n<p class=\"sc-jYczwO sc-ciCoXh frIBdZ cPdSqu yle__article__paragraph\">Jyv\u00e4skyl\u00e4n yliopiston kyberturvallisuuden ty\u00f6el\u00e4m\u00e4professori <strong class=\"sc-eEHciv kkmMDs yle__article__strong\">Tapio Frantti<\/strong> <a class=\"sc-jDJeIs gotUgl yle__article__link\" href=\"https:\/\/yle.fi\/a\/74-20125351\" role=\"link\" rel=\"nofollow noopener\" target=\"_blank\">arvioi Ylelle<\/a>, ett\u00e4 kaapelin katkeaminen on todenn\u00e4k\u00f6isemmin tahallinen teko kuin vahinko. H\u00e4n arvioi asiaa ensimm\u00e4isten mediatietojen varassa.<\/p>\n<p class=\"sc-jYczwO sc-ciCoXh frIBdZ cPdSqu yle__article__paragraph\">\u2013 Jos t\u00e4t\u00e4 todenn\u00e4k\u00f6isyyden kannalta katsoo, niin kyll\u00e4 t\u00e4m\u00e4 tahallisuuden puolelle menee, Frantti sanoo.<\/p>\n<p class=\"sc-jYczwO sc-ciCoXh frIBdZ cPdSqu yle__article__paragraph\">Cinia tiedottaa, ett\u00e4 korjausalus on valmiina l\u00e4htem\u00e4\u00e4n paikan p\u00e4\u00e4lle, ja ett\u00e4 korjaustoimenpiteet on k\u00e4ynnistetty. Tarkka korjausaika ei ole Cinian mukaan viel\u00e4 tiedossa, mutta yleens\u00e4 merikaapeleiden korjausaika on 5\u201315 vuorokautta.<\/p>\n<p class=\"sc-jYczwO sc-ciCoXh frIBdZ cPdSqu yle__article__paragraph\">C-Lion1-merikaapeli otettiin k\u00e4ytt\u00f6\u00f6n vuonna 2016. Se on Suomen merikaapeleista ainoa, joka kulkee suoraan Keski-Eurooppaan.<\/p>\n<p class=\"sc-jYczwO sc-ciCoXh frIBdZ cPdSqu yle__article__paragraph\">Cinian viestinn\u00e4st\u00e4 kerrotaan, ett\u00e4 asiasta pidet\u00e4\u00e4n tiedotustilaisuus kello 16.<\/p>\n<p class=\"sc-jYczwO sc-ciCoXh frIBdZ cPdSqu yle__article__paragraph\">T\u00e4m\u00e4 oli p\u00e4ivittyv\u00e4 uutisartikkeli.<\/p>\n","protected":false},"excerpt":{"rendered":"Kaapelin rikkoutuminen havaittiin aamuy\u00f6ll\u00e4, ja korjaaminen on aloitettu. Avaa kuvien katselu C-Lion1-merikaapeli laskettiin Saksan ja Suomen v\u00e4lille vuonna&hellip;\n","protected":false},"author":2,"featured_media":27396,"comment_status":"","ping_status":"","sticky":false,"template":"","format":"standard","meta":{"footnotes":""},"categories":[87],"tags":[8565,4250,33,31,30,148,8564,71,4249,32,91,92,634,1168],"class_list":{"0":"post-27395","1":"post","2":"type-post","3":"status-publish","4":"format-standard","5":"has-post-thumbnail","7":"category-internet","8":"tag-c-lion1","9":"tag-cinia","10":"tag-fi","11":"tag-finland","12":"tag-finnish","13":"tag-internet","14":"tag-kaapelivaurio","15":"tag-kotimaa","16":"tag-merikaapeli","17":"tag-suomi","18":"tag-technology","19":"tag-teknologia","20":"tag-tietoliikenne","21":"tag-uusimaa"},"share_on_mastodon":{"url":"","error":""},"_links":{"self":[{"href":"https:\/\/www.europesays.com\/fi\/wp-json\/wp\/v2\/posts\/27395","targetHints":{"allow":["GET"]}}],"collection":[{"href":"https:\/\/www.europesays.com\/fi\/wp-json\/wp\/v2\/posts"}],"about":[{"href":"https:\/\/www.europesays.com\/fi\/wp-json\/wp\/v2\/types\/post"}],"author":[{"embeddable":true,"href":"https:\/\/www.europesays.com\/fi\/wp-json\/wp\/v2\/users\/2"}],"replies":[{"embeddable":true,"href":"https:\/\/www.europesays.com\/fi\/wp-json\/wp\/v2\/comments?post=27395"}],"version-history":[{"count":0,"href":"https:\/\/www.europesays.com\/fi\/wp-json\/wp\/v2\/posts\/27395\/revisions"}],"wp:featuredmedia":[{"embeddable":true,"href":"https:\/\/www.europesays.com\/fi\/wp-json\/wp\/v2\/media\/27396"}],"wp:attachment":[{"href":"https:\/\/www.europesays.com\/fi\/wp-json\/wp\/v2\/media?parent=27395"}],"wp:term":[{"taxonomy":"category","embeddable":true,"href":"https:\/\/www.europesays.com\/fi\/wp-json\/wp\/v2\/categories?post=27395"},{"taxonomy":"post_tag","embeddable":true,"href":"https:\/\/www.europesays.com\/fi\/wp-json\/wp\/v2\/tags?post=27395"}],"curies":[{"name":"wp","href":"https:\/\/api.w.org\/{rel}","templated":true}]}}