{"id":273995,"date":"2026-06-11T16:27:11","date_gmt":"2026-06-11T16:27:11","guid":{"rendered":"https:\/\/www.europesays.com\/fi\/273995\/"},"modified":"2026-06-11T16:27:11","modified_gmt":"2026-06-11T16:27:11","slug":"nainko-lyhyt-on-yleison-muisti-disneyn-uusi-elokuva-kierrattaa-vain-10-vuotta-vanhaa-hittia","status":"publish","type":"post","link":"https:\/\/www.europesays.com\/fi\/273995\/","title":{"rendered":"N\u00e4ink\u00f6 lyhyt on yleis\u00f6n muisti? Disneyn uusi elokuva kierr\u00e4tt\u00e4\u00e4 vain 10 vuotta vanhaa hitti\u00e4"},"content":{"rendered":"<p>Uusi versio Disneyn Vaianasta tulee elokuvateattereihin hein\u00e4kuussa.<\/p>\n<p>Disney on julkaissut viimeisen trailerin hein\u00e4kuussa elokuvateattereihin tulevasta elokuvastaan <a href=\"https:\/\/muropaketti.com\/avainsana\/vaiana\/\" rel=\"nofollow noopener\" target=\"_blank\">Vaiana<\/a> (julkaistaan USAssa nimell\u00e4 Moana). Elokuva on n\u00e4ytelty versio samannimisest\u00e4 Disney-animaatiosta, jonka julkaisusta ei ole kulunut vasta kuin kymmenen vuotta.<\/p>\n<p>Uudessa elokuvassa Dwayne Johnson palaa puolijumala Mauin rooliin \u2013 nyt kuitenkin ihan omilla kasvoillaan. H\u00e4nh\u00e4n antoi \u00e4\u00e4nens\u00e4 hahmolle alkuper\u00e4isess\u00e4 animaatiossa. P\u00e4\u00e4osaa esitt\u00e4\u00e4 t\u00e4ll\u00e4 kertaa Catherine Laga\u02bbaia.<\/p>\n<p>Muissa rooleissa Thomas Kailin ohjaamassa elokuvassa ovat muun muassa Rena Owen, John Tui ja Frankie Adams.<\/p>\n<p>Vaianan virallinen kuvaus kuuluu n\u00e4in:<\/p>\n<p>\u201cDisneyn Oscar\u00ae-ehdokkuuden saavuttaneen rakastetun animaatioseikkailun live-action versiossa Vaiana (Catherine Laga\u02bbaia) vastaa valtameren kutsuun ja purjehtii ensi kertaa kotisaartaan Motunuita ymp\u00e4r\u00f6iv\u00e4\u00e4 riuttaa edemm\u00e4s mukanaan pahamaineinen puolijumala Maui (Dwayne Johnson), ja niin he suuntaavat unohtumattomalle matkalle, jonka p\u00e4\u00e4m\u00e4\u00e4r\u00e4n\u00e4 on palauttaa h\u00e4nen heimonsa vauraus.\u201d<\/p>\n<p>Uusi, n\u00e4ytelty Vaiana saa Suomessa ensi-iltansa 10. hein\u00e4kuuta. Alkuper\u00e4inen animaatio on katsottavissa Disney+:ssa.<\/p>\n","protected":false},"excerpt":{"rendered":"Uusi versio Disneyn Vaianasta tulee elokuvateattereihin hein\u00e4kuussa. Disney on julkaissut viimeisen trailerin hein\u00e4kuussa elokuvateattereihin tulevasta elokuvastaan Vaiana (julkaistaan&hellip;\n","protected":false},"author":2,"featured_media":205641,"comment_status":"","ping_status":"","sticky":false,"template":"","format":"standard","meta":{"footnotes":"","_share_on_mastodon":"0"},"categories":[131],"tags":[298,6541,155,2873,137,33,173,31,30,172,32,18382,109],"class_list":["post-273995","post","type-post","status-publish","format-standard","has-post-thumbnail","category-elokuvat","tag-disney","tag-dwayne-johnson","tag-elokuvat","tag-elokuvatrailerit","tag-entertainment","tag-fi","tag-film","tag-finland","tag-finnish","tag-movies","tag-suomi","tag-vaiana","tag-viihde"],"share_on_mastodon":{"url":"https:\/\/pubeurope.com\/@fi\/116732418198175173","error":""},"_links":{"self":[{"href":"https:\/\/www.europesays.com\/fi\/wp-json\/wp\/v2\/posts\/273995","targetHints":{"allow":["GET"]}}],"collection":[{"href":"https:\/\/www.europesays.com\/fi\/wp-json\/wp\/v2\/posts"}],"about":[{"href":"https:\/\/www.europesays.com\/fi\/wp-json\/wp\/v2\/types\/post"}],"author":[{"embeddable":true,"href":"https:\/\/www.europesays.com\/fi\/wp-json\/wp\/v2\/users\/2"}],"replies":[{"embeddable":true,"href":"https:\/\/www.europesays.com\/fi\/wp-json\/wp\/v2\/comments?post=273995"}],"version-history":[{"count":0,"href":"https:\/\/www.europesays.com\/fi\/wp-json\/wp\/v2\/posts\/273995\/revisions"}],"wp:featuredmedia":[{"embeddable":true,"href":"https:\/\/www.europesays.com\/fi\/wp-json\/wp\/v2\/media\/205641"}],"wp:attachment":[{"href":"https:\/\/www.europesays.com\/fi\/wp-json\/wp\/v2\/media?parent=273995"}],"wp:term":[{"taxonomy":"category","embeddable":true,"href":"https:\/\/www.europesays.com\/fi\/wp-json\/wp\/v2\/categories?post=273995"},{"taxonomy":"post_tag","embeddable":true,"href":"https:\/\/www.europesays.com\/fi\/wp-json\/wp\/v2\/tags?post=273995"}],"curies":[{"name":"wp","href":"https:\/\/api.w.org\/{rel}","templated":true}]}}