{"id":274021,"date":"2026-06-11T17:00:13","date_gmt":"2026-06-11T17:00:13","guid":{"rendered":"https:\/\/www.europesays.com\/fi\/274021\/"},"modified":"2026-06-11T17:00:13","modified_gmt":"2026-06-11T17:00:13","slug":"traficom-ajokortin-hakijoille-uudet-vaatimukset-lokakuussa","status":"publish","type":"post","link":"https:\/\/www.europesays.com\/fi\/274021\/","title":{"rendered":"Traficom: Ajokortin hakijoille uudet vaatimukset lokakuussa"},"content":{"rendered":"<p class=\"is-style-dropcap\">Liikenne- ja viestint\u00e4virasto Traficom <a href=\"https:\/\/www.traficom.fi\/fi\/uutiset\/ajokorttia-hankkiva-huomioi-nama-lokakuun-alussa-voimaantulevat-muutokset\" rel=\"nofollow noopener\" target=\"_blank\">tiedottaa<\/a>, ett\u00e4 lokakuun alussa voimaan astuva ajokorttilain muutos lis\u00e4\u00e4 pakollisen riskientunnistamiskoulutuksen m\u00e4\u00e4r\u00e4\u00e4 ja rajoittaa simulaattoriopetusta nykyisest\u00e4.<\/p>\n<p>Riskientunnistamiskoulutuksen kesto pitenee nykyisest\u00e4 kahdeksasta tunnista 12 tuntiin.<\/p>\n<p>Ajosimulaattorilla saa jatkossa suorittaa enint\u00e4\u00e4n 2,5 tuntia ajo-opetusta eli enint\u00e4\u00e4n puolet kuljettajantutkinnon sis\u00e4lt\u00e4m\u00e4n ajo-opetuksen kestosta.<\/p>\n<p>Muutokset koskevat kaikkia niit\u00e4, joiden kuljettajantutkinto on kesken viel\u00e4 torstain 1.10.2026 j\u00e4lkeen.<\/p>\n<p>Jos ajokoe on hyv\u00e4ksytysti suoritettu viimeist\u00e4\u00e4n keskiviikkona 30.9.2026, koulutuksen voi suorittaa loppuun vanhojen sis\u00e4lt\u00f6jen ja tuntim\u00e4\u00e4r\u00e4vaatimusten mukaisesti.<\/p>\n<p>Muussa tapauksessa uudet vaatimukset on t\u00e4ytett\u00e4v\u00e4 ennen ajokoetta, mukaan lukien nelj\u00e4 lis\u00e4tuntia riskientunnistamiskoulutusta.<\/p>\n<p>Aiemmin saatu koulutus ei kuitenkaan katoa minnek\u00e4\u00e4n.<\/p>\n<p>\u201dSill\u00e4 voi korvata samansis\u00e4lt\u00f6iset koulutuksen osat ja aiemmin annettua koulutusta vastaavat tuntim\u00e4\u00e4r\u00e4t voi lukea hyv\u00e4ksi uusien vaatimusten mukaisesta koulutuksesta\u201d, Traficomin tiedotteessa kerrotaan.<\/p>\n","protected":false},"excerpt":{"rendered":"Liikenne- ja viestint\u00e4virasto Traficom tiedottaa, ett\u00e4 lokakuun alussa voimaan astuva ajokorttilain muutos lis\u00e4\u00e4 pakollisen riskientunnistamiskoulutuksen m\u00e4\u00e4r\u00e4\u00e4 ja rajoittaa&hellip;\n","protected":false},"author":2,"featured_media":274022,"comment_status":"","ping_status":"","sticky":false,"template":"","format":"standard","meta":{"footnotes":"","_share_on_mastodon":"0"},"categories":[76],"tags":[14628,37231,37232,37233,79,77,33,31,30,32,78,37234,3463],"class_list":["post-274021","post","type-post","status-publish","format-standard","has-post-thumbnail","category-talous","tag-ajokortti","tag-ajokorttiuudistus","tag-ajosimulaattori","tag-autokoulu","tag-business","tag-economy","tag-fi","tag-finland","tag-finnish","tag-suomi","tag-talous","tag-tieliikennelaki","tag-traficom"],"share_on_mastodon":{"url":"https:\/\/pubeurope.com\/@fi\/116732547846803434","error":""},"_links":{"self":[{"href":"https:\/\/www.europesays.com\/fi\/wp-json\/wp\/v2\/posts\/274021","targetHints":{"allow":["GET"]}}],"collection":[{"href":"https:\/\/www.europesays.com\/fi\/wp-json\/wp\/v2\/posts"}],"about":[{"href":"https:\/\/www.europesays.com\/fi\/wp-json\/wp\/v2\/types\/post"}],"author":[{"embeddable":true,"href":"https:\/\/www.europesays.com\/fi\/wp-json\/wp\/v2\/users\/2"}],"replies":[{"embeddable":true,"href":"https:\/\/www.europesays.com\/fi\/wp-json\/wp\/v2\/comments?post=274021"}],"version-history":[{"count":0,"href":"https:\/\/www.europesays.com\/fi\/wp-json\/wp\/v2\/posts\/274021\/revisions"}],"wp:featuredmedia":[{"embeddable":true,"href":"https:\/\/www.europesays.com\/fi\/wp-json\/wp\/v2\/media\/274022"}],"wp:attachment":[{"href":"https:\/\/www.europesays.com\/fi\/wp-json\/wp\/v2\/media?parent=274021"}],"wp:term":[{"taxonomy":"category","embeddable":true,"href":"https:\/\/www.europesays.com\/fi\/wp-json\/wp\/v2\/categories?post=274021"},{"taxonomy":"post_tag","embeddable":true,"href":"https:\/\/www.europesays.com\/fi\/wp-json\/wp\/v2\/tags?post=274021"}],"curies":[{"name":"wp","href":"https:\/\/api.w.org\/{rel}","templated":true}]}}