{"id":27406,"date":"2025-09-06T14:54:08","date_gmt":"2025-09-06T14:54:08","guid":{"rendered":"https:\/\/www.europesays.com\/fi\/27406\/"},"modified":"2025-09-06T14:54:08","modified_gmt":"2025-09-06T14:54:08","slug":"lando-norrisilla-valtavaa-draamaa-aika-ajossa","status":"publish","type":"post","link":"https:\/\/www.europesays.com\/fi\/27406\/","title":{"rendered":"Lando Norrisilla valtavaa draamaa aika-ajossa"},"content":{"rendered":"<p>F1-sarjaa ajetaan t\u00e4n\u00e4 viikonloppuna Italiassa.<\/p>\n<p><img decoding=\"async\" class=\"image image-show image-preview\" src=\"https:\/\/www.europesays.com\/fi\/wp-content\/uploads\/2025\/09\/5eed3166c19e16ca6626756ea93b0d4b418104d0394b42d451fa5dbc97f662e6.jpg\" alt=\"\"\/><img decoding=\"async\" class=\"image image-show\" src=\"https:\/\/www.europesays.com\/fi\/wp-content\/uploads\/2025\/09\/1757170447_82_5eed3166c19e16ca6626756ea93b0d4b418104d0394b42d451fa5dbc97f662e6.jpg\" alt=\"\"\/><\/p>\n<p>Lando Norris sai j\u00e4nnitt\u00e4\u00e4 jo toisessa aika-ajo-osiossa. AOP<\/p>\n<p class=\"paragraph\">F1-sarja jatkuu t\u00e4n\u00e4 viikonloppuna Italian Monzassa. Lauantain aika-ajot k\u00e4ynnistyv\u00e4t kello 16.55. Iltalehti seuraa aika-ajojen tapahtumia t\u00e4ss\u00e4 artikkelissa.<\/p>\n<p>Ei vanhempia p\u00e4ivityksi\u00e4<\/p>\n<p>Oscar Piastri ajoi Hollannin GP:n voittoon v\u00e4rikk\u00e4iden vaiheiden j\u00e4lkeen. AOP<\/p>\n<p>Lewis Hamilton on kovan haasteen edess\u00e4 Ferrarin kotikisassa Monzassa. AOP<\/p>\n","protected":false},"excerpt":{"rendered":"F1-sarjaa ajetaan t\u00e4n\u00e4 viikonloppuna Italiassa. Lando Norris sai j\u00e4nnitt\u00e4\u00e4 jo toisessa aika-ajo-osiossa. AOP F1-sarja jatkuu t\u00e4n\u00e4 viikonloppuna Italian&hellip;\n","protected":false},"author":2,"featured_media":27407,"comment_status":"","ping_status":"","sticky":false,"template":"","format":"standard","meta":{"footnotes":""},"categories":[5],"tags":[35,2810,22,23,26,27,33,31,30,17,24,25,121,28,29,83,15,18,21,2811,32,128,19,20,16],"class_list":{"0":"post-27406","1":"post","2":"type-post","3":"status-publish","4":"format-standard","5":"has-post-thumbnail","7":"category-otsikot","8":"tag-24h","9":"tag-autourheilu-ja-urheiluautot","10":"tag-breaking-news","11":"tag-breakingnews","12":"tag-featured-news","13":"tag-featurednews","14":"tag-fi","15":"tag-finland","16":"tag-finnish","17":"tag-headlines","18":"tag-latest-news","19":"tag-latestnews","20":"tag-liikenne-ja-kuljetus","21":"tag-main-news","22":"tag-mainnews","23":"tag-moottoriurheilu","24":"tag-news","25":"tag-otsikot","26":"tag-paauutiset","27":"tag-rata-autoilu","28":"tag-suomi","29":"tag-tieliikenne","30":"tag-top-stories","31":"tag-topstories","32":"tag-uutiset"},"share_on_mastodon":{"url":"","error":""},"_links":{"self":[{"href":"https:\/\/www.europesays.com\/fi\/wp-json\/wp\/v2\/posts\/27406","targetHints":{"allow":["GET"]}}],"collection":[{"href":"https:\/\/www.europesays.com\/fi\/wp-json\/wp\/v2\/posts"}],"about":[{"href":"https:\/\/www.europesays.com\/fi\/wp-json\/wp\/v2\/types\/post"}],"author":[{"embeddable":true,"href":"https:\/\/www.europesays.com\/fi\/wp-json\/wp\/v2\/users\/2"}],"replies":[{"embeddable":true,"href":"https:\/\/www.europesays.com\/fi\/wp-json\/wp\/v2\/comments?post=27406"}],"version-history":[{"count":0,"href":"https:\/\/www.europesays.com\/fi\/wp-json\/wp\/v2\/posts\/27406\/revisions"}],"wp:featuredmedia":[{"embeddable":true,"href":"https:\/\/www.europesays.com\/fi\/wp-json\/wp\/v2\/media\/27407"}],"wp:attachment":[{"href":"https:\/\/www.europesays.com\/fi\/wp-json\/wp\/v2\/media?parent=27406"}],"wp:term":[{"taxonomy":"category","embeddable":true,"href":"https:\/\/www.europesays.com\/fi\/wp-json\/wp\/v2\/categories?post=27406"},{"taxonomy":"post_tag","embeddable":true,"href":"https:\/\/www.europesays.com\/fi\/wp-json\/wp\/v2\/tags?post=27406"}],"curies":[{"name":"wp","href":"https:\/\/api.w.org\/{rel}","templated":true}]}}