{"id":274073,"date":"2026-06-11T18:20:11","date_gmt":"2026-06-11T18:20:11","guid":{"rendered":"https:\/\/www.europesays.com\/fi\/274073\/"},"modified":"2026-06-11T18:20:11","modified_gmt":"2026-06-11T18:20:11","slug":"pentagon-suljettiin-vaaran-halytyksen-takia-uutisia-lyhyesti","status":"publish","type":"post","link":"https:\/\/www.europesays.com\/fi\/274073\/","title":{"rendered":"Pentagon suljettiin v\u00e4\u00e4r\u00e4n h\u00e4lytyksen takia | Uutisia lyhyesti"},"content":{"rendered":"<p class=\"aw__sc-1qwuw0s-0 aw__sc-1vg2sqm-0 epAWpq ecELkD yle__article__paragraph\">Rakennus ehdittiin evakuoida osin aiemmin torstaina.<\/p>\n<p><img decoding=\"async\" alt=\"Yhdysvaltain Puolustusministeri\u00f6 Pentagon. \" src=\"https:\/\/img.img-cdn.yle.fi\/crop_extract,w_4000,h_2250,x_0,y_419\/crop_fill,w_767,h_431,ar_16:9,dpr_1\/f_auto\/39-8495816131b11169c9b\/1630646793\" class=\"aw__sc-dklauk-0 LPzKX\"\/><\/p>\n<p>Avaa kuvien katselu<\/p>\n<p>Arkistokuva Yhdysvaltain puolustusministeri\u00f6 Pentagonista. Kuva: Hans Peter Dhuy \/ Yle<\/p>\n<p>18:06\u2022P\u00e4ivitetty 20:56<\/p>\n<p class=\"aw__sc-1qwuw0s-0 aw__sc-ngllmo-0 epAWpq fzYpjk yle__article__paragraph\">Yhdysvaltain puolustusministeri\u00f6 Pentagon suljettiin v\u00e4\u00e4r\u00e4n h\u00e4lytyksen vuoksi, kertoi <a class=\"aw__sc-ngllmo-1 bTDnwX yle__article__link\" href=\"https:\/\/edition.cnn.com\/2026\/06\/11\/politics\/pentagon-lockdown-evacuation\" role=\"link\" rel=\"nofollow noopener\" target=\"_blank\">CNN<\/a> l\u00e4hteisiins\u00e4 nojaten torstaina. CNN:n kertoi aiemmin, miten useita rakennuksen kerroksia evakuoitiin torstaina.<\/p>\n<p class=\"aw__sc-1qwuw0s-0 aw__sc-ngllmo-0 epAWpq fzYpjk yle__article__paragraph\">Paikalla on pelastajia vaarallisen aineen onnettomuuden vuoksi, kertoi puolestaan Arlingtonin pelastuslaitos X:ss\u00e4.<\/p>\n<p class=\"aw__sc-1qwuw0s-0 aw__sc-ngllmo-0 epAWpq fzYpjk yle__article__paragraph\">Pelastajilla oli p\u00e4\u00e4ll\u00e4\u00e4n kaasunaamarit ja kemiallisilta aineilta suojaavat asut, CNN kirjoitti.<\/p>\n<p class=\"aw__sc-1qwuw0s-0 aw__sc-ngllmo-0 epAWpq fzYpjk yle__article__paragraph\">Pentagonin tiedottaja <strong class=\"aw__sc-ngllmo-2 gdRrun yle__article__strong\">Sean Parnell<\/strong> vahvisti aiemmin, ett\u00e4 Pentagonin j\u00e4rjestelm\u00e4t olivat havainneet ilmanlaadussa ongelman, joka edellytt\u00e4\u00e4 varotoimenpiteit\u00e4 kunnes asia on selvitetty.<\/p>\n<p class=\"aw__sc-1qwuw0s-0 aw__sc-ngllmo-0 epAWpq fzYpjk yle__article__paragraph\">L\u00e4hde: Reuters, AFP<\/p>\n","protected":false},"excerpt":{"rendered":"Rakennus ehdittiin evakuoida osin aiemmin torstaina. Avaa kuvien katselu Arkistokuva Yhdysvaltain puolustusministeri\u00f6 Pentagonista. Kuva: Hans Peter Dhuy \/&hellip;\n","protected":false},"author":2,"featured_media":274074,"comment_status":"","ping_status":"","sticky":false,"template":"","format":"standard","meta":{"footnotes":"","_share_on_mastodon":"0"},"categories":[12],"tags":[22,23,2617,2264,26,27,33,31,30,17,24,25,28,29,15,837,18,21,5663,32,19,20,56,16,619,5804],"class_list":["post-274073","post","type-post","status-publish","format-standard","has-post-thumbnail","category-suomi","tag-breaking-news","tag-breakingnews","tag-cnn","tag-evakuointi","tag-featured-news","tag-featurednews","tag-fi","tag-finland","tag-finnish","tag-headlines","tag-latest-news","tag-latestnews","tag-main-news","tag-mainnews","tag-news","tag-onnettomuudet","tag-otsikot","tag-paauutiset","tag-pentagon","tag-suomi","tag-top-stories","tag-topstories","tag-ulkomaat","tag-uutiset","tag-yhdysvallat","tag-yhdysvaltain-puolustusministerio"],"share_on_mastodon":{"url":"https:\/\/pubeurope.com\/@fi\/116732862916244381","error":""},"_links":{"self":[{"href":"https:\/\/www.europesays.com\/fi\/wp-json\/wp\/v2\/posts\/274073","targetHints":{"allow":["GET"]}}],"collection":[{"href":"https:\/\/www.europesays.com\/fi\/wp-json\/wp\/v2\/posts"}],"about":[{"href":"https:\/\/www.europesays.com\/fi\/wp-json\/wp\/v2\/types\/post"}],"author":[{"embeddable":true,"href":"https:\/\/www.europesays.com\/fi\/wp-json\/wp\/v2\/users\/2"}],"replies":[{"embeddable":true,"href":"https:\/\/www.europesays.com\/fi\/wp-json\/wp\/v2\/comments?post=274073"}],"version-history":[{"count":0,"href":"https:\/\/www.europesays.com\/fi\/wp-json\/wp\/v2\/posts\/274073\/revisions"}],"wp:featuredmedia":[{"embeddable":true,"href":"https:\/\/www.europesays.com\/fi\/wp-json\/wp\/v2\/media\/274074"}],"wp:attachment":[{"href":"https:\/\/www.europesays.com\/fi\/wp-json\/wp\/v2\/media?parent=274073"}],"wp:term":[{"taxonomy":"category","embeddable":true,"href":"https:\/\/www.europesays.com\/fi\/wp-json\/wp\/v2\/categories?post=274073"},{"taxonomy":"post_tag","embeddable":true,"href":"https:\/\/www.europesays.com\/fi\/wp-json\/wp\/v2\/tags?post=274073"}],"curies":[{"name":"wp","href":"https:\/\/api.w.org\/{rel}","templated":true}]}}