{"id":274119,"date":"2026-06-11T19:29:18","date_gmt":"2026-06-11T19:29:18","guid":{"rendered":"https:\/\/www.europesays.com\/fi\/274119\/"},"modified":"2026-06-11T19:29:18","modified_gmt":"2026-06-11T19:29:18","slug":"idolsista-tutun-laulajan-kipparoima-metalliyhtye-unen-julkaisi-itsevarmuutta-uhkuvan-singlen-videoineen","status":"publish","type":"post","link":"https:\/\/www.europesays.com\/fi\/274119\/","title":{"rendered":"Idolsista tutun laulajan kipparoima metalliyhtye Un\u00e9n julkaisi itsevarmuutta uhkuvan singlen videoineen"},"content":{"rendered":"<p>Viime vuonna Forever Winter -debyyttialbuminsa julkaissut, Idols-kisasta kansan tietoisuuteen nousseen <strong>Stina Girsin<\/strong> johtama <strong>Un\u00e9n<\/strong> aloittaa uuden syklins\u00e4 voimabiisill\u00e4. Koko yhtyeen voimin syntynyt Dancing in Flames on selke\u00e4 askel eteenp\u00e4in esikoislevylt\u00e4.<\/p>\n<p>\u201dHalusimme nostaa kierroksia, ja Dancing in Flames on siit\u00e4 t\u00e4ydellinen esimerkki. Se esittelee meist\u00e4 useita puolia; on rock-henkist\u00e4 kaahausta, rytmik\u00e4st\u00e4 tunnelmointia, mukaansatempaava kertos\u00e4e ja kirsikkana kakun p\u00e4\u00e4ll\u00e4 todella raskas v\u00e4liosa growleineen\u201d, b\u00e4ndi muotoilee.<\/p>\n<p>\u201cDancing in Flames uhkuu itsevarmuutta. Kun olet kuvitellut h\u00e4nen rakastavan ja se on ollutkin vain valhetta, l\u00e4htee pohja kaikesta. Mutta kun el\u00e4m\u00e4 murjoo isolla k\u00e4dell\u00e4, vahvistut jokaisesta kolhusta ja nouset vahvempana uuteen koitokseen. Ja voit vain tanssia liekeiss\u00e4\u201d, sanat kyn\u00e4illyt Girs lis\u00e4\u00e4.<\/p>\n<p>Kappaleen kylkeen on tehty <strong>Elsa Wellamon<\/strong> ohjaama musiikkivideo, jolla on mukana tanssija <strong>Laura Zaray<\/strong>. Videon pariin p\u00e4\u00e4set tuosta alempaa.<\/p>\n<p>Un\u00e9n keskittyy kes\u00e4n aikana valmistelemaan toista studioalbumiaan, mutta tekee yhden keikan Helsingin Lepakkomiehess\u00e4 14. elokuuta.<\/p>\n<p><img loading=\"lazy\" decoding=\"async\" alt=\"Youtube video\" width=\"480\" height=\"360\" data-pin-nopin=\"true\" nopin=\"nopin\" class=\"perfmatters-lazy\" src=\"https:\/\/www.europesays.com\/fi\/wp-content\/uploads\/2026\/06\/1781206154_457_hqdefault.jpg\"\/><\/p>\n<p>Lue my\u00f6s: <a href=\"https:\/\/www.inferno.fi\/uutiskirje\/\" title=\"Tilaa Infernon uutiskirje\" class=\"underline-custom !font-montserrat !font-bold !underline-offset-4 !decoration-4 !decoration-red-600 !text-md\" rel=\"nofollow noopener\" target=\"_blank\">Tilaa Infernon uutiskirje ja tied\u00e4t mist\u00e4 kahvitauolla puhutaan! Nappaa raskaan musiikin uutiset ja puheenaiheet suoraan s\u00e4hk\u00f6postiin t\u00e4st\u00e4.<\/a><\/p>\n<p>    <a class=\"block\" href=\"https:\/\/www.como.fi\/uutiset\/27-vuotias-luuli-voittaneensa-raaputusarvasta-10-tonnia-totuus-oli-toinen-mutta-iloinen-itkin-kuin-vauva\/\" target=\"_blank\" rel=\"noopener nofollow\"><br \/>\n                    <img loading=\"lazy\" decoding=\"async\" width=\"672\" height=\"448\" alt=\"27-vuotias luuli voittaneensa raaputusarvasta 10 tonnia, totuus oli toinen mutta iloinen: \u201dItkin kuin vauva\u201d\" class=\"perfmatters-lazy\" src=\"https:\/\/www.europesays.com\/fi\/wp-content\/uploads\/2026\/06\/veikkaus_arpa_casino_assa-672x448.jpg\"\/><\/p>\n<p>                        <img loading=\"lazy\" decoding=\"async\" alt=\"Como.fi\" width=\"16\" height=\"16\" class=\"perfmatters-lazy\" src=\"https:\/\/www.europesays.com\/fi\/wp-content\/uploads\/2026\/06\/1780830253_501_favicon-16x16.png\"\/><\/p>\n<p>    <\/a><\/p>\n<p>    <a class=\"block\" href=\"https:\/\/www.como.fi\/uutiset\/suomalainen-pianisti-on-kuollut\/\" target=\"_blank\" rel=\"noopener nofollow\"><br \/>\n                    <img loading=\"lazy\" decoding=\"async\" width=\"672\" height=\"448\" alt=\"Suomalainen pianisti on kuollut\" class=\"perfmatters-lazy\" src=\"https:\/\/www.europesays.com\/fi\/wp-content\/uploads\/2026\/05\/1780148473_629_kynttila_kuolema-672x448.jpg\"\/><\/p>\n<p>                        <img loading=\"lazy\" decoding=\"async\" alt=\"Como.fi\" width=\"16\" height=\"16\" class=\"perfmatters-lazy\" src=\"https:\/\/www.europesays.com\/fi\/wp-content\/uploads\/2026\/06\/1780830253_501_favicon-16x16.png\"\/><\/p>\n<p>    <\/a><\/p>\n<p>    <a class=\"block\" href=\"https:\/\/www.como.fi\/uutiset\/heidi-foxellin-puolisolle-riitti-aika-on-oikeasti-tullut-paatokseen\/\" target=\"_blank\" rel=\"noopener nofollow\"><br \/>\n                    <img loading=\"lazy\" decoding=\"async\" width=\"672\" height=\"449\" alt=\"Heidi Foxellin puolisolle riitti \u2013 \u201dAika on oikeasti tullut p\u00e4\u00e4t\u00f6kseen\u201d\" class=\"perfmatters-lazy\" src=\"https:\/\/www.europesays.com\/fi\/wp-content\/uploads\/2026\/06\/1.03836788-3-1-672x449.jpg\"\/><\/p>\n<p>                        <img loading=\"lazy\" decoding=\"async\" alt=\"Como.fi\" width=\"16\" height=\"16\" class=\"perfmatters-lazy\" src=\"https:\/\/www.europesays.com\/fi\/wp-content\/uploads\/2026\/06\/1780830253_501_favicon-16x16.png\"\/><\/p>\n<p>    <\/a><\/p>\n<p>    <a class=\"block\" href=\"https:\/\/www.inferno.fi\/uutiset\/def-leppard-kitaristi-kehuu-lost-societya-ja-samy-elbannaa-uskomaton-soittaja\/\" rel=\"nofollow noopener\" target=\"_blank\"><br \/>\n        <img loading=\"lazy\" height=\"448\" width=\"672\" class=\"attachment-large_post_image size-large_post_image sp-no-webp perfmatters-lazy\" alt=\"Def Leppard -kitaristi kehuu Lost Societya ja Samy Elbannaa \u2013 \u201dUskomaton soittaja\u201d\" decoding=\"async\" src=\"https:\/\/www.europesays.com\/fi\/wp-content\/uploads\/2026\/06\/161833055602-672x448.jpg\"  data-\/><br \/>\n    <\/a><\/p>\n<p>    <a class=\"block\" href=\"https:\/\/www.inferno.fi\/uutiset\/kalmaisa-tuulahdus-menneisyydesta-entisten-death-muusikoiden-left-to-die-julkaisi-naytteen-tulevalta-debyyttilevyltaan\/\" rel=\"nofollow noopener\" target=\"_blank\"><br \/>\n        <img loading=\"lazy\" height=\"504\" width=\"672\" class=\"attachment-large_post_image size-large_post_image sp-no-webp perfmatters-lazy\" alt=\"Kalmaisa tuulahdus menneisyydest\u00e4 \u2013 entisten Death-muusikoiden Left to Die julkaisi n\u00e4ytteen tulevalta debyyttilevylt\u00e4\u00e4n\" decoding=\"async\" src=\"https:\/\/www.europesays.com\/fi\/wp-content\/uploads\/2026\/06\/lefttodie-promo-1200px-672x504.jpg\"  data-\/><br \/>\n    <\/a><\/p>\n<p>    <a class=\"block\" href=\"https:\/\/www.inferno.fi\/uutiset\/brittilaisen-tv-ohjelman-arkistoista-loytyi-harvinaislaatuinen-metallica-esiintyminen-lahes-kolmen-vuosikymmenen-takaa\/\" rel=\"nofollow noopener\" target=\"_blank\"><br \/>\n        <img loading=\"lazy\" height=\"504\" width=\"672\" class=\"attachment-large_post_image size-large_post_image sp-no-webp perfmatters-lazy\" alt=\"Brittil\u00e4isen tv-ohjelman arkistoista l\u00f6ytyi harvinaislaatuinen Metallica-esiintyminen l\u00e4hes kolmen vuosikymmenen takaa\" decoding=\"async\" src=\"https:\/\/www.europesays.com\/fi\/wp-content\/uploads\/2026\/06\/tfi-metallica-screenshot-2026-6-10-672x504.jpg\"  data-\/><br \/>\n    <\/a><\/p>\n<p>    <a class=\"block\" href=\"https:\/\/www.inferno.fi\/uutiset\/lord-of-the-lostin-chris-harms-mukana-kotimaisen-metalliryhman-aggressiivisella-uudella-singlella\/\" rel=\"nofollow noopener\" target=\"_blank\"><br \/>\n        <img loading=\"lazy\" height=\"392\" width=\"672\" class=\"attachment-large_post_image size-large_post_image sp-no-webp perfmatters-lazy\" alt=\"Lord of the Lostin Chris Harms mukana kotimaisen metalliryhm\u00e4n aggressiivisella uudella singlell\u00e4\" decoding=\"async\" src=\"https:\/\/www.europesays.com\/fi\/wp-content\/uploads\/2026\/06\/ww-breed-promo-2400x1400-1-672x392.jpeg\"  data-\/><br \/>\n    <\/a><\/p>\n","protected":false},"excerpt":{"rendered":"Viime vuonna Forever Winter -debyyttialbuminsa julkaissut, Idols-kisasta kansan tietoisuuteen nousseen Stina Girsin johtama Un\u00e9n aloittaa uuden syklins\u00e4 voimabiisill\u00e4.&hellip;\n","protected":false},"author":2,"featured_media":274120,"comment_status":"","ping_status":"","sticky":false,"template":"","format":"standard","meta":{"footnotes":"","_share_on_mastodon":"0"},"categories":[132],"tags":[137,33,31,30,195,47,1243,1244,32,1245,109],"class_list":["post-274119","post","type-post","status-publish","format-standard","has-post-thumbnail","category-musiikki","tag-entertainment","tag-fi","tag-finland","tag-finnish","tag-music","tag-musiikki","tag-musiikkivideo","tag-single","tag-suomi","tag-tuleva-levy","tag-viihde"],"share_on_mastodon":{"url":"https:\/\/pubeurope.com\/@fi\/116733133864057943","error":""},"_links":{"self":[{"href":"https:\/\/www.europesays.com\/fi\/wp-json\/wp\/v2\/posts\/274119","targetHints":{"allow":["GET"]}}],"collection":[{"href":"https:\/\/www.europesays.com\/fi\/wp-json\/wp\/v2\/posts"}],"about":[{"href":"https:\/\/www.europesays.com\/fi\/wp-json\/wp\/v2\/types\/post"}],"author":[{"embeddable":true,"href":"https:\/\/www.europesays.com\/fi\/wp-json\/wp\/v2\/users\/2"}],"replies":[{"embeddable":true,"href":"https:\/\/www.europesays.com\/fi\/wp-json\/wp\/v2\/comments?post=274119"}],"version-history":[{"count":0,"href":"https:\/\/www.europesays.com\/fi\/wp-json\/wp\/v2\/posts\/274119\/revisions"}],"wp:featuredmedia":[{"embeddable":true,"href":"https:\/\/www.europesays.com\/fi\/wp-json\/wp\/v2\/media\/274120"}],"wp:attachment":[{"href":"https:\/\/www.europesays.com\/fi\/wp-json\/wp\/v2\/media?parent=274119"}],"wp:term":[{"taxonomy":"category","embeddable":true,"href":"https:\/\/www.europesays.com\/fi\/wp-json\/wp\/v2\/categories?post=274119"},{"taxonomy":"post_tag","embeddable":true,"href":"https:\/\/www.europesays.com\/fi\/wp-json\/wp\/v2\/tags?post=274119"}],"curies":[{"name":"wp","href":"https:\/\/api.w.org\/{rel}","templated":true}]}}