{"id":274142,"date":"2026-06-11T19:55:16","date_gmt":"2026-06-11T19:55:16","guid":{"rendered":"https:\/\/www.europesays.com\/fi\/274142\/"},"modified":"2026-06-11T19:55:16","modified_gmt":"2026-06-11T19:55:16","slug":"kalmaisa-tuulahdus-menneisyydesta-entisten-death-muusikoiden-left-to-die-julkaisi-naytteen-tulevalta-debyyttilevyltaan","status":"publish","type":"post","link":"https:\/\/www.europesays.com\/fi\/274142\/","title":{"rendered":"Kalmaisa tuulahdus menneisyydest\u00e4 &#8211; entisten Death-muusikoiden Left to Die julkaisi n\u00e4ytteen tulevalta debyyttilevylt\u00e4\u00e4n"},"content":{"rendered":"<p><strong>Deathin<\/strong> alkup\u00e4\u00e4n tuotantoon keikoillaan keskittyv\u00e4 tribuuttib\u00e4ndi <strong>Left to Die<\/strong> \u2013 jonka muodostavat <strong>Deathiss\u00e4<\/strong> varhaisaikoina sek\u00e4 esiasteena toimineessa <strong>Mantas<\/strong>-yhtyeess\u00e4 vaikuttanut kitaristi <strong>Rick Rozz<\/strong>, Deathin alkuaikojen basisti <strong>Terry Butler<\/strong> sek\u00e4 <strong>Gruesomen<\/strong> laulaja <strong>Matt Harvey<\/strong> ja rumpali <strong>Gus Rios<\/strong> \u2013 julkaisee debyyttialbuminsa Initium Mortis 17. hein\u00e4kuuta Relapse Recordsin kautta. Levy koostuu 80-luvun alkupuoliskon Mantas- ja Death-demoista, jotka on \u00e4\u00e4nitetty nelikon toimesta uudelleen.<\/p>\n<p>\u201dHalusimme fanien kuulevan n\u00e4m\u00e4 biisit ensimm\u00e4ist\u00e4 kertaa kunnon tuotannolla. Valtaosa varhaisista demoista \u00e4\u00e4nitettiin kasettimankalla ja siin\u00e4 vaiheessa, kun joku sai demon k\u00e4siins\u00e4 tape tradingin kautta, biiseist\u00e4 sai h\u00e4din tuskin selv\u00e4\u00e4! N\u00e4m\u00e4 kappaleet esittelev\u00e4t mielest\u00e4mme hyvin Mantasin\/Deathin synnyn. T\u00e4m\u00e4 on se nollapiste, mist\u00e4 kaikki l\u00e4hti: kolme 15-vuotiasta kaverusta tekem\u00e4ss\u00e4 death metal -historiaa\u201d, Terry Butler kommentoi.<\/p>\n<p>\u201dKahlasin iloisesti l\u00e4pi l\u00e4j\u00e4p\u00e4in demoja ja treenik\u00e4mpp\u00e4-\u00e4\u00e4nityksi\u00e4 etsien kamaa, jonka \u00e4\u00e4nitt\u00e4misess\u00e4 olisi jotain j\u00e4rke\u00e4. Min\u00e4 n\u00e4en Initium Mortisin er\u00e4\u00e4nlaisena \u2019vaihtoehtotodellisuuden\u2019 versiona (Deathin debyyttialbumi) Scream Bloody Goresta, koska n\u00e4m\u00e4 biisit py\u00f6riv\u00e4t kuvioissa monien eri Death-kokoonpanojen kanssa vuosien 1983-1987 v\u00e4lill\u00e4\u201d, toteaa Harvey.<\/p>\n<p>Levylt\u00e4 on aiemmin julkaistu ennakkopalana kappale Archangel ja nyt uutena maistiaisena tarjoillaan kappaletta Witch of Hell. Kuuntele molemmat tuosta alta.<\/p>\n<p><img loading=\"lazy\" decoding=\"async\" alt=\"Youtube video\" width=\"480\" height=\"360\" data-pin-nopin=\"true\" nopin=\"nopin\" class=\"perfmatters-lazy\" src=\"https:\/\/www.europesays.com\/fi\/wp-content\/uploads\/2026\/06\/1781207710_188_hqdefault.jpg\"\/><\/p>\n<p><img loading=\"lazy\" decoding=\"async\" alt=\"Youtube video\" width=\"480\" height=\"360\" data-pin-nopin=\"true\" nopin=\"nopin\" class=\"perfmatters-lazy\" src=\"https:\/\/www.europesays.com\/fi\/wp-content\/uploads\/2026\/06\/1781207710_981_hqdefault.jpg\"\/><\/p>\n<p>Lue my\u00f6s: <a href=\"https:\/\/www.inferno.fi\/uutiskirje\/\" title=\"Tilaa Infernon uutiskirje\" class=\"underline-custom !font-montserrat !font-bold !underline-offset-4 !decoration-4 !decoration-red-600 !text-md\" rel=\"nofollow noopener\" target=\"_blank\">Tilaa Infernon uutiskirje ja tied\u00e4t mist\u00e4 kahvitauolla puhutaan! Nappaa raskaan musiikin uutiset ja puheenaiheet suoraan s\u00e4hk\u00f6postiin t\u00e4st\u00e4.<\/a><\/p>\n<p>    <a class=\"block\" href=\"https:\/\/www.como.fi\/uutiset\/27-vuotias-luuli-voittaneensa-raaputusarvasta-10-tonnia-totuus-oli-toinen-mutta-iloinen-itkin-kuin-vauva\/\" target=\"_blank\" rel=\"noopener nofollow\"><br \/>\n                    <img loading=\"lazy\" decoding=\"async\" width=\"672\" height=\"448\" alt=\"27-vuotias luuli voittaneensa raaputusarvasta 10 tonnia, totuus oli toinen mutta iloinen: \u201dItkin kuin vauva\u201d\" class=\"perfmatters-lazy\" src=\"https:\/\/www.europesays.com\/fi\/wp-content\/uploads\/2026\/06\/veikkaus_arpa_casino_assa-672x448.jpg\"\/><\/p>\n<p>                        <img loading=\"lazy\" decoding=\"async\" alt=\"Como.fi\" width=\"16\" height=\"16\" class=\"perfmatters-lazy\" src=\"https:\/\/www.europesays.com\/fi\/wp-content\/uploads\/2026\/06\/1780830253_501_favicon-16x16.png\"\/><\/p>\n<p>    <\/a><\/p>\n<p>    <a class=\"block\" href=\"https:\/\/www.como.fi\/uutiset\/vuoden-elakkeella-ollut-katri-helena-palasi-julkisuuteen-talta-nayttaa-nyt\/\" target=\"_blank\" rel=\"noopener nofollow\"><br \/>\n                    <img loading=\"lazy\" decoding=\"async\" width=\"672\" height=\"538\" alt=\"Vuoden el\u00e4kkeell\u00e4 ollut Katri Helena palasi julkisuuteen \u2013 t\u00e4lt\u00e4 n\u00e4ytt\u00e4\u00e4 nyt!\" class=\"perfmatters-lazy\" src=\"https:\/\/www.europesays.com\/fi\/wp-content\/uploads\/2026\/06\/katri_helena-8-672x538.jpg\"\/><\/p>\n<p>                        <img loading=\"lazy\" decoding=\"async\" alt=\"Como.fi\" width=\"16\" height=\"16\" class=\"perfmatters-lazy\" src=\"https:\/\/www.europesays.com\/fi\/wp-content\/uploads\/2026\/06\/1780830253_501_favicon-16x16.png\"\/><\/p>\n<p>    <\/a><\/p>\n<p>    <a class=\"block\" href=\"https:\/\/www.como.fi\/uutiset\/jasmine-pajarilta-yllatys-tervetuloa-perheeseen\/\" target=\"_blank\" rel=\"noopener nofollow\"><br \/>\n                    <img loading=\"lazy\" decoding=\"async\" width=\"672\" height=\"448\" alt=\"Jasmine Pajarilta yll\u00e4tys \u2013 \u201dTervetuloa perheeseen\u201d\" class=\"perfmatters-lazy\" src=\"https:\/\/www.europesays.com\/fi\/wp-content\/uploads\/2026\/06\/7.24777285-5-672x448.jpg\"\/><\/p>\n<p>                        <img loading=\"lazy\" decoding=\"async\" alt=\"Como.fi\" width=\"16\" height=\"16\" class=\"perfmatters-lazy\" src=\"https:\/\/www.europesays.com\/fi\/wp-content\/uploads\/2026\/06\/1780830253_501_favicon-16x16.png\"\/><\/p>\n<p>    <\/a><\/p>\n<p>    <a class=\"block\" href=\"https:\/\/www.inferno.fi\/uutiset\/idolsista-tutun-laulajan-kipparoima-metalliyhtye-unen-julkaisi-itsevarmuutta-uhkuvan-singlen-videoineen\/\" rel=\"nofollow noopener\" target=\"_blank\"><br \/>\n        <img loading=\"lazy\" height=\"504\" width=\"672\" class=\"attachment-large_post_image size-large_post_image sp-no-webp perfmatters-lazy\" alt=\"Idolsista tutun laulajan kipparoima metalliyhtye Un\u00e9n julkaisi itsevarmuutta uhkuvan singlen videoineen\" decoding=\"async\" src=\"https:\/\/www.europesays.com\/fi\/wp-content\/uploads\/2026\/06\/unen-2026-6-11-672x504.jpg\"  data-\/><br \/>\n    <\/a><\/p>\n<p>    <a class=\"block\" href=\"https:\/\/www.inferno.fi\/uutiset\/def-leppard-kitaristi-kehuu-lost-societya-ja-samy-elbannaa-uskomaton-soittaja\/\" rel=\"nofollow noopener\" target=\"_blank\"><br \/>\n        <img loading=\"lazy\" height=\"448\" width=\"672\" class=\"attachment-large_post_image size-large_post_image sp-no-webp perfmatters-lazy\" alt=\"Def Leppard -kitaristi kehuu Lost Societya ja Samy Elbannaa \u2013 \u201dUskomaton soittaja\u201d\" decoding=\"async\" src=\"https:\/\/www.europesays.com\/fi\/wp-content\/uploads\/2026\/06\/161833055602-672x448.jpg\"  data-\/><br \/>\n    <\/a><\/p>\n<p>    <a class=\"block\" href=\"https:\/\/www.inferno.fi\/uutiset\/brittilaisen-tv-ohjelman-arkistoista-loytyi-harvinaislaatuinen-metallica-esiintyminen-lahes-kolmen-vuosikymmenen-takaa\/\" rel=\"nofollow noopener\" target=\"_blank\"><br \/>\n        <img loading=\"lazy\" height=\"504\" width=\"672\" class=\"attachment-large_post_image size-large_post_image sp-no-webp perfmatters-lazy\" alt=\"Brittil\u00e4isen tv-ohjelman arkistoista l\u00f6ytyi harvinaislaatuinen Metallica-esiintyminen l\u00e4hes kolmen vuosikymmenen takaa\" decoding=\"async\" src=\"https:\/\/www.europesays.com\/fi\/wp-content\/uploads\/2026\/06\/tfi-metallica-screenshot-2026-6-10-672x504.jpg\"  data-\/><br \/>\n    <\/a><\/p>\n<p>    <a class=\"block\" href=\"https:\/\/www.inferno.fi\/uutiset\/lord-of-the-lostin-chris-harms-mukana-kotimaisen-metalliryhman-aggressiivisella-uudella-singlella\/\" rel=\"nofollow noopener\" target=\"_blank\"><br \/>\n        <img loading=\"lazy\" height=\"392\" width=\"672\" class=\"attachment-large_post_image size-large_post_image sp-no-webp perfmatters-lazy\" alt=\"Lord of the Lostin Chris Harms mukana kotimaisen metalliryhm\u00e4n aggressiivisella uudella singlell\u00e4\" decoding=\"async\" src=\"https:\/\/www.europesays.com\/fi\/wp-content\/uploads\/2026\/06\/ww-breed-promo-2400x1400-1-672x392.jpeg\"  data-\/><br \/>\n    <\/a><\/p>\n","protected":false},"excerpt":{"rendered":"Deathin alkup\u00e4\u00e4n tuotantoon keikoillaan keskittyv\u00e4 tribuuttib\u00e4ndi Left to Die \u2013 jonka muodostavat Deathiss\u00e4 varhaisaikoina sek\u00e4 esiasteena toimineessa Mantas-yhtyeess\u00e4&hellip;\n","protected":false},"author":2,"featured_media":274143,"comment_status":"","ping_status":"","sticky":false,"template":"","format":"standard","meta":{"footnotes":"","_share_on_mastodon":"0"},"categories":[132],"tags":[137,33,31,30,195,47,1244,32,1245,109],"class_list":["post-274142","post","type-post","status-publish","format-standard","has-post-thumbnail","category-musiikki","tag-entertainment","tag-fi","tag-finland","tag-finnish","tag-music","tag-musiikki","tag-single","tag-suomi","tag-tuleva-levy","tag-viihde"],"share_on_mastodon":{"url":"https:\/\/pubeurope.com\/@fi\/116733236364430150","error":""},"_links":{"self":[{"href":"https:\/\/www.europesays.com\/fi\/wp-json\/wp\/v2\/posts\/274142","targetHints":{"allow":["GET"]}}],"collection":[{"href":"https:\/\/www.europesays.com\/fi\/wp-json\/wp\/v2\/posts"}],"about":[{"href":"https:\/\/www.europesays.com\/fi\/wp-json\/wp\/v2\/types\/post"}],"author":[{"embeddable":true,"href":"https:\/\/www.europesays.com\/fi\/wp-json\/wp\/v2\/users\/2"}],"replies":[{"embeddable":true,"href":"https:\/\/www.europesays.com\/fi\/wp-json\/wp\/v2\/comments?post=274142"}],"version-history":[{"count":0,"href":"https:\/\/www.europesays.com\/fi\/wp-json\/wp\/v2\/posts\/274142\/revisions"}],"wp:featuredmedia":[{"embeddable":true,"href":"https:\/\/www.europesays.com\/fi\/wp-json\/wp\/v2\/media\/274143"}],"wp:attachment":[{"href":"https:\/\/www.europesays.com\/fi\/wp-json\/wp\/v2\/media?parent=274142"}],"wp:term":[{"taxonomy":"category","embeddable":true,"href":"https:\/\/www.europesays.com\/fi\/wp-json\/wp\/v2\/categories?post=274142"},{"taxonomy":"post_tag","embeddable":true,"href":"https:\/\/www.europesays.com\/fi\/wp-json\/wp\/v2\/tags?post=274142"}],"curies":[{"name":"wp","href":"https:\/\/api.w.org\/{rel}","templated":true}]}}