{"id":274209,"date":"2026-06-11T21:20:10","date_gmt":"2026-06-11T21:20:10","guid":{"rendered":"https:\/\/www.europesays.com\/fi\/274209\/"},"modified":"2026-06-11T21:20:10","modified_gmt":"2026-06-11T21:20:10","slug":"hinnat-nousevat-nyt-jyrkasti-trump-rakastan-inflaatiota","status":"publish","type":"post","link":"https:\/\/www.europesays.com\/fi\/274209\/","title":{"rendered":"Hinnat nousevat nyt jyrk\u00e4sti \u2013 Trump: \u201dRakastan inflaatiota\u201d"},"content":{"rendered":"<p>\t\t\t\t\t\t\t\t\tTalous<\/p>\n<p>\u2013 Rakastan inflaatiota, julisti Yhdysvaltain presidentti <strong>Donald Trump<\/strong> keskiviikkona toimittajille kommentoidessaan maan tuoreita kuluttajahintatilastoja. Asiasta raportoivat muun muassa uutistoimisto <a href=\"https:\/\/www.reuters.com\/world\/i-love-inflation-trump-says-prices-rise-amid-iran-war-2026-06-10\/\" rel=\"nofollow noopener\" target=\"_blank\">Reuters<\/a> ja <a href=\"https:\/\/www.bbc.com\/news\/articles\/c0myzxjkw99o\" rel=\"nofollow noopener\" target=\"_blank\">BBC<\/a>.<\/p>\n<p>Yhdysvaltain hallinnon tuoreiden tilastojen <a href=\"https:\/\/www.reuters.com\/world\/us\/us-consumer-prices-increase-expected-may-2026-06-10\/\" rel=\"nofollow noopener\" target=\"_blank\">mukaan<\/a> kuluttajahinnat ovat nousseet toukokuussa yli nelj\u00e4ll\u00e4 prosentilla, mik\u00e4 on maan korkein inflaatioluku kolmeen vuoteen.<\/p>\n<p>\u2013 Rakastan sit\u00e4. Numerot olivat loistavia. Tied\u00e4ttek\u00f6, mit\u00e4 todella rakastan? Rakastan inflaatiota, Trump sanoi puhuessaan toimittajille.<\/p>\n<p>Yhdysvaltojen\u00a0ja Israelin helmikuun lopulla k\u00e4ynnist\u00e4m\u00e4 sota Irania vastaan on saanut energian hinnat jyrkk\u00e4\u00e4n nousuun. Iran on k\u00e4yt\u00e4nn\u00f6ss\u00e4 sulkenut Hormuzinsalmen, jonka kautta normaalisti kulkee noin viidesosa maailman \u00f6ljy- ja kaasutoimituksista.<\/p>\n<p>Toukokuussa energian hinnat <a href=\"https:\/\/www.suomenmaa.fi\/uutiset\/usan-inflaatio-nousi-korkeimmalle-tasolle-sitten-kevaan-2023\/\" rel=\"nofollow noopener\" target=\"_blank\">nousivat<\/a> Yhdysvalloissa 23,5 prosenttia vuoden takaiseen verrattuna. Bensiinin hinta nousi puolestaan yli 40 prosenttia. My\u00f6s elintarvikkeiden hinnat nousivat selv\u00e4sti.<\/p>\n<p>Trump tarkensi my\u00f6hemmin New York Postille sanomisiaan.<\/p>\n<p>\u2013 Rakastan inflaatiolukuja sen vuoksi, mist\u00e4 olen puhumassa. Numerot tulevat olemaan ilmi\u00f6m\u00e4isi\u00e4, koska ne n\u00e4ytt\u00e4v\u00e4t, ett\u00e4 vaikka olemme sodassa, numerot ovat paljon odotettua matalammat, ja kun emme ole en\u00e4\u00e4 sodassa, numerot tulevat olemaan jopa matalammalla kuin ennen sen alkua.<\/p>\n<p>Trump sanoi keskiviikkona toimittajille uskovansa, ett\u00e4 hinnat laskevat heti Iranin sodan p\u00e4\u00e4tytty\u00e4. H\u00e4n kehui Yhdysvaltain operaatiota, jossa \u00f6ljytankkereita kuljetettiin salaa Hormuzinsalmen l\u00e4pi.<\/p>\n<p>\u2013 Kun [sota] on ohi, n\u00e4ette \u00f6ljyn hinnan laskevan siihen, miss\u00e4 se oli aiemmin. Se tulee alas. Se tulee alas kuin kivi, h\u00e4n vakuutti.<\/p>\n<p>Viime kuussa Trump sanoi, etteiv\u00e4t amerikkalaisten taloushuolet vaikuta h\u00e4nen p\u00e4\u00e4t\u00f6ksiins\u00e4 Iranin sotaa koskien.<\/p>\n<p>\u2013 En ajattele amerikkalaisten taloustilannetta. En ajattele ket\u00e4\u00e4n. Ajattelen yht\u00e4 asiaa: me emme voi antaa Iranan saada ydinasetta, h\u00e4n totesi tuolloin.<\/p>\n<p>Yhdysvallat ja Iran solmivat aselevon huhtikuussa, mutta se on rakoillut useaan otteeseen jo ennen kuluvan viikon <a href=\"https:\/\/www.suomenmaa.fi\/uutiset\/yhdysvallat-ja-iran-tekivat-jalleen-uusia-iskuja-iran-ilmoitti-sulkeneensa-hormuzinsalmen-liikenteelta\/\" rel=\"nofollow noopener\" target=\"_blank\">uusia k\u00e4rjistymisi\u00e4<\/a>. <\/p>\n<p>Yhdysvallat on t\u00e4ll\u00e4 viikolla iskenyt useisiin sotilaskohteisiin Iranissa. Iranin vallankumouskaarti on puolestaan iskenyt Yhdysvaltojen tukikohtiin Bahrainissa ja Kuwaitissa.<\/p>\n<p>Samaan aikaan rauhanneuvottelut maiden v\u00e4lill\u00e4 ovat pahasti jumiutuneet. Keskiviikkona Trump\u00a0<a href=\"https:\/\/truthsocial.com\/@realDonaldTrump\/posts\/116725476229257491\" rel=\"nofollow noopener\" target=\"_blank\">sanoi<\/a>, ett\u00e4 Iranilla on mennyt liian kauan aikaa rauhansopimuksen neuvottelemisessa Yhdysvaltojen kanssa ja he joutuvat maksamaan t\u00e4st\u00e4.<\/p>\n","protected":false},"excerpt":{"rendered":"Talous \u2013 Rakastan inflaatiota, julisti Yhdysvaltain presidentti Donald Trump keskiviikkona toimittajille kommentoidessaan maan tuoreita kuluttajahintatilastoja. Asiasta raportoivat muun&hellip;\n","protected":false},"author":2,"featured_media":274210,"comment_status":"","ping_status":"","sticky":false,"template":"","format":"standard","meta":{"footnotes":"","_share_on_mastodon":"0"},"categories":[76],"tags":[79,585,77,33,31,30,3245,29266,32,78,56,619],"class_list":["post-274209","post","type-post","status-publish","format-standard","has-post-thumbnail","category-talous","tag-business","tag-donald-trump","tag-economy","tag-fi","tag-finland","tag-finnish","tag-inflaatio","tag-iranin-sota","tag-suomi","tag-talous","tag-ulkomaat","tag-yhdysvallat"],"share_on_mastodon":{"url":"https:\/\/pubeurope.com\/@fi\/116733570439190027","error":""},"_links":{"self":[{"href":"https:\/\/www.europesays.com\/fi\/wp-json\/wp\/v2\/posts\/274209","targetHints":{"allow":["GET"]}}],"collection":[{"href":"https:\/\/www.europesays.com\/fi\/wp-json\/wp\/v2\/posts"}],"about":[{"href":"https:\/\/www.europesays.com\/fi\/wp-json\/wp\/v2\/types\/post"}],"author":[{"embeddable":true,"href":"https:\/\/www.europesays.com\/fi\/wp-json\/wp\/v2\/users\/2"}],"replies":[{"embeddable":true,"href":"https:\/\/www.europesays.com\/fi\/wp-json\/wp\/v2\/comments?post=274209"}],"version-history":[{"count":0,"href":"https:\/\/www.europesays.com\/fi\/wp-json\/wp\/v2\/posts\/274209\/revisions"}],"wp:featuredmedia":[{"embeddable":true,"href":"https:\/\/www.europesays.com\/fi\/wp-json\/wp\/v2\/media\/274210"}],"wp:attachment":[{"href":"https:\/\/www.europesays.com\/fi\/wp-json\/wp\/v2\/media?parent=274209"}],"wp:term":[{"taxonomy":"category","embeddable":true,"href":"https:\/\/www.europesays.com\/fi\/wp-json\/wp\/v2\/categories?post=274209"},{"taxonomy":"post_tag","embeddable":true,"href":"https:\/\/www.europesays.com\/fi\/wp-json\/wp\/v2\/tags?post=274209"}],"curies":[{"name":"wp","href":"https:\/\/api.w.org\/{rel}","templated":true}]}}