{"id":27421,"date":"2025-09-06T15:30:44","date_gmt":"2025-09-06T15:30:44","guid":{"rendered":"https:\/\/www.europesays.com\/fi\/27421\/"},"modified":"2025-09-06T15:30:44","modified_gmt":"2025-09-06T15:30:44","slug":"imatran-tuoremehu-loysi-puuttuvat-laitteet-ja-jatkaa-toimintaansa-tauon-jalkeen-kylla-tassa-on-aika-haipakkaa-ollut-paikalliset","status":"publish","type":"post","link":"https:\/\/www.europesays.com\/fi\/27421\/","title":{"rendered":"Imatran tuoremehu l\u00f6ysi puuttuvat laitteet ja jatkaa toimintaansa tauon j\u00e4lkeen: &#8221;Kyll\u00e4 t\u00e4ss\u00e4 on aika haipakkaa ollut&#8221; | Paikalliset"},"content":{"rendered":"<p>Imatran tuoremehu piti taukoa ja jatkaa nyt toimintaansa omenakauden kynnyksell\u00e4. Uusi alku tapahtui nopeasti, kun ratkaisu v\u00e4linepulaan l\u00f6ytyi Kiteelt\u00e4.<\/p>\n<p>Imatralla on j\u00e4lleen toiminnassa tuttu mehuasema, kun Imatran tuoremehu avaa ovensa Virasojalla 17. elokuuta. Mehuasema piti taukoa viime kes\u00e4n, mutta nyt omistajat halusivat palata tutun ty\u00f6n \u00e4\u00e4reen.<\/p>\n","protected":false},"excerpt":{"rendered":"Imatran tuoremehu piti taukoa ja jatkaa nyt toimintaansa omenakauden kynnyksell\u00e4. Uusi alku tapahtui nopeasti, kun ratkaisu v\u00e4linepulaan l\u00f6ytyi&hellip;\n","protected":false},"author":2,"featured_media":27422,"comment_status":"","ping_status":"","sticky":false,"template":"","format":"standard","meta":{"footnotes":""},"categories":[86],"tags":[2659,420,33,31,30,736,753,1009,421,3791,900,2331,32,91,92],"class_list":{"0":"post-27421","1":"post","2":"type-post","3":"status-publish","4":"format-standard","5":"has-post-thumbnail","7":"category-laitteet","8":"tag-elintarviketeollisuus-elintarvikkeiden-ja-juomien-valmistus","9":"tag-equipment","10":"tag-fi","11":"tag-finland","12":"tag-finnish","13":"tag-imatra","14":"tag-kausimarjat","15":"tag-kitee","16":"tag-laitteet","17":"tag-mansikat","18":"tag-ruoka","19":"tag-ruoka-ja-juoma","20":"tag-suomi","21":"tag-technology","22":"tag-teknologia"},"share_on_mastodon":{"url":"","error":""},"_links":{"self":[{"href":"https:\/\/www.europesays.com\/fi\/wp-json\/wp\/v2\/posts\/27421","targetHints":{"allow":["GET"]}}],"collection":[{"href":"https:\/\/www.europesays.com\/fi\/wp-json\/wp\/v2\/posts"}],"about":[{"href":"https:\/\/www.europesays.com\/fi\/wp-json\/wp\/v2\/types\/post"}],"author":[{"embeddable":true,"href":"https:\/\/www.europesays.com\/fi\/wp-json\/wp\/v2\/users\/2"}],"replies":[{"embeddable":true,"href":"https:\/\/www.europesays.com\/fi\/wp-json\/wp\/v2\/comments?post=27421"}],"version-history":[{"count":0,"href":"https:\/\/www.europesays.com\/fi\/wp-json\/wp\/v2\/posts\/27421\/revisions"}],"wp:featuredmedia":[{"embeddable":true,"href":"https:\/\/www.europesays.com\/fi\/wp-json\/wp\/v2\/media\/27422"}],"wp:attachment":[{"href":"https:\/\/www.europesays.com\/fi\/wp-json\/wp\/v2\/media?parent=27421"}],"wp:term":[{"taxonomy":"category","embeddable":true,"href":"https:\/\/www.europesays.com\/fi\/wp-json\/wp\/v2\/categories?post=27421"},{"taxonomy":"post_tag","embeddable":true,"href":"https:\/\/www.europesays.com\/fi\/wp-json\/wp\/v2\/tags?post=27421"}],"curies":[{"name":"wp","href":"https:\/\/api.w.org\/{rel}","templated":true}]}}