{"id":274328,"date":"2026-06-12T00:49:14","date_gmt":"2026-06-12T00:49:14","guid":{"rendered":"https:\/\/www.europesays.com\/fi\/274328\/"},"modified":"2026-06-12T00:49:14","modified_gmt":"2026-06-12T00:49:14","slug":"pirkanmaan-jatehuolto-on-jatkossa-renyy-uusi-nimi-viittaa-kiertotalouteen-pirkanmaa","status":"publish","type":"post","link":"https:\/\/www.europesays.com\/fi\/274328\/","title":{"rendered":"Pirkanmaan j\u00e4tehuolto on jatkossa Renyy \u2013 uusi nimi viittaa kiertotalouteen | Pirkanmaa"},"content":{"rendered":"<p class=\"aw__sc-1qwuw0s-0 aw__sc-1vg2sqm-0 epAWpq ecELkD yle__article__paragraph\">J\u00e4teyhti\u00f6ss\u00e4 uskotaan, ett\u00e4 uusi nimi taipuu my\u00f6s pirkan\u00admaalaisten suuhun.<\/p>\n<p><img decoding=\"async\" alt=\"Tumma sekaj\u00e4teastia kuvattuna kes\u00e4isen\u00e4 p\u00e4iv\u00e4n\u00e4. Roska-astian kyljess\u00e4 on teksti &quot;sekaj\u00e4te&quot;.\" src=\"https:\/\/www.europesays.com\/fi\/wp-content\/uploads\/2026\/06\/1691397037.jpeg\" class=\"aw__sc-dklauk-0 LPzKX\"\/><\/p>\n<p>Avaa kuvien katselu<\/p>\n<p>J\u00e4teyhti\u00f6 vaihtaa markkinoinnissa k\u00e4ytett\u00e4v\u00e4n nimens\u00e4, mutta yhti\u00f6n virallinen nimi on jatkossakin Pirkanmaan j\u00e4tehuolto oy. Kuva: Sanni Isom\u00e4ki \/ Yle<\/p>\n<p class=\"aw__sc-1qwuw0s-0 aw__sc-ngllmo-0 epAWpq fzYpjk yle__article__paragraph\">Pirkanmaan j\u00e4tehuolto uudistaa br\u00e4ndins\u00e4. 17 kunnan omistama alueellinen j\u00e4tehuoltoyhti\u00f6 ottaa k\u00e4ytt\u00f6\u00f6n uuden br\u00e4ndinimen, Renyy.<\/p>\n<p class=\"aw__sc-1qwuw0s-0 aw__sc-ngllmo-0 epAWpq fzYpjk yle__article__paragraph\">Nimen vaihtoa perustellaan toiminnan muuttumisella. Yhti\u00f6 perustettiin vuonna 1994 eli se on toiminut vanhalla nimell\u00e4 reilut 30 vuotta.<\/p>\n<p class=\"aw__sc-1qwuw0s-0 aw__sc-ngllmo-0 epAWpq fzYpjk yle__article__paragraph\">\u2013 Nykyinen nimemme viittaa vahvasti vain perinteiseen j\u00e4tehuoltoon. Teemme paljon muutakin, Pirkanmaan J\u00e4tehuollon markkinointiasiantuntija <strong class=\"aw__sc-ngllmo-2 gdRrun yle__article__strong\">Jenny Alhonen<\/strong> perustelee tiedotteessa.<\/p>\n<p class=\"aw__sc-1qwuw0s-0 aw__sc-ngllmo-0 epAWpq fzYpjk yle__article__paragraph\">Uusi nimi on v\u00e4\u00e4nn\u00f6s englannin kielen sanasta renew, joka tarkoittaa uusimista. Renyy-nimell\u00e4 halutaan viitata kiertotalouteen ja raaka-aineiden kiertoon.<\/p>\n<p class=\"aw__sc-1qwuw0s-0 aw__sc-ngllmo-0 epAWpq fzYpjk yle__article__paragraph\">Yhti\u00f6ss\u00e4 uskotaan, ett\u00e4 nimi taipuu pirkanmaalaiseen suuhun. Se on lyhyt ja helposti muistettava.<\/p>\n<p><img decoding=\"async\" alt=\"Omenan kara persikanv\u00e4risell\u00e4 pinnalla, varjot heijastuvat taustalle.\" src=\"https:\/\/www.europesays.com\/fi\/wp-content\/uploads\/2026\/06\/1781188511.jpeg\" loading=\"lazy\" class=\"aw__sc-dklauk-0 LPzKX\"\/><\/p>\n<p>Avaa kuvien katselu<\/p>\n<p>Yhti\u00f6 p\u00e4ivitt\u00e4\u00e4 my\u00f6s visuaalisen ilmeens\u00e4. Valitut v\u00e4rit ovat persikka ja sininen. Vanha ja uusi ilme el\u00e4v\u00e4t katukuvassa rinnakkain siirtym\u00e4ajan. Kuva: Pirkanmaan j\u00e4tehuoltoKoukkuj\u00e4rvell\u00e4 aloittaa Renyy-lajittelukeskus<\/p>\n<p class=\"aw__sc-1qwuw0s-0 aw__sc-ngllmo-0 epAWpq fzYpjk yle__article__paragraph\">Uudistus n\u00e4kyy jo Pirkanmaan j\u00e4tehuollon nettisivulla. Kes\u00e4kuun lopulla se konkretisoituu my\u00f6s Nokian Koukkuj\u00e4rvell\u00e4, jossa aukeaa uusi Renyy-lajittelukeskus.<\/p>\n<p class=\"aw__sc-1qwuw0s-0 aw__sc-ngllmo-0 epAWpq fzYpjk yle__article__paragraph\">Uusi keskus tulee vanhan j\u00e4tekeskuksen ja Biomyllyn viereen. Samalla sulkeutuu Koukkuj\u00e4rven j\u00e4tekeskuksen vanha vastaanottoalue.<\/p>\n<p class=\"aw__sc-1qwuw0s-0 aw__sc-ngllmo-0 epAWpq fzYpjk yle__article__paragraph\">Renyy-lajittelukeskuksessa alkavat uutena esimerkiksi itsepalveluasiointi ja toivottu kovamuovin ker\u00e4ys.<\/p>\n<p class=\"aw__sc-1qwuw0s-0 aw__sc-ngllmo-0 epAWpq fzYpjk yle__article__paragraph\">Koko lajittelupiha on uusittu opasteineen. Lajittelu tapahtuu katosten alla. Uutta lajittelukeskusta esitell\u00e4\u00e4n pirkanmaalaisille kaikille avoimissa kes\u00e4juhlissa 29.6.<\/p>\n<p class=\"aw__sc-1qwuw0s-0 aw__sc-ngllmo-0 epAWpq fzYpjk yle__article__paragraph\">Pirkanmaan j\u00e4tehuollon mukaan uudistus ei vaikuta j\u00e4temaksuihin.<\/p>\n<p class=\"aw__sc-1qwuw0s-0 aw__sc-ngllmo-0 epAWpq fzYpjk yle__article__paragraph\">\u2013 Investointi on budjetoitu osaksi yhti\u00f6n normaalia kehitystoimintaa, eik\u00e4 se nosta asukkaiden j\u00e4temaksuja, yhti\u00f6 lupaa tiedotteessa.<\/p>\n","protected":false},"excerpt":{"rendered":"J\u00e4teyhti\u00f6ss\u00e4 uskotaan, ett\u00e4 uusi nimi taipuu my\u00f6s pirkan\u00admaalaisten suuhun. Avaa kuvien katselu J\u00e4teyhti\u00f6 vaihtaa markkinoinnissa k\u00e4ytett\u00e4v\u00e4n nimens\u00e4, mutta&hellip;\n","protected":false},"author":2,"featured_media":274329,"comment_status":"","ping_status":"","sticky":false,"template":"","format":"standard","meta":{"footnotes":"","_share_on_mastodon":"0"},"categories":[112],"tags":[33,31,30,1477,8087,7206,37246,1566,553,37245,118,32,551,119],"class_list":["post-274328","post","type-post","status-publish","format-standard","has-post-thumbnail","category-tiede","tag-fi","tag-finland","tag-finnish","tag-jatehuolto","tag-kierratys","tag-kiertotalous","tag-koukkujarvi","tag-nokia","tag-pirkanmaa","tag-pirkanmaan-jatehuolto","tag-science","tag-suomi","tag-tampere","tag-tiede"],"share_on_mastodon":{"url":"https:\/\/pubeurope.com\/@fi\/116734392066356436","error":""},"_links":{"self":[{"href":"https:\/\/www.europesays.com\/fi\/wp-json\/wp\/v2\/posts\/274328","targetHints":{"allow":["GET"]}}],"collection":[{"href":"https:\/\/www.europesays.com\/fi\/wp-json\/wp\/v2\/posts"}],"about":[{"href":"https:\/\/www.europesays.com\/fi\/wp-json\/wp\/v2\/types\/post"}],"author":[{"embeddable":true,"href":"https:\/\/www.europesays.com\/fi\/wp-json\/wp\/v2\/users\/2"}],"replies":[{"embeddable":true,"href":"https:\/\/www.europesays.com\/fi\/wp-json\/wp\/v2\/comments?post=274328"}],"version-history":[{"count":0,"href":"https:\/\/www.europesays.com\/fi\/wp-json\/wp\/v2\/posts\/274328\/revisions"}],"wp:featuredmedia":[{"embeddable":true,"href":"https:\/\/www.europesays.com\/fi\/wp-json\/wp\/v2\/media\/274329"}],"wp:attachment":[{"href":"https:\/\/www.europesays.com\/fi\/wp-json\/wp\/v2\/media?parent=274328"}],"wp:term":[{"taxonomy":"category","embeddable":true,"href":"https:\/\/www.europesays.com\/fi\/wp-json\/wp\/v2\/categories?post=274328"},{"taxonomy":"post_tag","embeddable":true,"href":"https:\/\/www.europesays.com\/fi\/wp-json\/wp\/v2\/tags?post=274328"}],"curies":[{"name":"wp","href":"https:\/\/api.w.org\/{rel}","templated":true}]}}