{"id":274350,"date":"2026-06-12T01:19:19","date_gmt":"2026-06-12T01:19:19","guid":{"rendered":"https:\/\/www.europesays.com\/fi\/274350\/"},"modified":"2026-06-12T01:19:19","modified_gmt":"2026-06-12T01:19:19","slug":"poliisi-ottanut-kiinni-kuopion-paivarannan-salen-ryostosta-epaillyn-miehen-pohjois-savo","status":"publish","type":"post","link":"https:\/\/www.europesays.com\/fi\/274350\/","title":{"rendered":"Poliisi ottanut kiinni Kuopion P\u00e4iv\u00e4rannan Salen ry\u00f6st\u00f6st\u00e4 ep\u00e4illyn miehen | Pohjois-Savo"},"content":{"rendered":"<p class=\"aw__sc-1qwuw0s-0 aw__sc-1vg2sqm-0 epAWpq ecELkD yle__article__paragraph\">Poliisi sai yleis\u00f6vihjeen perusteella ry\u00f6st\u00f6st\u00e4 ep\u00e4illyn miehen kiinni keskiviikko\u00adiltana Kuopiossa. Ry\u00f6st\u00f6 tapahtui saman p\u00e4iv\u00e4n aamuna Kuopion P\u00e4iv\u00e4rannassa.<\/p>\n<p><img decoding=\"async\" alt=\"Kuvassa on P\u00e4iv\u00e4rannan Sale-myym\u00e4l\u00e4 kes\u00e4ll\u00e4.\" src=\"https:\/\/www.europesays.com\/fi\/wp-content\/uploads\/2026\/06\/1781176821.jpeg\" class=\"aw__sc-dklauk-0 LPzKX\"\/><\/p>\n<p>Avaa kuvien katselu<\/p>\n<p>P\u00e4iv\u00e4rannan Sale-myym\u00e4l\u00e4 ry\u00f6stettiin keskiviikkoaamuna. Kuva: Petri Julkunen \/ Yle<\/p>\n<p class=\"aw__sc-1qwuw0s-0 aw__sc-ngllmo-0 epAWpq fzYpjk yle__article__paragraph\">Poliisi on ottanut kiinni kuopiolaisen miehen ep\u00e4iltyn\u00e4 P\u00e4iv\u00e4rannan Sale-myym\u00e4l\u00e4n ry\u00f6st\u00f6st\u00e4 Kuopiossa.<\/p>\n<p class=\"aw__sc-1qwuw0s-0 aw__sc-ngllmo-0 epAWpq fzYpjk yle__article__paragraph\">Rikosylikonstaapeli <strong class=\"aw__sc-ngllmo-2 gdRrun yle__article__strong\">Tero R\u00f6yti\u00f6n<\/strong> mukaan kiinniotto tehtiin keskiviikkoiltana Kuopiossa yleis\u00f6vihjeen perusteella.<\/p>\n<p class=\"aw__sc-1qwuw0s-0 aw__sc-ngllmo-0 epAWpq fzYpjk yle__article__paragraph\">Poliisi oli pyyt\u00e4nyt aiemmin p\u00e4iv\u00e4ll\u00e4 vihjeit\u00e4 ja silminn\u00e4kij\u00e4havaintoja ry\u00f6st\u00e4j\u00e4st\u00e4.<\/p>\n<p class=\"aw__sc-1qwuw0s-0 aw__sc-ngllmo-0 epAWpq fzYpjk yle__article__paragraph\">P\u00e4iv\u00e4rannan Sale ry\u00f6stettiin keskiviikkoaamuna hieman ennen puolta yhdeks\u00e4\u00e4. Poliisin etsim\u00e4 ry\u00f6st\u00e4j\u00e4 oli aurinkolaseihin sonnustautunut 185\u2013190 senttimetri\u00e4 pitk\u00e4 ja tukevahko mies, jolla oli mukanaan iso musta reppu.<\/p>\n","protected":false},"excerpt":{"rendered":"Poliisi sai yleis\u00f6vihjeen perusteella ry\u00f6st\u00f6st\u00e4 ep\u00e4illyn miehen kiinni keskiviikko\u00adiltana Kuopiossa. Ry\u00f6st\u00f6 tapahtui saman p\u00e4iv\u00e4n aamuna Kuopion P\u00e4iv\u00e4rannassa. Avaa&hellip;\n","protected":false},"author":2,"featured_media":274351,"comment_status":"","ping_status":"","sticky":false,"template":"","format":"standard","meta":{"footnotes":"","_share_on_mastodon":"0"},"categories":[12],"tags":[22,23,26,27,33,31,30,17,1132,24,25,28,29,15,18,21,21466,1136,1263,4678,37247,32,19,20,16],"class_list":["post-274350","post","type-post","status-publish","format-standard","has-post-thumbnail","category-suomi","tag-breaking-news","tag-breakingnews","tag-featured-news","tag-featurednews","tag-fi","tag-finland","tag-finnish","tag-headlines","tag-kuopio","tag-latest-news","tag-latestnews","tag-main-news","tag-mainnews","tag-news","tag-otsikot","tag-paauutiset","tag-paivaranta","tag-pohjois-savo","tag-rikosepailyt","tag-ryosto","tag-sale-kauppaketju","tag-suomi","tag-top-stories","tag-topstories","tag-uutiset"],"share_on_mastodon":{"url":"https:\/\/pubeurope.com\/@fi\/116734510319988536","error":""},"_links":{"self":[{"href":"https:\/\/www.europesays.com\/fi\/wp-json\/wp\/v2\/posts\/274350","targetHints":{"allow":["GET"]}}],"collection":[{"href":"https:\/\/www.europesays.com\/fi\/wp-json\/wp\/v2\/posts"}],"about":[{"href":"https:\/\/www.europesays.com\/fi\/wp-json\/wp\/v2\/types\/post"}],"author":[{"embeddable":true,"href":"https:\/\/www.europesays.com\/fi\/wp-json\/wp\/v2\/users\/2"}],"replies":[{"embeddable":true,"href":"https:\/\/www.europesays.com\/fi\/wp-json\/wp\/v2\/comments?post=274350"}],"version-history":[{"count":0,"href":"https:\/\/www.europesays.com\/fi\/wp-json\/wp\/v2\/posts\/274350\/revisions"}],"wp:featuredmedia":[{"embeddable":true,"href":"https:\/\/www.europesays.com\/fi\/wp-json\/wp\/v2\/media\/274351"}],"wp:attachment":[{"href":"https:\/\/www.europesays.com\/fi\/wp-json\/wp\/v2\/media?parent=274350"}],"wp:term":[{"taxonomy":"category","embeddable":true,"href":"https:\/\/www.europesays.com\/fi\/wp-json\/wp\/v2\/categories?post=274350"},{"taxonomy":"post_tag","embeddable":true,"href":"https:\/\/www.europesays.com\/fi\/wp-json\/wp\/v2\/tags?post=274350"}],"curies":[{"name":"wp","href":"https:\/\/api.w.org\/{rel}","templated":true}]}}