{"id":274379,"date":"2026-06-12T02:13:12","date_gmt":"2026-06-12T02:13:12","guid":{"rendered":"https:\/\/www.europesays.com\/fi\/274379\/"},"modified":"2026-06-12T02:13:12","modified_gmt":"2026-06-12T02:13:12","slug":"sara-siepin-ja-pyry-soirin-vauvan-ristiaiset-katso-upeat-kuvat-ja-yksityiskohdat","status":"publish","type":"post","link":"https:\/\/www.europesays.com\/fi\/274379\/","title":{"rendered":"Sara Siepin ja Pyry Soirin vauvan risti\u00e4iset: Katso upeat kuvat ja yksityiskohdat"},"content":{"rendered":"<p>            TIMO KORHONEN\n        <\/p>\n<p class=\"subtitle \">Saran ja Pyryn esikoisvauvalla on nyt nimi.<\/p>\n<p class=\"article-content article-content-width !bg-background\"> julkaisi t\u00e4n\u00e4\u00e4n (to 11.6.) Instagram-tilill\u00e4\u00e4n nipun otoksia pari kuukautta sitten syntyneen vauvansa risti\u00e4isist\u00e4.<\/p>\n<p class=\"font-weight-bold m-font-weight-bold article-content article-content-width !bg-background\">Video: kuun alussa Pyry ja Sara vaunuttelivat vauvansa kanssa<\/p>\n<p class=\"article-content article-content-width !bg-background\">Saran ja Pyry Soirin lapsi kastettiin Helsingiss\u00e4 Punavuoren trendikaupunginosassa sijaitsevassa Mikael Agricolan kirkossa. Kirkko tunnetaan sis\u00e4tilastaan, joka on saatu n\u00e4ytt\u00e4m\u00e4\u00e4n p\u00e4\u00e4t\u00e4 huimaavan korkealta.<\/p>\n<p class=\"article-content article-content-width !bg-background\">Kuudesta kuvasta ensimm\u00e4isess\u00e4 Sara pit\u00e4\u00e4 lastaan syliss\u00e4\u00e4n k\u00e4sivarrella. Vierell\u00e4 seisovan Pyryn ja Saran k\u00e4det ovat sormet ristiss\u00e4 pienokaisen p\u00e4\u00e4n ymp\u00e4rill\u00e4.<\/p>\n<p>        <a itemprop=\"url\" href=\"https:\/\/www.seiska.fi\/vain-seiskassa\/sara-sieppi-ja-pyry-soiri-bongattiin-vaunulenkilta-okytyyli-varasti-huomion\/2158380\" rel=\"nofollow noopener\" target=\"_blank\"><\/p>\n<p>\nBongattiin vaunulenkilt\u00e4\n<\/p>\n<p class=\"section-date\">\n        <strong class=\"article-section\" data-section=\"vain seiskassa\"><br \/>\n            vain seiskassa<br \/>\n        <\/strong><br \/>\n        4.6. 16:00\n    <\/p>\n<p>Sara Sieppi ja Pyry Soiri bongattiin vaunulenkilt\u00e4 \u2013 \u00f6kytyyli varasti huomion!\n    <\/p>\n<p itemprop=\"description\" class=\"subtitle \">\n    Tuoreiden vanhempien mahdollinen v\u00e4symys j\u00e4i pimentoon aurinkolasien taakse.\n<\/p>\n<p>        <\/a><\/p>\n<p class=\"article-content article-content-width !bg-background\">Saralla on yll\u00e4\u00e4n hillitynvihre\u00e4, ylellisesti laskostuva lyhythihainen mekko. Pyry on luottanut tummaan pukuun, itseluottamusta henkiv\u00e4\u00e4n kapeaan kravattiin ja rennon l\u00f6ys\u00e4\u00e4n kravattisomuun.<\/p>\n<p>Viikonloppuna kastettu<\/p>\n<p class=\"article-content article-content-width !bg-background\">Lapsi kastettiin viikonloppuna, Sara vihjaa Instagramista 24 tunnin kuluttua julkaisemisestaan katoavissa tarinoissaan.<\/p>\n<p class=\"article-content article-content-width !bg-background\">Tarinassaan julkaisemassa kuvassa on pienokaisen kastemekko ja kastekuvassakin n\u00e4kyv\u00e4 vaaleansininen nauhavy\u00f6.\u00a0 N\u00e4et <a href=\"https:\/\/www.instagram.com\/stories\/sarasieppi\/3917227744281655054\/\" target=\"_blank\" rel=\"nofollow noopener\">tarinan<\/a> perjantai-iltaan seitsem\u00e4\u00e4n asti.<\/p>\n<p>        <a itemprop=\"url\" href=\"https:\/\/www.seiska.fi\/kotimaa\/sara-sieppi-rehellisena-aitiydesta-oon-ollut-aivan-hukassa\/2169494\" rel=\"nofollow noopener\" target=\"_blank\"><\/p>\n<p>\nVauvan saanut Sara Sieppi\n<\/p>\n<p class=\"section-date\">\n        <strong class=\"article-section\" data-section=\"kotimaa\"><br \/>\n            kotimaa<br \/>\n        <\/strong><br \/>\n        2.6. 09:29\n    <\/p>\n<p>Sara Sieppi rehellisen\u00e4 \u00e4itiydest\u00e4: &#8221;Oon ollut aivan hukassa&#8221;\n    <\/p>\n<p itemprop=\"description\" class=\"subtitle \">\n    Sara sai esikoisensa maaliskuun lopulla.\n<\/p>\n<p>        <\/a><\/p>\n<p class=\"article-content article-content-width !bg-background\">Kuvakarusellin kolmannessa kuvassa n\u00e4hd\u00e4\u00e4n laulamassa ollut  Flyygelin \u00e4\u00e4ress\u00e4.<\/p>\n<p class=\"article-content article-content-width !bg-background\">\u2013 Saatiin Diandra (vauvalle Laulut\u00e4ti) laulamaan ja kyynelkanavat olivat auki, Sara kirjoittaa j\u00e4lleen <a href=\"https:\/\/www.instagram.com\/stories\/sarasieppi\/3917228037656428932\/\" target=\"_blank\" rel=\"nofollow noopener\">tarinassaan<\/a>.<\/p>\n<p class=\"article-content article-content-width !bg-background\">Toinen ja kolmas otos ovat Mikael Agricolan kirkon interi\u00f6\u00f6rikuvia ja viides sek\u00e4 kuudes n\u00e4ytt\u00e4v\u00e4t upeita tarjoiluja risti\u00e4iskemuista.<\/p>\n<p class=\"article-content article-content-width !bg-background\">P\u00e4\u00e4set selailemaan Saran julkaisemia tunnelmakuvia klikkaamalla vasemmalle tai oikealle kuvan reunoilla olevista ympyr\u00e4nuolista.<\/p>\n<p>Sukupuoli salassa, samoin nimi \u2013 onko vinkkej\u00e4 annettu johtolankana?<\/p>\n<p class=\"article-content article-content-width !bg-background\">Saran ja Pyryn esikoisvauva on syntynyt maaliskuun lopussa. Sara kertoi 30. p\u00e4iv\u00e4 maaliskuuta, ett\u00e4 pienokainen on tullut maailmaan. H\u00e4n ei sanonut syntym\u00e4p\u00e4iv\u00e4\u00e4, mutta kertoi muuta kiinnostavaa.<\/p>\n<p class=\"article-content article-content-width !bg-background\">\u2013\u00a0T\u00e4n\u00e4\u00e4n olisi ollut sun laskettu aika, mutta me ollaan saatu nauttia sun seurasta jo pidemp\u00e4\u00e4n, Sara paljasti lapsen ennenaikaisesta syntym\u00e4st\u00e4.<\/p>\n<p>        <a itemprop=\"url\" href=\"https:\/\/www.seiska.fi\/kotimaa\/sara-sieppi-ja-pyry-rakas-vauva-syntyi\/2039163\" rel=\"nofollow noopener\" target=\"_blank\"><\/p>\n<p>\nSara Sieppi ja Pyry-rakas\n<\/p>\n<p class=\"section-date\">\n        <strong class=\"article-section\" data-section=\"kotimaa\"><br \/>\n            kotimaa<br \/>\n        <\/strong><br \/>\n        30.3. 12:22\n    <\/p>\n<p>Sara Sieppi ja Pyry-rakas: Vauva syntyi!\n    <\/p>\n<p itemprop=\"description\" class=\"subtitle \">\n    Saran ja jalkapalloilijarakkaan odotettu pienokainen on syntynyt etuajassa.\n<\/p>\n<p>        <\/a><\/p>\n<p class=\"article-content article-content-width !bg-background\">Lapsensa sukupuolta Sara ei tuolloin paljastanut. My\u00f6sk\u00e4\u00e4n nime\u00e4 h\u00e4n ei risti\u00e4isilmoituksessaan kertonut. Sen sijaan aiemmin h\u00e4n on jo maininnut julkisuudessa, ett\u00e4 nimi oli selvill\u00e4 jo ennen syntym\u00e4\u00e4.<\/p>\n<p class=\"article-content article-content-width !bg-background\">Ensimm\u00e4isess\u00e4 lapsestaan julkaisemassaan kuvassa vauvelilla on p\u00e4\u00e4ll\u00e4 baby blue -v\u00e4rinen vaakaraitainen potkupuku. Saman v\u00e4risell\u00e4 vy\u00f6ll\u00e4 oli koristettu esikoisen kastemekko.<\/p>\n<p class=\"article-content article-content-width !bg-background\">Jos sukupuoli valtavasti kiinnostaa, v\u00e4ri\u00e4 on ennen vanhaan voinut pit\u00e4\u00e4 yhten\u00e4 johtolankana. Lis\u00e4ksi Saran kuvien kommenteissa mainitaan useaan otteeseen nimi . Sekin antaa vahvan vinkin.<\/p>\n<p>        <a itemprop=\"url\" href=\"https:\/\/www.seiska.fi\/kotimaa\/podcast-sara-siepin-synnytys-kuvattiin\/2151476\" rel=\"nofollow noopener\" target=\"_blank\"><\/p>\n<p>\nPodcast:\n<\/p>\n<p class=\"section-date\">\n        <strong class=\"article-section\" data-section=\"kotimaa\"><br \/>\n            kotimaa<br \/>\n        <\/strong><br \/>\n        14.5. 08:00\n    <\/p>\n<p>Podcast: Sara Siepin synnytys kuvattiin\n    <\/p>\n<p itemprop=\"description\" class=\"subtitle \">\n    Pyry Soiri ei ehtinyt mukaan Saran synnytykseen.\n<\/p>\n<p>        <\/a><\/p>\n<p><script async src=\"\/\/www.instagram.com\/embed.js\"><\/script><\/p>\n","protected":false},"excerpt":{"rendered":"TIMO KORHONEN Saran ja Pyryn esikoisvauvalla on nyt nimi. julkaisi t\u00e4n\u00e4\u00e4n (to 11.6.) Instagram-tilill\u00e4\u00e4n nipun otoksia pari kuukautta&hellip;\n","protected":false},"author":2,"featured_media":274380,"comment_status":"","ping_status":"","sticky":false,"template":"","format":"standard","meta":{"footnotes":"","_share_on_mastodon":"0"},"categories":[5],"tags":[1177,22,23,6896,26,27,33,31,30,17,7184,1127,24,25,28,29,37249,15,18,21,98,3424,17211,3423,32,19,20,16,1461],"class_list":["post-274379","post","type-post","status-publish","format-standard","has-post-thumbnail","category-otsikot","tag-aiti","tag-breaking-news","tag-breakingnews","tag-diandra","tag-featured-news","tag-featurednews","tag-fi","tag-finland","tag-finnish","tag-headlines","tag-isa","tag-lapsi","tag-latest-news","tag-latestnews","tag-main-news","tag-mainnews","tag-mikael-agricolan-kirkko","tag-news","tag-otsikot","tag-paauutiset","tag-perhe","tag-pyry-soiri","tag-ristiaiset","tag-sara-sieppi","tag-suomi","tag-top-stories","tag-topstories","tag-uutiset","tag-vauva"],"share_on_mastodon":{"url":"https:\/\/pubeurope.com\/@fi\/116734722407611559","error":""},"_links":{"self":[{"href":"https:\/\/www.europesays.com\/fi\/wp-json\/wp\/v2\/posts\/274379","targetHints":{"allow":["GET"]}}],"collection":[{"href":"https:\/\/www.europesays.com\/fi\/wp-json\/wp\/v2\/posts"}],"about":[{"href":"https:\/\/www.europesays.com\/fi\/wp-json\/wp\/v2\/types\/post"}],"author":[{"embeddable":true,"href":"https:\/\/www.europesays.com\/fi\/wp-json\/wp\/v2\/users\/2"}],"replies":[{"embeddable":true,"href":"https:\/\/www.europesays.com\/fi\/wp-json\/wp\/v2\/comments?post=274379"}],"version-history":[{"count":0,"href":"https:\/\/www.europesays.com\/fi\/wp-json\/wp\/v2\/posts\/274379\/revisions"}],"wp:featuredmedia":[{"embeddable":true,"href":"https:\/\/www.europesays.com\/fi\/wp-json\/wp\/v2\/media\/274380"}],"wp:attachment":[{"href":"https:\/\/www.europesays.com\/fi\/wp-json\/wp\/v2\/media?parent=274379"}],"wp:term":[{"taxonomy":"category","embeddable":true,"href":"https:\/\/www.europesays.com\/fi\/wp-json\/wp\/v2\/categories?post=274379"},{"taxonomy":"post_tag","embeddable":true,"href":"https:\/\/www.europesays.com\/fi\/wp-json\/wp\/v2\/tags?post=274379"}],"curies":[{"name":"wp","href":"https:\/\/api.w.org\/{rel}","templated":true}]}}