{"id":27483,"date":"2025-09-06T17:25:06","date_gmt":"2025-09-06T17:25:06","guid":{"rendered":"https:\/\/www.europesays.com\/fi\/27483\/"},"modified":"2025-09-06T17:25:06","modified_gmt":"2025-09-06T17:25:06","slug":"missikilpailun-pukukoodi-paljastettiin-tata-et-tiennyt-iltalehti","status":"publish","type":"post","link":"https:\/\/www.europesays.com\/fi\/27483\/","title":{"rendered":"Missikilpailun pukukoodi paljastettiin \u2013 T\u00e4t\u00e4 et tiennyt &#8211; Iltalehti"},"content":{"rendered":"<ol>\n<li><a href=\"https:\/\/news.google.com\/rss\/articles\/CBMieEFVX3lxTE8ydzh2UXFxeVBteDdlcXRMZTRjWEVYbFF6UmJxZGMxU05KaWMxcEI5b0NHVzAxNjN1aUJLVHJxYXRHbzlsNjNGekFLRU5LM1BvTC13S3NQb181M1p5b0sxTzZNaWZCUy1taHlrV0ZEYTZaZi11YWFMMA?oc=5\" target=\"_blank\" rel=\"nofollow noopener\">Missikilpailun pukukoodi paljastettiin \u2013 T\u00e4t\u00e4 et tiennyt<\/a>&nbsp;&nbsp;Iltalehti<\/li>\n<li><a href=\"https:\/\/news.google.com\/rss\/articles\/CBMigwFBVV95cUxQV2hvNWQ3eWxCWmRKMGs3aDU5U3FiR05sd3B3ZEVnelM1OUcwYW94cWVVUmdyemZvMmRJVmIwelZCV09NLTJkcEpFazhNTm1vczVoekkxQlFlTFpMZ0stUnJ3VFBhX05tcGdJV3NXM3pocm9HODdNbDR0NTloWE91N1BkTQ?oc=5\" target=\"_blank\" rel=\"nofollow noopener\">Raskaana oleva Eveliina Uosukainen ja Joni Rintala ryhtyiv\u00e4t leikkisiksi punaisella matolla<\/a>&nbsp;&nbsp;Iltalehti<\/li>\n<li><a href=\"https:\/\/news.google.com\/rss\/articles\/CBMiW0FVX3lxTFB1MW9qblpQbkdWOFhNTDlWZDVZNzdUY05XNFVkQ1VxUzI2Z1Uzai1QNkMtMnBRd2YydTVsYlEwNk5GQzFacDRxNXBidkxySnd6MkpMZ0YwMkZ3cW8?oc=5\" target=\"_blank\" rel=\"nofollow noopener\">Suora l\u00e4hetys punaiselta matolta: Sara Siipola saapui kumppaninsa Alexander Eklundin kanssa<\/a>&nbsp;&nbsp;Ilta-Sanomat<\/li>\n<li><a href=\"https:\/\/news.google.com\/rss\/articles\/CBMi0AFBVV95cUxPV091c2pIbTRPTkl2cnhSNEFxMENqSVFuMERFRkVpaV9zNVdwQzJKdV9fTjc2OEtDdmJ4ZGZjQjBBcFhNTGNkLWdOVnlQajRRbDBOS2RpeU04R1JQTWE0Y2FYZmNhVU5VeTZqNlU0Mm1jWWtfeUh1UktjU25sT2FvaUNub0ZVNmppZFFHUFBLeU5qNktCandoS3R3dHJONWlxYmVwZ0dxR19SSUJ6VVhIVkM0UkF1N190aE1pdmM5U0MtNGc0TVVHUHdZUE41WXVO?oc=5\" target=\"_blank\" rel=\"nofollow noopener\">MTV Miss Suomi -finaalissa \u2013 seuraa suoraa l\u00e4hetyst\u00e4 punaiselta matolta klo 18.00 alkaen<\/a>&nbsp;&nbsp;mtvuutiset.fi<\/li>\n<li><a href=\"https:\/\/news.google.com\/rss\/articles\/CBMigwFBVV95cUxOam0zdTE2RUV1OF9yMkpTdWxBZFFtSG03XzBNWGtqb1F5UXhwaGFub0dOTmsxbG5qSm5OMHRBRU4wcGdtdDF4UkpCT1FVZDh4TW11cEl5YlM4cVNnalRrVjJFRk5TSGRzdzE2SVVqYTEyTmFwQWxmUlk1SXVnWjRrODF6VQ?oc=5\" target=\"_blank\" rel=\"nofollow noopener\">Katso kuvat: Miss Suomi -finalistit poseeraavat uimapuvuissa<\/a>&nbsp;&nbsp;Iltalehti<\/li>\n<\/ol>\n","protected":false},"excerpt":{"rendered":"Missikilpailun pukukoodi paljastettiin \u2013 T\u00e4t\u00e4 et tiennyt&nbsp;&nbsp;Iltalehti Raskaana oleva Eveliina Uosukainen ja Joni Rintala ryhtyiv\u00e4t leikkisiksi punaisella matolla&nbsp;&nbsp;Iltalehti&hellip;\n","protected":false},"author":2,"featured_media":9587,"comment_status":"","ping_status":"","sticky":false,"template":"","format":"standard","meta":{"footnotes":""},"categories":[130],"tags":[2110,137,33,31,30,876,3207,3208,1390,106,32,109],"class_list":{"0":"post-27483","1":"post","2":"type-post","3":"status-publish","4":"format-standard","5":"has-post-thumbnail","7":"category-viihde","8":"tag-elamantapa-ja-vapaa-aika","9":"tag-entertainment","10":"tag-fi","11":"tag-finland","12":"tag-finnish","13":"tag-fyysinen-kauneus","14":"tag-ihmisen-ulkonako","15":"tag-kauneudenhoito","16":"tag-kuukausi","17":"tag-muoti","18":"tag-suomi","19":"tag-viihde"},"share_on_mastodon":{"url":"","error":""},"_links":{"self":[{"href":"https:\/\/www.europesays.com\/fi\/wp-json\/wp\/v2\/posts\/27483","targetHints":{"allow":["GET"]}}],"collection":[{"href":"https:\/\/www.europesays.com\/fi\/wp-json\/wp\/v2\/posts"}],"about":[{"href":"https:\/\/www.europesays.com\/fi\/wp-json\/wp\/v2\/types\/post"}],"author":[{"embeddable":true,"href":"https:\/\/www.europesays.com\/fi\/wp-json\/wp\/v2\/users\/2"}],"replies":[{"embeddable":true,"href":"https:\/\/www.europesays.com\/fi\/wp-json\/wp\/v2\/comments?post=27483"}],"version-history":[{"count":0,"href":"https:\/\/www.europesays.com\/fi\/wp-json\/wp\/v2\/posts\/27483\/revisions"}],"wp:featuredmedia":[{"embeddable":true,"href":"https:\/\/www.europesays.com\/fi\/wp-json\/wp\/v2\/media\/9587"}],"wp:attachment":[{"href":"https:\/\/www.europesays.com\/fi\/wp-json\/wp\/v2\/media?parent=27483"}],"wp:term":[{"taxonomy":"category","embeddable":true,"href":"https:\/\/www.europesays.com\/fi\/wp-json\/wp\/v2\/categories?post=27483"},{"taxonomy":"post_tag","embeddable":true,"href":"https:\/\/www.europesays.com\/fi\/wp-json\/wp\/v2\/tags?post=27483"}],"curies":[{"name":"wp","href":"https:\/\/api.w.org\/{rel}","templated":true}]}}