{"id":27492,"date":"2025-09-06T17:40:11","date_gmt":"2025-09-06T17:40:11","guid":{"rendered":"https:\/\/www.europesays.com\/fi\/27492\/"},"modified":"2025-09-06T17:40:11","modified_gmt":"2025-09-06T17:40:11","slug":"digikomissaari-virkkunen-haluaa-kiristaa-pornosivustojen-ikarajavalvontaa","status":"publish","type":"post","link":"https:\/\/www.europesays.com\/fi\/27492\/","title":{"rendered":"Digikomissaari Virkkunen haluaa kirist\u00e4\u00e4 pornosivustojen ik\u00e4rajavalvontaa"},"content":{"rendered":"<p>Internet|Komissio kehitt\u00e4\u00e4 j\u00e4senmaiden kanssa sovellusta, jolla k\u00e4ytt\u00e4j\u00e4 voi vahvistaa ik\u00e4ns\u00e4, jos haluaa p\u00e4\u00e4st\u00e4 k\u00e4siksi verkon aikuissis\u00e4lt\u00f6ihin.<\/p>\n<p>14.7. 19:12<\/p>\n<p class=\"article-body margin-bottom-24 padding-x-16\">Bryssel<\/p>\n<p class=\"article-body margin-bottom-24 padding-x-16\">EU:n digikomissaari <a class=\"article-personlink\" href=\"https:\/\/www.hs.fi\/haku\/?query=Henna%20Virkkunen\" rel=\"nofollow noopener\" target=\"_blank\">Henna Virkkunen<\/a> (kok) haluaa kirist\u00e4\u00e4 verkon aikuissis\u00e4lt\u00f6jen ik\u00e4rajavalvontaa. K\u00e4ytt\u00e4j\u00e4n oma ilmoitus t\u00e4ysi-ik\u00e4isyydest\u00e4 ei en\u00e4\u00e4 tulevaisuudessa takaa p\u00e4\u00e4sy\u00e4 esimerkiksi porno- ja vedonly\u00f6ntisivustoille, vaan k\u00e4ytt\u00e4j\u00e4\u00e4 vaadittaisiin todentamaan ik\u00e4ns\u00e4.<\/p>\n<p class=\"article-body margin-bottom-24 padding-x-16\">\u201dOn l\u00e4ht\u00f6kohta, ett\u00e4 n\u00e4iden sivustojen pit\u00e4isi tarkistaa k\u00e4ytt\u00e4jien ik\u00e4, mutta on ollut ep\u00e4ilyj\u00e4, ett\u00e4 sit\u00e4 ei kunnolla tehd\u00e4\u201d, Virkkunen sanoo.<\/p>\n<p class=\"article-body margin-bottom-24 padding-x-16\">Komissio kaavailee, ett\u00e4 k\u00e4ytt\u00e4j\u00e4n t\u00e4ysi-ik\u00e4isyys voitaisiin tulevaisuudessa varmentaa erityisell\u00e4 sovelluksella. Maanantaina komissio esitteli sovelluksen mallin.<\/p>\n<p class=\"article-body margin-bottom-24 padding-x-16\">Varsinaista EU-sovellusta ei kuitenkaan olla luomassa, vaan j\u00e4senmaat voivat hy\u00f6dynt\u00e4\u00e4 komission luomaa mallia ja kehitt\u00e4\u00e4 sen pohjalta kansallisen sovelluksen. Ensimm\u00e4isen\u00e4 ik\u00e4rajasovellusta l\u00e4htev\u00e4t kehitt\u00e4m\u00e4\u00e4n Tanska, Ranska, Italia, Espanja ja Kreikka, ja tavoitteena on saada sovellus k\u00e4ytt\u00f6\u00f6n viel\u00e4 t\u00e4n\u00e4 vuonna.<\/p>\n<p class=\"article-body margin-bottom-24 padding-x-16\">Sovelluksen k\u00e4ytt\u00f6\u00f6notto on j\u00e4senmaille vapaaehtoista, mutta komissio toivoo, ett\u00e4 sovellus levi\u00e4isi k\u00e4ytt\u00f6\u00f6n kaikissa j\u00e4senmaissa.<\/p>\n<p class=\"article-body margin-bottom-24 padding-x-16\">Velvollisuus k\u00e4ytt\u00e4j\u00e4n i\u00e4n valvomiseen sis\u00e4ltyy jo EU-lains\u00e4\u00e4d\u00e4nt\u00f6\u00f6n. Digipalveluasetuksen mukaan verkkoalustojen yll\u00e4pit\u00e4jien on turvattava alaik\u00e4isten yksityisyys ja turvallisuus palveluissaan. K\u00e4ytt\u00e4j\u00e4n ik\u00e4varmennus koskee muun muassa aikuisviihdesivustoja, alkoholi- ja tupakkakauppaa sek\u00e4 vedonly\u00f6ntisivustoja.<\/p>\n<p class=\"article-body margin-bottom-24 padding-x-16\">Komissio on tyytym\u00e4t\u00f6n siihen, kuinka pornosivustojen yll\u00e4pit\u00e4j\u00e4t noudattavat lakia. Toukokuussa se aloitti tutkinnan nelj\u00e4\u00e4 suurta sivustoa kohtaan, koska katsoo, etteiv\u00e4t sivustot tosiasiassa valvo k\u00e4ytt\u00e4jien ik\u00e4\u00e4. Tutkinnat ovat yh\u00e4 kesken.<\/p>\n<p class=\"article-body margin-bottom-24 padding-x-16\">Uudella ik\u00e4vahvistussovelluksella komissio haluaa antaa sivustoille ja j\u00e4senmaille v\u00e4lineen ik\u00e4rajojen valvontaan. Virkkunen perustelee sovelluksen tarvetta sill\u00e4, ett\u00e4 alustojen ei haluta ker\u00e4\u00e4v\u00e4n k\u00e4ytt\u00e4jien henkil\u00f6tietoja.<\/p>\n<p class=\"article-body margin-bottom-24 padding-x-16\">K\u00e4ytt\u00e4j\u00e4 vahvistaa henkil\u00f6llisyytens\u00e4 sovellukselle kerran, ja pystyy sen j\u00e4lkeen todentamaan t\u00e4ysi-ik\u00e4isyytens\u00e4 erilaisiin palveluihin lukemalla QR-koodin. Mallia haettiin EU:n koronapassista, Virkkunen sanoo.<\/p>\n<p class=\"article-body margin-bottom-24 padding-x-16\">Sovellus ei jaa sivustolle k\u00e4ytt\u00e4j\u00e4n henkil\u00f6tietoja eik\u00e4 edes tarkkaa ik\u00e4\u00e4, h\u00e4n vakuuttaa.<\/p>\n<p class=\"article-body margin-bottom-24 padding-x-16\">Ik\u00e4rajojen valvontaa l\u00e4hdet\u00e4\u00e4n nyt tehostamaan asteittain, eik\u00e4 takarajaa sovelluksen k\u00e4ytt\u00f6\u00f6notolle ole toistaiseksi asetettu.<\/p>\n<p class=\"article-body margin-bottom-24 padding-x-16\">Ik\u00e4rajavalvonnan tehostaminen on yksi osa toimia, joilla komissio haluaa vahvistaa alaik\u00e4isten k\u00e4ytt\u00e4jien suojelua verkossa ja sosiaalisessa mediassa. Maanantaina komissio julkisti tarkemmat ohjeet siit\u00e4, mit\u00e4 toimia palveluntarjoajilta odotetaan, jotta n\u00e4m\u00e4 t\u00e4ytt\u00e4isiv\u00e4t lain vaatimukset.<\/p>\n<p class=\"article-body margin-bottom-24 padding-x-16\">Komissio esimerkiksi ohjeistaa, ett\u00e4 alaik\u00e4isten k\u00e4ytt\u00e4jien yksityisyysasetukset pit\u00e4isi palveluissa asettaa l\u00e4ht\u00f6kohtaisesti mahdollisimman tiukoiksi niin, ett\u00e4 esimerkiksi tuntemattomat aikuiset eiv\u00e4t voi ottaa yhteytt\u00e4 lapsiin.<\/p>\n<p class=\"article-body margin-bottom-24 padding-x-16\">Lis\u00e4ksi komissio haluaa alustojen torjuvan addiktiivista k\u00e4ytt\u00f6\u00e4. Palveluiden h\u00e4lytykset pit\u00e4\u00e4 l\u00e4ht\u00f6kohtaisesti kytke\u00e4 pois p\u00e4\u00e4lt\u00e4 \u00f6isin, ja alaik\u00e4isille k\u00e4ytt\u00e4jille pit\u00e4\u00e4 antaa mahdollisuus vaikuttaa siihen, millaista sis\u00e4lt\u00f6\u00e4 h\u00e4nelle suositellaan.<\/p>\n<p class=\"article-body margin-bottom-24 padding-x-16\">Virkkunen sanoo, ett\u00e4 lasten ruutuajan rajoittamista ei voi yksin sys\u00e4t\u00e4 vanhempien vastuulle.<\/p>\n<p class=\"article-body margin-bottom-24 padding-x-16\">\u201dKyll\u00e4 se on hyvin paljon my\u00f6s alustojen suunnittelusta kiinni. \u2013\u2013 L\u00e4ht\u00f6kohta t\u00e4ss\u00e4 on, ett\u00e4 somealustojen on kannettava vastuunsa.\u201d<\/p>\n<p class=\"article-body margin-bottom-24 padding-x-16\">H\u00e4nen mukaansa kaikilla alustayhti\u00f6ill\u00e4 on ty\u00f6t\u00e4 teht\u00e4v\u00e4n\u00e4.<\/p>\n<p class=\"article-body margin-bottom-24 padding-x-16\">Virkkunen ei kuitenkaan halua kielt\u00e4\u00e4 sosiaalisen median k\u00e4ytt\u00f6\u00e4 lapsilta. Osa EU-maista on vaatinut EU-laajuista ik\u00e4rajaa sosiaalisen median palveluihin. Virkkunen ei aio t\u00e4t\u00e4 esitt\u00e4\u00e4.<\/p>\n<p class=\"article-body margin-bottom-24 padding-x-16\">\u201dKatsomme, ett\u00e4 digipalvelut ovat iso osa nyky-yhteiskuntaa, ja digitaidot siin\u00e4 t\u00e4rkeit\u00e4\u201d, h\u00e4n perustelee.<\/p>\n<p class=\"article-body margin-bottom-24 padding-x-16\">Komissio antaa j\u00e4senmaille mahdollisuuden asettaa ik\u00e4rajoja kansallisesti, ja ik\u00e4vahvennussovellus mahdollistaa ik\u00e4rajojen valvonnan. Sovelluksen pilottivaiheeseen l\u00e4htev\u00e4t viisi maata ovatkin samoja, jotka suunnittelevat sosiaalisen median ik\u00e4rajan asettamista.<\/p>\n","protected":false},"excerpt":{"rendered":"Internet|Komissio kehitt\u00e4\u00e4 j\u00e4senmaiden kanssa sovellusta, jolla k\u00e4ytt\u00e4j\u00e4 voi vahvistaa ik\u00e4ns\u00e4, jos haluaa p\u00e4\u00e4st\u00e4 k\u00e4siksi verkon aikuissis\u00e4lt\u00f6ihin. 14.7. 19:12&hellip;\n","protected":false},"author":2,"featured_media":27493,"comment_status":"","ping_status":"","sticky":false,"template":"","format":"standard","meta":{"footnotes":""},"categories":[87],"tags":[33,31,30,46,148,32,91,92],"class_list":{"0":"post-27492","1":"post","2":"type-post","3":"status-publish","4":"format-standard","5":"has-post-thumbnail","7":"category-internet","8":"tag-fi","9":"tag-finland","10":"tag-finnish","11":"tag-helsingin-sanomat","12":"tag-internet","13":"tag-suomi","14":"tag-technology","15":"tag-teknologia"},"share_on_mastodon":{"url":"","error":""},"_links":{"self":[{"href":"https:\/\/www.europesays.com\/fi\/wp-json\/wp\/v2\/posts\/27492","targetHints":{"allow":["GET"]}}],"collection":[{"href":"https:\/\/www.europesays.com\/fi\/wp-json\/wp\/v2\/posts"}],"about":[{"href":"https:\/\/www.europesays.com\/fi\/wp-json\/wp\/v2\/types\/post"}],"author":[{"embeddable":true,"href":"https:\/\/www.europesays.com\/fi\/wp-json\/wp\/v2\/users\/2"}],"replies":[{"embeddable":true,"href":"https:\/\/www.europesays.com\/fi\/wp-json\/wp\/v2\/comments?post=27492"}],"version-history":[{"count":0,"href":"https:\/\/www.europesays.com\/fi\/wp-json\/wp\/v2\/posts\/27492\/revisions"}],"wp:featuredmedia":[{"embeddable":true,"href":"https:\/\/www.europesays.com\/fi\/wp-json\/wp\/v2\/media\/27493"}],"wp:attachment":[{"href":"https:\/\/www.europesays.com\/fi\/wp-json\/wp\/v2\/media?parent=27492"}],"wp:term":[{"taxonomy":"category","embeddable":true,"href":"https:\/\/www.europesays.com\/fi\/wp-json\/wp\/v2\/categories?post=27492"},{"taxonomy":"post_tag","embeddable":true,"href":"https:\/\/www.europesays.com\/fi\/wp-json\/wp\/v2\/tags?post=27492"}],"curies":[{"name":"wp","href":"https:\/\/api.w.org\/{rel}","templated":true}]}}