{"id":27496,"date":"2025-09-06T17:50:08","date_gmt":"2025-09-06T17:50:08","guid":{"rendered":"https:\/\/www.europesays.com\/fi\/27496\/"},"modified":"2025-09-06T17:50:08","modified_gmt":"2025-09-06T17:50:08","slug":"max-verstappen-paalulle-hurjalla-f1-ennatyksella-alpine-tallilta-kuskiuutinen-urheilua-lyhyesti","status":"publish","type":"post","link":"https:\/\/www.europesays.com\/fi\/27496\/","title":{"rendered":"Max Verstappen paalulle hurjalla F1-enn\u00e4tyksell\u00e4 \u2013 Alpine-tallilta kuskiuutinen | Urheilua lyhyesti"},"content":{"rendered":"<p class=\"sc-jYczwO sc-dNFkOE frIBdZ edVjwg yle__article__paragraph\">Monzan radalla n\u00e4htiin raju taisto paalupaikasta. Lopulta Max Verstappen p\u00e4ihitti McLarenit. Pierre Gasly jatkaa Alpinella seuraavat kolme kautta.<\/p>\n<p><img decoding=\"async\" alt=\"Max Verstappen ajoi paalulle ennen McLarenin kaksikkoa Italiassa 6.9.2025.\" src=\"https:\/\/www.europesays.com\/fi\/wp-content\/uploads\/2025\/09\/39-151841468bc5503d099b.jpeg\" class=\"sc-dntSTA iywpZY\"\/><\/p>\n<p>Avaa kuvien katselu<\/p>\n<p>Max Verstappen ajoi paalulle ennen McLarenin kaksikkoa. Kuva: AOP<\/p>\n<ul aria-label=\"Tekij\u00e4t\" class=\"sc-cCVJLD hgYMQq\">\n<li class=\"sc-pYNGo dfIAWA\">STT Urheilu, <\/li>\n<li class=\"sc-pYNGo dfIAWA\">Mika Halonen<\/li>\n<\/ul>\n<p>18:40\u2022P\u00e4ivitetty 19:08<\/p>\n<p class=\"sc-jYczwO sc-MHKXp frIBdZ kvWBfs yle__accessibilityText\">Osa artikkelin sis\u00e4ll\u00f6st\u00e4 ei ole v\u00e4ltt\u00e4m\u00e4tt\u00e4 saavutettavissa esimerkiksi ruudunlukuohjelmalla.<\/p>\n<p class=\"sc-jYczwO sc-ciCoXh frIBdZ cPdSqu yle__article__paragraph\">Hollannin nelinkertainen maailmanmestari <strong class=\"sc-eEHciv kkmMDs yle__article__strong\">Max Verstappen<\/strong> otti paalupaikan formula 1:n MM-sarjan 16:nnessa kilpailussa Italian GP:ss\u00e4.<\/p>\n<p class=\"sc-jYczwO sc-ciCoXh frIBdZ cPdSqu yle__article__paragraph\">Verstappen voitti \u00e4\u00e4ritasaisen aika-ajon ennen McLaren-tallin kuljettajia, Britannian <strong class=\"sc-eEHciv kkmMDs yle__article__strong\">Lando Norrisia<\/strong> ja Australian <strong class=\"sc-eEHciv kkmMDs yle__article__strong\">Oscar Piastria<\/strong>. Verstappenin ero Norrisiin oli 77 sekunnin tuhannesosaa.<\/p>\n<p class=\"sc-jYczwO sc-ciCoXh frIBdZ cPdSqu yle__article__paragraph\">Esimerkiksi BBC:n mukaan Verstappenin viimeinen nopea kierros, joka toi lopulta paalupaikan, oli F1-historian nopein: minuutti ja 18,792 sekuntia.<\/p>\n<p class=\"sc-jYczwO sc-ciCoXh frIBdZ cPdSqu yle__article__paragraph\">Verstappenin kierroksen keskinopeus oli 264,423 km\/h. H\u00e4n l\u00f6i aiemman nopeusenn\u00e4tyksen 0,095 sekunnilla. Se oli <strong class=\"sc-eEHciv kkmMDs yle__article__strong\">Lewis Hamiltonin<\/strong> hallussa samaiselta Monzan radalta vuodelta 2020.<\/p>\n<p class=\"sc-jYczwO sc-ciCoXh frIBdZ cPdSqu yle__article__paragraph\">\u2013 T\u00e4\u00e4ll\u00e4 downforcen m\u00e4\u00e4r\u00e4 on alhainen, joten kierroksen onnistuminen on aina eritt\u00e4in vaikeaa. Olen tyytyv\u00e4inen kierroksiin. Auto on toiminut paljon paremmin koko viikonlopun ajan, ja paalupaikkaan olen eritt\u00e4in tyytyv\u00e4inen. Hieno hetki meille, Verstappen makusteli.<\/p>\n<p class=\"sc-jYczwO sc-ciCoXh frIBdZ cPdSqu yle__article__paragraph\">Piastri johtaa sarjaa 34 pisteen erolla Norrisiin. Verstappen on kolmantena ja j\u00e4\u00e4nyt jo rutkasti McLaren-kaksikosta.<\/p>\n<p class=\"sc-jYczwO sc-ciCoXh frIBdZ cPdSqu yle__article__paragraph\">\u2013 T\u00e4ll\u00e4 kaudella kilpailut ovat olleet meille vaikeampia, mutta annamme kaikkemme, Verstappen tuumasi.<\/p>\n<p class=\"sc-jYczwO sc-ciCoXh frIBdZ cPdSqu yle__article__paragraph\">My\u00f6s Norris rikkoi parhaalla kierroksellaan Hamiltonin aiemman nopeusenn\u00e4tyksen. H\u00e4n totesi, ettei Verstappenin kohdalla mik\u00e4\u00e4n en\u00e4\u00e4 yll\u00e4t\u00e4.<\/p>\n<p class=\"sc-jYczwO sc-ciCoXh frIBdZ cPdSqu yle__article__paragraph\">Norrisin tapaan my\u00f6s Piastri kertoi, ett\u00e4 Red Bull on n\u00e4ytt\u00e4nyt Monzan radalla koko viikonlopun ajan eritt\u00e4in vahvalta.<\/p>\n<p class=\"sc-jYczwO sc-ciCoXh frIBdZ cPdSqu yle__article__paragraph\">\u2013 Kilpailu on yleens\u00e4 vahvuutemme, mutta Maxin ohittaminen ei ole helppoa. Ja Ferrarit haluavat p\u00e4\u00e4st\u00e4 ohi mahdollisimman nopeasti, Norris pohti sunnuntain kisan asetelmia.<\/p>\n<p class=\"sc-jYczwO sc-ciCoXh frIBdZ cPdSqu yle__article__paragraph\">Ferrarin <strong class=\"sc-eEHciv kkmMDs yle__article__strong\">Charles Leclerc<\/strong> ja Hamilton olivat aika-ajon nelj\u00e4nneksi ja viidenneksi nopeimpia, mutta Hamiltonia odottaa kilpailussa viiden l\u00e4ht\u00f6ruudun rangaistus.<\/p>\n<p class=\"sc-jYczwO sc-ciCoXh frIBdZ cPdSqu yle__article__paragraph\">Italian GP alkaa sunnuntaina kello 16 Suomen aikaa.<\/p>\n<p class=\"sc-jYczwO sc-ciCoXh frIBdZ cPdSqu yle__article__paragraph\">Ennen aika-ajoja kuultiin my\u00f6s kuskiuutinen. Ranskalainen <strong class=\"sc-eEHciv kkmMDs yle__article__strong\">Pierre Gasly<\/strong> ja Alpine tiedottivat jatkosopimuksesta kauden 2028 loppuun asti.<\/p>\n<p class=\"sc-jYczwO sc-ciCoXh frIBdZ cPdSqu yle__article__paragraph\">Gasly on voittanut urallaan yhden F1-kisan, Italian Monzassa kaudella 2020 AlphaTaurin tallissa. Lis\u00e4ksi h\u00e4nell\u00e4 on viisi palkintokorokesijoitusta.<\/p>\n<p class=\"sc-jYczwO sc-ciCoXh frIBdZ cPdSqu yle__article__paragraph\">Gasly siirtyi Alpinelle Red Bullin organisaatiosta ja AlphaTaurilta kaudeksi 2023.<\/p>\n<p>Aika-ajon tulokset<\/p>\n<p class=\"sc-jYczwO sc-ciCoXh frIBdZ cPdSqu yle__article__paragraph\">1. Max Verstappen, Red Bull 1.18,792<br \/>2. Lando Norris, McLaren 1.18,869<br \/>3. Oscar Piastri, McLaren 1.18,982<br \/>4. Charles Leclerc, Ferrari 1.19,007<br \/>5. Lewis Hamilton, Ferrari 1.19,124<br \/>6. George Russell, Mercedes 1.19,157<br \/>7. Kimi Antonelli, Mercedes 1.19,200<br \/>8. Gabriel Bortoleto, Sauber 1.19,390<br \/>9. Fernando Alonso, Aston Martin 1.19,424<br \/>10. Yuki Tsunoda, Red Bull 1.19,519<\/p>\n<p class=\"sc-jYczwO sc-ciCoXh frIBdZ cPdSqu yle__article__paragraph\">11. Oliver Bearman, Haas<br \/>12. Nico H\u00fclkenberg, Sauber<br \/>13. Carlos Sainz Jr., Williams<br \/>14. Alexander Albon, Williams<br \/>15. Esteban Ocon, Haas<br \/>16. Isack Hadjar, Racing Bulls<br \/>17. Lance Stroll, Aston Martin<br \/>18. Franco Colapinto, Alpine<br \/>19. Pierre Gasly, Alpine<br \/>20. Liam Lawson, Racing Bulls<\/p>\n<p>Kuljettajien pistetilanneTallien pistetilanne<\/p>\n<p class=\"sc-jYczwO sc-ciCoXh frIBdZ cPdSqu yle__article__paragraph\">P\u00e4ivitetty juttua kello 19.08. Lis\u00e4tty tietoa Verstappenin nopeusenn\u00e4tyksest\u00e4 sek\u00e4 kuskien kommentteja.<\/p>\n","protected":false},"excerpt":{"rendered":"Monzan radalla n\u00e4htiin raju taisto paalupaikasta. Lopulta Max Verstappen p\u00e4ihitti McLarenit. Pierre Gasly jatkaa Alpinella seuraavat kolme kautta.&hellip;\n","protected":false},"author":2,"featured_media":27497,"comment_status":"","ping_status":"","sticky":false,"template":"","format":"standard","meta":{"footnotes":""},"categories":[158],"tags":[33,31,30,3437,6633,6632,159,32,160],"class_list":{"0":"post-27496","1":"post","2":"type-post","3":"status-publish","4":"format-standard","5":"has-post-thumbnail","7":"category-urheilu","8":"tag-fi","9":"tag-finland","10":"tag-finnish","11":"tag-formula-1","12":"tag-formula-1-kuljettaja","13":"tag-formula-1-tallit","14":"tag-sports","15":"tag-suomi","16":"tag-urheilu"},"share_on_mastodon":{"url":"","error":""},"_links":{"self":[{"href":"https:\/\/www.europesays.com\/fi\/wp-json\/wp\/v2\/posts\/27496","targetHints":{"allow":["GET"]}}],"collection":[{"href":"https:\/\/www.europesays.com\/fi\/wp-json\/wp\/v2\/posts"}],"about":[{"href":"https:\/\/www.europesays.com\/fi\/wp-json\/wp\/v2\/types\/post"}],"author":[{"embeddable":true,"href":"https:\/\/www.europesays.com\/fi\/wp-json\/wp\/v2\/users\/2"}],"replies":[{"embeddable":true,"href":"https:\/\/www.europesays.com\/fi\/wp-json\/wp\/v2\/comments?post=27496"}],"version-history":[{"count":0,"href":"https:\/\/www.europesays.com\/fi\/wp-json\/wp\/v2\/posts\/27496\/revisions"}],"wp:featuredmedia":[{"embeddable":true,"href":"https:\/\/www.europesays.com\/fi\/wp-json\/wp\/v2\/media\/27497"}],"wp:attachment":[{"href":"https:\/\/www.europesays.com\/fi\/wp-json\/wp\/v2\/media?parent=27496"}],"wp:term":[{"taxonomy":"category","embeddable":true,"href":"https:\/\/www.europesays.com\/fi\/wp-json\/wp\/v2\/categories?post=27496"},{"taxonomy":"post_tag","embeddable":true,"href":"https:\/\/www.europesays.com\/fi\/wp-json\/wp\/v2\/tags?post=27496"}],"curies":[{"name":"wp","href":"https:\/\/api.w.org\/{rel}","templated":true}]}}