{"id":27501,"date":"2025-09-06T17:55:07","date_gmt":"2025-09-06T17:55:07","guid":{"rendered":"https:\/\/www.europesays.com\/fi\/27501\/"},"modified":"2025-09-06T17:55:07","modified_gmt":"2025-09-06T17:55:07","slug":"puola-kehottaa-kansalaisiaan-poistumaan-valko-venajalta-valittomasti-uutissuomalainen","status":"publish","type":"post","link":"https:\/\/www.europesays.com\/fi\/27501\/","title":{"rendered":"Puola kehottaa kansalaisiaan poistumaan Valko-Ven\u00e4j\u00e4lt\u00e4 v\u00e4litt\u00f6m\u00e4sti | Uutissuomalainen"},"content":{"rendered":"<p>Puolan ulkoministeri\u00f6 kehottaa Valko-Ven\u00e4j\u00e4ll\u00e4 olevia Puolan kansalaisia poistumaan maasta v\u00e4litt\u00f6m\u00e4sti, puolalaismedia <a href=\"https:\/\/www.rmf24.pl\/fakty\/swiat\/news-pilny-apel-o-opuszczenie-tego-kraju-ewakuacja-utrudniona-lub,nId,8017997\" rel=\"nofollow noopener\" target=\"_blank\">RMF24<\/a> kertoo.<\/p>\n<p>Ulkoministeri\u00f6 kehottaa puolalaisia poistumaan Valko-Ven\u00e4j\u00e4lt\u00e4 &#8221;k\u00e4ytett\u00e4viss\u00e4 olevilla kaupallisilla ja yksityisill\u00e4 keinoilla&#8221; ja kehottaa voimakkaasti v\u00e4ltt\u00e4m\u00e4\u00e4n matkustamista maahan.<\/p>\n<p>\u2013 Valko-Ven\u00e4j\u00e4 ei ole demokraattinen maa eik\u00e4 Puolalle yst\u00e4v\u00e4llinen. Haluaisin, ett\u00e4 n\u00e4ihin varoituksiin suhtaudutaan mahdollisimman vakavasti, Puolan ulkoministeri\u00f6n tiedottaja <strong>Pawel Wronski<\/strong> toteaa.<\/p>\n<p>Puolan kansalaisten mahdollinen evakuointi voi ministeri\u00f6n mukaan olla vaikeaa tai jopa mahdotonta.<\/p>\n<p>Ilmoituksen taustalla on RMF24:n mukaan Puolan kansalaisen pid\u00e4tys Valko-Ven\u00e4j\u00e4ll\u00e4. Valko-Ven\u00e4j\u00e4n valtion televisio esitti torstaina kuvamateriaalia puolalaisesta, jonka v\u00e4itet\u00e4\u00e4n ker\u00e4nneen tietoja Ven\u00e4j\u00e4n ja Valko-Ven\u00e4j\u00e4n yhteisist\u00e4 Zapad-2025-sotaharjoituksesta. Valkoven\u00e4l\u00e4ismedioiden mukaan pid\u00e4tetty\u00e4 vastaan on nostettu rikossyyte vakoilusta.<\/p>\n<p>Puolan p\u00e4\u00e4ministeri <strong>Donald Tusk<\/strong> ilmoitti perjantaina, ett\u00e4 Valko-Ven\u00e4j\u00e4n syyt\u00f6kset Puolan kansalaista vastaan ovat j\u00e4rjett\u00f6mi\u00e4.<\/p>\n","protected":false},"excerpt":{"rendered":"Puolan ulkoministeri\u00f6 kehottaa Valko-Ven\u00e4j\u00e4ll\u00e4 olevia Puolan kansalaisia poistumaan maasta v\u00e4litt\u00f6m\u00e4sti, puolalaismedia RMF24 kertoo. Ulkoministeri\u00f6 kehottaa puolalaisia poistumaan Valko-Ven\u00e4j\u00e4lt\u00e4&hellip;\n","protected":false},"author":2,"featured_media":27502,"comment_status":"","ping_status":"","sticky":false,"template":"","format":"standard","meta":{"footnotes":""},"categories":[14],"tags":[22,23,26,27,33,31,30,17,53,24,25,28,29,1708,1707,15,18,21,142,637,32,19,20,549,56,4385,16,4645,59,60,61],"class_list":{"0":"post-27501","1":"post","2":"type-post","3":"status-publish","4":"format-standard","5":"has-post-thumbnail","7":"category-ulkomaat","8":"tag-breaking-news","9":"tag-breakingnews","10":"tag-featured-news","11":"tag-featurednews","12":"tag-fi","13":"tag-finland","14":"tag-finnish","15":"tag-headlines","16":"tag-laki-oikeus-ja-rikos","17":"tag-latest-news","18":"tag-latestnews","19":"tag-main-news","20":"tag-mainnews","21":"tag-ministeriot-ja-valtioneuvosto","22":"tag-ministerit","23":"tag-news","24":"tag-otsikot","25":"tag-paauutiset","26":"tag-poliitikot","27":"tag-politiikka","28":"tag-suomi","29":"tag-top-stories","30":"tag-topstories","31":"tag-ukrainan-sota","32":"tag-ulkomaat","33":"tag-ulkopolitiikka-ja-kansainvalinen-politiikka","34":"tag-uutiset","35":"tag-viranomaiset","36":"tag-world","37":"tag-world-news","38":"tag-worldnews"},"share_on_mastodon":{"url":"","error":""},"_links":{"self":[{"href":"https:\/\/www.europesays.com\/fi\/wp-json\/wp\/v2\/posts\/27501","targetHints":{"allow":["GET"]}}],"collection":[{"href":"https:\/\/www.europesays.com\/fi\/wp-json\/wp\/v2\/posts"}],"about":[{"href":"https:\/\/www.europesays.com\/fi\/wp-json\/wp\/v2\/types\/post"}],"author":[{"embeddable":true,"href":"https:\/\/www.europesays.com\/fi\/wp-json\/wp\/v2\/users\/2"}],"replies":[{"embeddable":true,"href":"https:\/\/www.europesays.com\/fi\/wp-json\/wp\/v2\/comments?post=27501"}],"version-history":[{"count":0,"href":"https:\/\/www.europesays.com\/fi\/wp-json\/wp\/v2\/posts\/27501\/revisions"}],"wp:featuredmedia":[{"embeddable":true,"href":"https:\/\/www.europesays.com\/fi\/wp-json\/wp\/v2\/media\/27502"}],"wp:attachment":[{"href":"https:\/\/www.europesays.com\/fi\/wp-json\/wp\/v2\/media?parent=27501"}],"wp:term":[{"taxonomy":"category","embeddable":true,"href":"https:\/\/www.europesays.com\/fi\/wp-json\/wp\/v2\/categories?post=27501"},{"taxonomy":"post_tag","embeddable":true,"href":"https:\/\/www.europesays.com\/fi\/wp-json\/wp\/v2\/tags?post=27501"}],"curies":[{"name":"wp","href":"https:\/\/api.w.org\/{rel}","templated":true}]}}