{"id":27511,"date":"2025-09-06T18:14:07","date_gmt":"2025-09-06T18:14:07","guid":{"rendered":"https:\/\/www.europesays.com\/fi\/27511\/"},"modified":"2025-09-06T18:14:07","modified_gmt":"2025-09-06T18:14:07","slug":"usassa-5562-miljardia-minuuttia-katsottu-hittisarja-kaantyy-elokuvaksi-kesalla-2027","status":"publish","type":"post","link":"https:\/\/www.europesays.com\/fi\/27511\/","title":{"rendered":"USA:ssa 55,62 miljardia minuuttia katsottu hittisarja k\u00e4\u00e4ntyy elokuvaksi kes\u00e4ll\u00e4 2027"},"content":{"rendered":"\n<p><strong>Valtavaksi hitiksi \u2013 ihan syyst\u00e4kin \u2013 muodostunut Bluey-sarja saa elokuvasovituksen.<\/strong><\/p>\n<p>Bluey-elokuvasta <a href=\"https:\/\/muropaketti.com\/elokuvat\/elokuvauutiset\/usan-taman-vuoden-suosituin-sarja-kaantyy-elokuvaksi-mutta-sita-pitaa-odottaa-kolme-vuotta\/\" rel=\"nofollow noopener\" target=\"_blank\">uutisoitiin jo vuoden 2024 lopulla<\/a>, mutta tuolloin j\u00e4i viel\u00e4 avoimeksi elokuvan julkaisuajankohta.<\/p>\n<p>Nyt sekin on vahvistettu.<\/p>\n<p><a href=\"https:\/\/variety.com\/2025\/film\/global\/bluey-movie-release-date-august-2027-1236507991\/\" target=\"_blank\" rel=\"noopener nofollow\">Variety-lehden<\/a> mukaan Disneyn ja BBC:n yhteistuotantona syntyv\u00e4 Bluey-elokuva saapuu elokuvateattereihin elokuussa 2027. USA:ssa tarkka julkaisup\u00e4iv\u00e4 on 6.8.2027, mutta varmaa ei ole, noudatetaanko Suomessa samaa aikataulua.<\/p>\n<p>Teatterilevityksen j\u00e4lkeen <a href=\"https:\/\/muropaketti.com\/avainsana\/bluey\/\" rel=\"nofollow noopener\" target=\"_blank\">Bluey<\/a> saapuu Disney+:aan, josta my\u00f6s sarjan kaikki julkaistut jaksot t\u00e4ll\u00e4 hetkell\u00e4 l\u00f6ytyv\u00e4t.<\/p>\n<p>Ter\u00e4v\u00e4kielisen koiraperheen valkokangasseikkailun kirjoittaa ja ohjaa Blueyn luoja Joe Brumm, joten sik\u00e4li projekti tuntuisi olevan osaavissa k\u00e4siss\u00e4.<\/p>\n<p>Ironista kyll\u00e4, Bluey-elokuvaa saadaan odotella viel\u00e4 niin kauan, ett\u00e4 moni sarjan nykyisist\u00e4 faneista on jo siirtynyt muiden virikkeiden pariin ensi-iltaan menness\u00e4. Disneyn ja BBC:n luotto franchiseen on kuitenkin kova, eik\u00e4 ihme, sill\u00e4 Bluey oli viime vuonna katsotuin elokuva USA:n suoratoistopalveluissa.<\/p>\n<p>Disney+:n lis\u00e4ksi Bluey seikkailee Suomessa my\u00f6s Yle Areenassa, tosin siell\u00e4 uudelleen Tuuriksi nimettyn\u00e4.<\/p>\n<blockquote class=\"wp-embedded-content\" data-secret=\"d8XWSarufD\">\n<p><a href=\"https:\/\/muropaketti.com\/elokuvat\/elokuvauutiset\/usassa-katsottiin-suoratoistopalveluja-12-biljoonaa-minuuttia-viime-vuonna-nyt-selvisi-mika-oli-suosituin-ohjelma\/\" rel=\"nofollow noopener\" target=\"_blank\">USA:ssa katsottiin suoratoistopalveluja 12 biljoonaa minuuttia \u2013 nyt selvisi mik\u00e4 oli viime vuoden suosituin ohjelma<\/a><\/p>\n<\/blockquote>\n<p>P\u00e4ivitetty 5.9.2025 oikea luku otsikkoon.<\/p>\n","protected":false},"excerpt":{"rendered":"Valtavaksi hitiksi \u2013 ihan syyst\u00e4kin \u2013 muodostunut Bluey-sarja saa elokuvasovituksen. Bluey-elokuvasta uutisoitiin jo vuoden 2024 lopulla, mutta tuolloin&hellip;\n","protected":false},"author":2,"featured_media":27512,"comment_status":"","ping_status":"","sticky":false,"template":"","format":"standard","meta":{"footnotes":""},"categories":[131],"tags":[155,137,33,173,31,30,172,32,109],"class_list":{"0":"post-27511","1":"post","2":"type-post","3":"status-publish","4":"format-standard","5":"has-post-thumbnail","7":"category-elokuvat","8":"tag-elokuvat","9":"tag-entertainment","10":"tag-fi","11":"tag-film","12":"tag-finland","13":"tag-finnish","14":"tag-movies","15":"tag-suomi","16":"tag-viihde"},"share_on_mastodon":{"url":"","error":""},"_links":{"self":[{"href":"https:\/\/www.europesays.com\/fi\/wp-json\/wp\/v2\/posts\/27511","targetHints":{"allow":["GET"]}}],"collection":[{"href":"https:\/\/www.europesays.com\/fi\/wp-json\/wp\/v2\/posts"}],"about":[{"href":"https:\/\/www.europesays.com\/fi\/wp-json\/wp\/v2\/types\/post"}],"author":[{"embeddable":true,"href":"https:\/\/www.europesays.com\/fi\/wp-json\/wp\/v2\/users\/2"}],"replies":[{"embeddable":true,"href":"https:\/\/www.europesays.com\/fi\/wp-json\/wp\/v2\/comments?post=27511"}],"version-history":[{"count":0,"href":"https:\/\/www.europesays.com\/fi\/wp-json\/wp\/v2\/posts\/27511\/revisions"}],"wp:featuredmedia":[{"embeddable":true,"href":"https:\/\/www.europesays.com\/fi\/wp-json\/wp\/v2\/media\/27512"}],"wp:attachment":[{"href":"https:\/\/www.europesays.com\/fi\/wp-json\/wp\/v2\/media?parent=27511"}],"wp:term":[{"taxonomy":"category","embeddable":true,"href":"https:\/\/www.europesays.com\/fi\/wp-json\/wp\/v2\/categories?post=27511"},{"taxonomy":"post_tag","embeddable":true,"href":"https:\/\/www.europesays.com\/fi\/wp-json\/wp\/v2\/tags?post=27511"}],"curies":[{"name":"wp","href":"https:\/\/api.w.org\/{rel}","templated":true}]}}