{"id":27521,"date":"2025-09-06T18:23:08","date_gmt":"2025-09-06T18:23:08","guid":{"rendered":"https:\/\/www.europesays.com\/fi\/27521\/"},"modified":"2025-09-06T18:23:08","modified_gmt":"2025-09-06T18:23:08","slug":"nain-milan-jaffin-kaltaisille-ihmisille-annetaan-veronmaksajien-rahaa-jotta-he-poistuisivat-suomesta","status":"publish","type":"post","link":"https:\/\/www.europesays.com\/fi\/27521\/","title":{"rendered":"N\u00e4in Milan Jaffin kaltaisille ihmisille annetaan veronmaksajien rahaa, jotta he poistuisivat Suomesta"},"content":{"rendered":"<p>Avustussummia korotettiin viime vuonna, ja turvapaikanhakijat poistuvat maasta sen my\u00f6t\u00e4 yh\u00e4 useammin vapaaehtoisesti.<\/p>\n<p><img decoding=\"async\" class=\"image image-show image-preview\" src=\"https:\/\/www.europesays.com\/fi\/wp-content\/uploads\/2025\/09\/b27e4a462164feaa62e49251d8e28b7bbbac107175177ddede2910154c83908e.png\" alt=\"\"\/><img decoding=\"async\" class=\"image image-show\" src=\"https:\/\/www.europesays.com\/fi\/wp-content\/uploads\/2025\/09\/1757182988_266_b27e4a462164feaa62e49251d8e28b7bbbac107175177ddede2910154c83908e.png\" alt=\"\"\/><\/p>\n<p>Vapaaehtoisen paluun avustuksia hallinnoi maahanmuuttovirasto. Maahanmuuttovirasto<\/p>\n<p class=\"paragraph\">Vapaaehtoisen paluun avustuksen piiriin kuului viime vuonna noin 300 henkil\u00f6\u00e4,  sis\u00e4ministeri\u00f6n erityisasiantuntija <strong>Niina L\u00e4\u00e4peri<\/strong> kertoo Iltalehdelle.<\/p>\n<p class=\"paragraph\">\u2013 Siihen sis\u00e4ltyy my\u00f6s henkil\u00f6it\u00e4, jotka ovat saaneet tukea esimerkiksi matkoihin, mutta eiv\u00e4t uudelleenkotoutumisen tukea. Vapaaehtoisen paluun avustuksissa on siis variaatiota.<\/p>\n<p class=\"paragraph\">L\u00e4\u00e4perin mukaan vapaaehtoisen paluun avustus on tarkoitettu <a href=\"https:\/\/valtioneuvosto.fi\/-\/1410869\/sisaministerio-valmistelee-asetusta-vapaaehtoisen-paluun-avustuksesta\" target=\"_blank\" rel=\"noopener nofollow\">kotimaahansa<\/a> vapaaehtoisesti palaaville turvapaikanhakijoille. Avustuksia ohjataan sis\u00e4ministeri\u00f6n asetuksella ja maksuja hallinnoi maahanmuuttovirasto.<\/p>\n<p class=\"paragraph\">Maahanmuuttovirastosta kerrotaan Iltalehdelle s\u00e4hk\u00f6postitse, ett\u00e4 vuonna 2024 uudelleenkotoutumisen avustusta my\u00f6nnettiin 262:lle henkil\u00f6lle. Samaa avustusta my\u00f6nnettiin vuotta aiemmin 174:lle henkil\u00f6lle.<\/p>\n<p class=\"paragraph\">Maahanmuuttoviraston mukaan uudelleenkotoutumisen avustuksia maksettiin viime vuonna yhteens\u00e4 noin 600 000 euroa. Jos summa jakautuisi kaikkien uudelleenkotoutustukea saaneiden kesken tasan, niin kukin olisi tuolloin saanut avustusta noin 2 300 euroa.<\/p>\n<p class=\"paragraph\">Juttu jatkuu grafiikan j\u00e4lkeen. Jos grafiikka ei n\u00e4y, voit katsoa sen <a href=\"https:\/\/infogram.com\/vapaaehtoisen-paluun-avustukset-1-1h0r6rzkngdnl4e\" target=\"_blank\" rel=\"noopener nofollow\">t\u00e4st\u00e4<\/a>.<\/p>\n<p class=\"paragraph\">Maahanmuuttoviraston tilastoista k\u00e4y ilmi, ett\u00e4 vapaaehtoisen paluun avustusta saaneista 37 prosenttia sai viime vuonna 5 300 euron suuruisen tuen. Kyseinen summa oli siten viime vuoden yleisin vapaaehtoisen paluun maksettu tuki.<\/p>\n<p class=\"paragraph\">Tilastojen perusteella 262:sta henkil\u00f6st\u00e4 97 henkil\u00f6\u00e4 on siis viime vuonna saanut 5 300 euron suuruisen uudelleenkotoutumistuen.<\/p>\n<p class=\"paragraph\">My\u00f6s t\u00e4n\u00e4 vuonna hein\u00e4kuuhun menness\u00e4 yleisin avustussumma on ollut 5 300 euroa, ja kyseisen rahasumman saajat muodostavat 30 prosentin osuuden kaikista tuen saajista.<\/p>\n<p class=\"paragraph\">Juttu jatkuu grafiikan j\u00e4lkeen. Jos grafiikka ei n\u00e4y, voit katsoa sen <a href=\"https:\/\/infogram.com\/vapaaehtoisen-paluun-avustukset-2-1h7v4pdkzry9j4k\" target=\"_blank\" rel=\"noopener nofollow\">t\u00e4st\u00e4<\/a>.<\/p>\n<p class=\"paragraph\"><a href=\"https:\/\/www.iltalehti.fi\/kotimaa\/2951bf2d-3117-4b3b-9853-e9d130d8d937\" rel=\"nofollow noopener\" target=\"_blank\">Iltalehti uutisoi<\/a> aiemmin, ett\u00e4 jengirikollinen <strong>Milan Jaff<\/strong> voi saada jopa tuhansien eurojen arvoisen tuen poistuessaan maasta vapaaehtoisesti. Jaff <a href=\"https:\/\/www.iltalehti.fi\/kotimaa\/4c3872e4-fb03-4242-a28c-0a70022479e6\" rel=\"nofollow noopener\" target=\"_blank\">ilmoitti aiemmin<\/a> peruvansa hallinto-oikeuteen j\u00e4tt\u00e4m\u00e4ns\u00e4 valituksen koskien karkottamistaan, ja pyyt\u00e4nyt palautusta kotimaahansa.<\/p>\n<p class=\"paragraph\">Maahanmuuttovirasto <a href=\"https:\/\/www.iltalehti.fi\/kotimaa\/245154f0-ac63-4f80-8e6c-427abf3cc922\" rel=\"nofollow noopener\" target=\"_blank\">peruutti Jaffin oleskeluluvan<\/a> ja m\u00e4\u00e4r\u00e4si h\u00e4net karkotettavaksi Irakiin. P\u00e4\u00e4t\u00f6ksen taustalla on Jaffin syyllistyminen <a href=\"https:\/\/www.iltalehti.fi\/kotimaa\/245154f0-ac63-4f80-8e6c-427abf3cc922\" rel=\"nofollow noopener\" target=\"_blank\">useisiin vakaviin rikoksiin<\/a>, kuten tapon yritykseen ja raiskaukseen.<\/p>\n<p class=\"paragraph\">Jaffille m\u00e4\u00e4r\u00e4ttiin my\u00f6s toistaiseksi voimassa oleva maahantulokielto koko Schengen-alueelle ja Euroopan unionin j\u00e4senmaihin.<\/p>\n<p>N\u00e4in avustussummat m\u00e4\u00e4r\u00e4ytyv\u00e4t<\/p>\n<p class=\"paragraph\">Sis\u00e4ministeri\u00f6n <a href=\"https:\/\/www.iltalehti.fi\/kotimaa\/2951bf2d-3117-4b3b-9853-e9d130d8d937\" rel=\"nofollow noopener\" target=\"_blank\">asetuksen mukaan<\/a> kansainv\u00e4list\u00e4 suojelua hakeneelle kolmannen maan kansalaiselle voidaan my\u00f6nt\u00e4\u00e4 5 300 euroa avustusta, jos h\u00e4n j\u00e4tt\u00e4\u00e4 avustushakemuksen 30 p\u00e4iv\u00e4n sis\u00e4ll\u00e4 ensimm\u00e4isen kielteisen kansainv\u00e4list\u00e4 suojelua koskevan hakemuksen tiedoksiannosta.<\/p>\n<p>Useista rikoksista tuomittu Milan Jaff karkotetaan Suomesta, koska h\u00e4nen katsotaan muodostavan uhan yleiselle j\u00e4rjestykselle ja turvallisuudelle. Arkistokuva. PASI LIESIMAA<\/p>\n<p class=\"paragraph\">Kansainv\u00e4list\u00e4 suojelua hakeneelle voidaan muissa kuin edell\u00e4 mainituissa tapauksissa my\u00f6nt\u00e4\u00e4 2 000 euroa <a href=\"https:\/\/www.iltalehti.fi\/kotimaa\/2951bf2d-3117-4b3b-9853-e9d130d8d937\" rel=\"nofollow noopener\" target=\"_blank\">avustusta<\/a>, kun h\u00e4n on peruuttanut hakemuksensa tai t\u00e4m\u00e4n hakemuksen tultua hyl\u00e4tyksi.<\/p>\n<p class=\"paragraph\">My\u00f6s hakijoille, jotka eiv\u00e4t saa vapaaehtoisen paluun avustusta, voidaan kuitenkin korvata paluusta aiheutuvat kohtuulliset matkakustannukset.<\/p>\n<p class=\"paragraph\">Sis\u00e4ministeri\u00f6n asettamisp\u00e4\u00e4t\u00f6ksess\u00e4 kerrotaan, ett\u00e4 vapaaehtoisen paluun avustusta porrastettiin 1.1.2024 alkaen p\u00e4\u00e4ministeri <strong>Petteri Orpon<\/strong> (kok) hallitusohjelman mukaisesti siten, ett\u00e4 se kannustaa nopeaan maasta poistumiseen. Porrastuksen tavoitteena on my\u00f6s kannustaa pid\u00e4tt\u00e4ytym\u00e4\u00e4n turvapaikkap\u00e4\u00e4t\u00f6ksen muutoksenhausta.<\/p>\n<p class=\"paragraph\">K\u00e4yt\u00e4nn\u00f6ss\u00e4 t\u00e4m\u00e4 tarkoittaa, ett\u00e4 avustussummia <a href=\"https:\/\/yle.fi\/a\/74-20066322\" target=\"_blank\" rel=\"noopener nofollow\">korotettiin<\/a>.<\/p>\n<p class=\"paragraph\">Sis\u00e4ministeri\u00f6n erityisasiantuntija Niina L\u00e4\u00e4peri kertoo, ett\u00e4 t\u00e4m\u00e4n my\u00f6t\u00e4 vapaaehtoisten maasta poistumisten m\u00e4\u00e4r\u00e4 on alkanut kasvamaan.<\/p>\n","protected":false},"excerpt":{"rendered":"Avustussummia korotettiin viime vuonna, ja turvapaikanhakijat poistuvat maasta sen my\u00f6t\u00e4 yh\u00e4 useammin vapaaehtoisesti. Vapaaehtoisen paluun avustuksia hallinnoi maahanmuuttovirasto.&hellip;\n","protected":false},"author":2,"featured_media":27522,"comment_status":"","ping_status":"","sticky":false,"template":"","format":"standard","meta":{"footnotes":""},"categories":[5],"tags":[35,22,23,26,27,33,31,30,863,17,53,24,25,28,29,15,18,21,637,38,32,19,20,4385,16],"class_list":{"0":"post-27521","1":"post","2":"type-post","3":"status-publish","4":"format-standard","5":"has-post-thumbnail","7":"category-otsikot","8":"tag-24h","9":"tag-breaking-news","10":"tag-breakingnews","11":"tag-featured-news","12":"tag-featurednews","13":"tag-fi","14":"tag-finland","15":"tag-finnish","16":"tag-hallitus","17":"tag-headlines","18":"tag-laki-oikeus-ja-rikos","19":"tag-latest-news","20":"tag-latestnews","21":"tag-main-news","22":"tag-mainnews","23":"tag-news","24":"tag-otsikot","25":"tag-paauutiset","26":"tag-politiikka","27":"tag-rikos","28":"tag-suomi","29":"tag-top-stories","30":"tag-topstories","31":"tag-ulkopolitiikka-ja-kansainvalinen-politiikka","32":"tag-uutiset"},"share_on_mastodon":{"url":"","error":""},"_links":{"self":[{"href":"https:\/\/www.europesays.com\/fi\/wp-json\/wp\/v2\/posts\/27521","targetHints":{"allow":["GET"]}}],"collection":[{"href":"https:\/\/www.europesays.com\/fi\/wp-json\/wp\/v2\/posts"}],"about":[{"href":"https:\/\/www.europesays.com\/fi\/wp-json\/wp\/v2\/types\/post"}],"author":[{"embeddable":true,"href":"https:\/\/www.europesays.com\/fi\/wp-json\/wp\/v2\/users\/2"}],"replies":[{"embeddable":true,"href":"https:\/\/www.europesays.com\/fi\/wp-json\/wp\/v2\/comments?post=27521"}],"version-history":[{"count":0,"href":"https:\/\/www.europesays.com\/fi\/wp-json\/wp\/v2\/posts\/27521\/revisions"}],"wp:featuredmedia":[{"embeddable":true,"href":"https:\/\/www.europesays.com\/fi\/wp-json\/wp\/v2\/media\/27522"}],"wp:attachment":[{"href":"https:\/\/www.europesays.com\/fi\/wp-json\/wp\/v2\/media?parent=27521"}],"wp:term":[{"taxonomy":"category","embeddable":true,"href":"https:\/\/www.europesays.com\/fi\/wp-json\/wp\/v2\/categories?post=27521"},{"taxonomy":"post_tag","embeddable":true,"href":"https:\/\/www.europesays.com\/fi\/wp-json\/wp\/v2\/tags?post=27521"}],"curies":[{"name":"wp","href":"https:\/\/api.w.org\/{rel}","templated":true}]}}