{"id":275218,"date":"2026-06-12T22:12:11","date_gmt":"2026-06-12T22:12:11","guid":{"rendered":"https:\/\/www.europesays.com\/fi\/275218\/"},"modified":"2026-06-12T22:12:11","modified_gmt":"2026-06-12T22:12:11","slug":"lahi-idan-kriisi-kiihdyttaa-inflaation-tana-vuonna-24-prosenttiin-ennustaa-suomen-pankki","status":"publish","type":"post","link":"https:\/\/www.europesays.com\/fi\/275218\/","title":{"rendered":"L\u00e4hi-id\u00e4n kriisi kiihdytt\u00e4\u00e4 inflaation t\u00e4n\u00e4 vuonna 2,4 prosenttiin, ennustaa Suomen Pankki"},"content":{"rendered":"<p>\n\t\t\t\tSuomen Pankki ennustaa talouden kasvavan t\u00e4n\u00e4 vuonna 0,7 prosenttia. Luku on noussut hieman maaliskuusta, jolloin ennuste oli 0,6 prosenttia.\n\t\t\t<\/p>\n<p>\t\t\t\t\t\t\t\t\tTalous<\/p>\n<p>Suomen Pankki ennustaa talouden kasvavan t\u00e4n\u00e4 vuonna 0,7 prosenttia. Ensi vuonna kasvun odotetaan kiihtyv\u00e4n 1,2 prosenttiin ja vuonna 2028 1,4 prosenttiin.<\/p>\n<p>Keskuspankki on nostanut kasvuennustettaan hieman maaliskuusta, jolloin se ennakoi talouden kasvavan t\u00e4n\u00e4 vuonna 0,6 prosenttia. Ennusteet vuosille 2027 ja 2028 taas ovat laskeneet hieman aiemmasta.<\/p>\n<p>Inflaation odotetaan nousevan Suomessa t\u00e4n\u00e4 vuonna 2,4 prosenttiin energian hintojen nousun vuoksi. Maaliskuussa keskuspankki ennusti inflaation nousevan t\u00e4n\u00e4 vuonna 1,9 prosenttiin. <\/p>\n<p>Nopeamman inflaation ennustetaan kuitenkin j\u00e4\u00e4v\u00e4n lyhytaikaiseksi ja vuonna 2027 sen odotetaan hidastuvan 1,6 prosenttiin. <a href=\"https:\/\/stat.fi\/fi\/indikaattori\/inflaatio\" rel=\"nofollow noopener\" target=\"_blank\">Huhtikuussa<\/a> inflaatio oli Suomessa 1,5 prosenttia.<\/p>\n<p>Suomen Pankin ennustep\u00e4\u00e4llik\u00f6n <strong>Juuso Vanhalan<\/strong> mukaan Suomen taloudessa on jo n\u00e4ht\u00e4viss\u00e4 k\u00e4\u00e4nne parempaan. Pitk\u00e4\u00e4n laahannut yksityinen kulutus on piristynyt alkuvuoden aikana, ja my\u00f6s vienti ja investoinnit ovat kasvussa.<\/p>\n<p>Suomen talouden tunnelma onkin Suomen pankin p\u00e4\u00e4johtajan <strong>Olli Rehnin<\/strong> mukaan kahtiajakoinen.<\/p>\n<p>\u2013 Yht\u00e4\u00e4lt\u00e4 alkuvuoden kasvu on ollut hyv\u00e4, mutta toisaalta L\u00e4hi-id\u00e4n kriisi kolhii kasvun\u00e4kym\u00e4\u00e4, Rehn sanoi perjantaina j\u00e4rjestetyss\u00e4 tiedotustilaisuudessa.<\/p>\n<p>\u00d6ljyn hinnat ovat olleet koholla sen j\u00e4lkeen, kun L\u00e4hi-id\u00e4n konflikti alkoi helmikuun lopulla ja Iran sulki \u00f6ljykuljetuksille t\u00e4rke\u00e4n Hormuzinsalmen.<\/p>\n<p>Suomen vaikeaan ty\u00f6tt\u00f6myystilanteeseen ei kuitenkaan ole n\u00e4kyviss\u00e4 nopeaa helpotusta. Suomen Pankki arvioi ty\u00f6tt\u00f6myyden v\u00e4henev\u00e4n hitaasti ja kohenevan tasaisesti vuosina 2026\u20132028, kun suhdanne paranee.<\/p>\n<p><a href=\"https:\/\/stat.fi\/fi\/indikaattori\/tyottomyysaste\" rel=\"nofollow noopener\" target=\"_blank\">Ty\u00f6tt\u00f6myysaste<\/a> oli Suomessa huhtikuussa<b> <\/b>10,6<b> <\/b>prosenttia. Suomen ty\u00f6tt\u00f6myysaste on ollut viime aikoina yksi EU-maiden korkeimpia.<\/p>\n<p>Julkinen talous pysyy Suomen Pankin mukaan selv\u00e4sti alij\u00e4\u00e4m\u00e4isen\u00e4. T\u00e4n\u00e4 vuonna julkinen velka suhteessa bruttokansantuotteeseen kasvaa arviolta l\u00e4hes 92 prosenttiin ja edelleen hieman alle 97 prosenttiin vuoteen 2028 menness\u00e4.<\/p>\n<p>Talousennusteeseen liittyy L\u00e4hi-id\u00e4n tilanteen vuoksi keskuspankin mukaan viel\u00e4 isoja ep\u00e4varmuuksia. My\u00f6s Yhdysvaltain heittelehtiv\u00e4 kauppapolitiikka luo ep\u00e4varmuutta. Jos geopoliittinen tilanne k\u00e4\u00e4ntyy parempaan suuntaan nopeasti, voi talouskasvu Suomen Pankin mukaan kuitenkin yll\u00e4tt\u00e4\u00e4 positiivisesti.<\/p>\n<p>L\u00e4hi-id\u00e4ss\u00e4 riehuva sota vaikuttaa t\u00e4ll\u00e4 hetkell\u00e4 inflaatioennusteisiin koko Euroopassa. Euroopan keskuspankki (EKP) nosti torstaina ohjauskorkoaan inflaation kiihtymisen vuoksi.<\/p>\n<p>EKP:n talletuskorko on nyt 2,25 prosenttia aiemman kahden prosentin sijasta. Samalla keskuspankki nosti euroalueen inflaatioennustetta 3,0 prosenttiin aiemmasta 2,6 prosentista.<\/p>\n<p>Koronnostolla pyrit\u00e4\u00e4n p\u00e4\u00e4johtaja Rehnin mukaan ennaltaehk\u00e4isem\u00e4\u00e4n hintapaineiden laajenemista energiasta muihin hintoihin sek\u00e4 palkkoihin.<\/p>\n<p>Energiakriisist\u00e4 huolimatta euroalueen tilanteessa on Rehnin mukaan my\u00f6s positiivisia n\u00e4kymi\u00e4. <\/p>\n<p>\u2013 Euroalueen kotimaiset kustannuspaineet ovat helpottaneet, eik\u00e4 energiashokki ole ainakaan viel\u00e4 v\u00e4littynyt palkkoihin, h\u00e4n sanoi perjantaina.<\/p>\n","protected":false},"excerpt":{"rendered":"Suomen Pankki ennustaa talouden kasvavan t\u00e4n\u00e4 vuonna 0,7 prosenttia. Luku on noussut hieman maaliskuusta, jolloin ennuste oli 0,6&hellip;\n","protected":false},"author":2,"featured_media":275219,"comment_status":"","ping_status":"","sticky":false,"template":"","format":"standard","meta":{"footnotes":"","_share_on_mastodon":"0"},"categories":[76],"tags":[79,77,33,31,30,3245,29266,9518,32,78],"class_list":["post-275218","post","type-post","status-publish","format-standard","has-post-thumbnail","category-talous","tag-business","tag-economy","tag-fi","tag-finland","tag-finnish","tag-inflaatio","tag-iranin-sota","tag-suomen-pankki","tag-suomi","tag-talous"],"share_on_mastodon":{"url":"https:\/\/pubeurope.com\/@fi\/116739437210911466","error":""},"_links":{"self":[{"href":"https:\/\/www.europesays.com\/fi\/wp-json\/wp\/v2\/posts\/275218","targetHints":{"allow":["GET"]}}],"collection":[{"href":"https:\/\/www.europesays.com\/fi\/wp-json\/wp\/v2\/posts"}],"about":[{"href":"https:\/\/www.europesays.com\/fi\/wp-json\/wp\/v2\/types\/post"}],"author":[{"embeddable":true,"href":"https:\/\/www.europesays.com\/fi\/wp-json\/wp\/v2\/users\/2"}],"replies":[{"embeddable":true,"href":"https:\/\/www.europesays.com\/fi\/wp-json\/wp\/v2\/comments?post=275218"}],"version-history":[{"count":0,"href":"https:\/\/www.europesays.com\/fi\/wp-json\/wp\/v2\/posts\/275218\/revisions"}],"wp:featuredmedia":[{"embeddable":true,"href":"https:\/\/www.europesays.com\/fi\/wp-json\/wp\/v2\/media\/275219"}],"wp:attachment":[{"href":"https:\/\/www.europesays.com\/fi\/wp-json\/wp\/v2\/media?parent=275218"}],"wp:term":[{"taxonomy":"category","embeddable":true,"href":"https:\/\/www.europesays.com\/fi\/wp-json\/wp\/v2\/categories?post=275218"},{"taxonomy":"post_tag","embeddable":true,"href":"https:\/\/www.europesays.com\/fi\/wp-json\/wp\/v2\/tags?post=275218"}],"curies":[{"name":"wp","href":"https:\/\/api.w.org\/{rel}","templated":true}]}}