{"id":27523,"date":"2025-09-06T18:24:12","date_gmt":"2025-09-06T18:24:12","guid":{"rendered":"https:\/\/www.europesays.com\/fi\/27523\/"},"modified":"2025-09-06T18:24:12","modified_gmt":"2025-09-06T18:24:12","slug":"kuopio-ja-muut-suomen-suurimmat-kaupungit-sitoutuvat-luontokadon-torjuntaan-savo","status":"publish","type":"post","link":"https:\/\/www.europesays.com\/fi\/27523\/","title":{"rendered":"Kuopio ja muut Suomen suurimmat kaupungit sitoutuvat luontokadon torjuntaan | Savo"},"content":{"rendered":"<p>Kuopio sitoutuu luontokadon torjuntaan yhdess\u00e4 Suomen kymmenen suurimman kaupungin kanssa, kaupunki tiedottaa.<\/p>\n<p>Kaupunginjohtajat ja pormestarit kokoontuivat 5. syyskuuta Espoon Luontofoorumissa ja p\u00e4ivittiv\u00e4t kaupunkien yhteisen julkilausuman luonnon monimuotoisuuden turvaamisesta.<\/p>\n<p>Julkilausuman on tarkoitus vahvistaa kaupunkien roolia ja yhteisty\u00f6t\u00e4 luontokadon pys\u00e4ytt\u00e4miseksi vuoteen 2030 menness\u00e4 sek\u00e4 luonnon monimuotoisuuden k\u00e4\u00e4nt\u00e4misen elpymisuralle sen j\u00e4lkeen. Kaupungit haluavat yhteisty\u00f6ss\u00e4 vahvistaa luonnon monimuotoisuutta ja kest\u00e4v\u00e4\u00e4 kaupunkikehityst\u00e4. Tiedotteen mukaan monimuotoinen luonto tukee kaupunkien elinvoimaa, taloutta ja houkuttelevuutta asuinpaikkana ja investointikohteena.<\/p>\n<p>Kaupungit haluavat yhdist\u00e4\u00e4 voimavaransa ja jakaa parhaita k\u00e4yt\u00e4nt\u00f6j\u00e4 sek\u00e4 kiritt\u00e4\u00e4 valtiota luonnon monimuotoisuuteen liittyv\u00e4ss\u00e4 p\u00e4\u00e4t\u00f6ksenteossa.<\/p>\n<p>Kaupunginjohtajat sitoutuvat ottamaan huomioon kaupunkien hankintojen luontovaikutukset ja toteuttamaan lievennyshierarkian periaatteita. Toiminnassa pyrit\u00e4\u00e4n siihen, ett\u00e4 luonnolle aiheutuu mahdollisimman v\u00e4h\u00e4n haittaa ja aiheutettu haitta hyvitet\u00e4\u00e4n toisaalla, tiedotteessa kerrotaan.<\/p>\n<p><strong class=\"diks-storyline__impact\">Kuopion<\/strong> tavoitteena on vaalia monimuotoista l\u00e4hiluontoa.<\/p>\n<p>\u2013\u2009Luonnon ja ihmisen hyvinvointi kietoutuvat yhteen. Monimuotoinen l\u00e4hiluonto parantaa kuopiolaisten terveytt\u00e4 muun muassa v\u00e4hent\u00e4m\u00e4ll\u00e4 stressi\u00e4, parantamalla mielialaa ja edist\u00e4m\u00e4ll\u00e4 liikuntaa, Kuopion kaupunginjohtaja <strong>Soile Lahti<\/strong> toteaa tiedotteessa.<\/p>\n<p>Kuopiossa keskeisell\u00e4 kaupunkialueella on merkitt\u00e4v\u00e4 maakunnallinen luonnon monimuotoisuuden keskittym\u00e4. Ne ovat alueita, joilla maakunnalle ominaisten luontotyyppien ja lajien monimuotoisuus ovat korkeimmillaan. Kuopiolla on merkitt\u00e4v\u00e4 rooli erityisesti lehtometsien turvaamisessa, sill\u00e4 suurin osa Pohjois-Savon lehtokeskuksesta sjoittuu Kuopion keskeiselle kaupunkialueelle.<\/p>\n<p>Kuopiossa luontoty\u00f6t\u00e4 ohjaa valtuuston hyv\u00e4ksym\u00e4 luonnon monimuotoisuusohjelma. Siin\u00e4 tavoitteeksi on asetettu muun muassa kaupunkivihre\u00e4n m\u00e4\u00e4r\u00e4n kasvattaminen ja arvokkaiden luontokohteiden sek\u00e4 uhanalaisten luontotyyppien ja lajien s\u00e4ilytt\u00e4minen.<\/p>\n","protected":false},"excerpt":{"rendered":"Kuopio sitoutuu luontokadon torjuntaan yhdess\u00e4 Suomen kymmenen suurimman kaupungin kanssa, kaupunki tiedottaa. Kaupunginjohtajat ja pormestarit kokoontuivat 5. syyskuuta&hellip;\n","protected":false},"author":2,"featured_media":27524,"comment_status":"","ping_status":"","sticky":false,"template":"","format":"standard","meta":{"footnotes":""},"categories":[117],"tags":[681,400,33,31,30,405,2111,1132,72,476,118,32,119,477,534],"class_list":{"0":"post-27523","1":"post","2":"type-post","3":"status-publish","4":"format-standard","5":"has-post-thumbnail","7":"category-luonto","8":"tag-alue-ja-paikallishallinto","9":"tag-espoo","10":"tag-fi","11":"tag-finland","12":"tag-finnish","13":"tag-helsingin-seutukunta","14":"tag-kuntourheilu","15":"tag-kuopio","16":"tag-luonto","17":"tag-nature","18":"tag-science","19":"tag-suomi","20":"tag-tiede","21":"tag-wildlife","22":"tag-ymparisto-ja-luonto"},"share_on_mastodon":{"url":"","error":""},"_links":{"self":[{"href":"https:\/\/www.europesays.com\/fi\/wp-json\/wp\/v2\/posts\/27523","targetHints":{"allow":["GET"]}}],"collection":[{"href":"https:\/\/www.europesays.com\/fi\/wp-json\/wp\/v2\/posts"}],"about":[{"href":"https:\/\/www.europesays.com\/fi\/wp-json\/wp\/v2\/types\/post"}],"author":[{"embeddable":true,"href":"https:\/\/www.europesays.com\/fi\/wp-json\/wp\/v2\/users\/2"}],"replies":[{"embeddable":true,"href":"https:\/\/www.europesays.com\/fi\/wp-json\/wp\/v2\/comments?post=27523"}],"version-history":[{"count":0,"href":"https:\/\/www.europesays.com\/fi\/wp-json\/wp\/v2\/posts\/27523\/revisions"}],"wp:featuredmedia":[{"embeddable":true,"href":"https:\/\/www.europesays.com\/fi\/wp-json\/wp\/v2\/media\/27524"}],"wp:attachment":[{"href":"https:\/\/www.europesays.com\/fi\/wp-json\/wp\/v2\/media?parent=27523"}],"wp:term":[{"taxonomy":"category","embeddable":true,"href":"https:\/\/www.europesays.com\/fi\/wp-json\/wp\/v2\/categories?post=27523"},{"taxonomy":"post_tag","embeddable":true,"href":"https:\/\/www.europesays.com\/fi\/wp-json\/wp\/v2\/tags?post=27523"}],"curies":[{"name":"wp","href":"https:\/\/api.w.org\/{rel}","templated":true}]}}