{"id":27525,"date":"2025-09-06T18:35:08","date_gmt":"2025-09-06T18:35:08","guid":{"rendered":"https:\/\/www.europesays.com\/fi\/27525\/"},"modified":"2025-09-06T18:35:08","modified_gmt":"2025-09-06T18:35:08","slug":"talta-naytti-pukuloisto-miss-suomi-finaalin-punaisella-matolla","status":"publish","type":"post","link":"https:\/\/www.europesays.com\/fi\/27525\/","title":{"rendered":"T\u00e4lt\u00e4 n\u00e4ytti pukuloisto Miss Suomi -finaalin punaisella matolla"},"content":{"rendered":"<p>Miss Suomi 2025 Finaaligaalan punaisella matolla n\u00e4htiin upeaa pukuloistoa.<\/p>\n<p class=\"paragraph\">Uusi Miss Suomi kruunataan t\u00e4n\u00e4\u00e4n lauantaina 6. syyskuuta Espoon Hype-areenalla. Finaaligaalan punainen matto avautui kutsuvieraille ennen kilpailun alkamista. T\u00e4llaista pukuloistoa siell\u00e4 n\u00e4htiin.<\/p>\n<p><img decoding=\"async\" class=\"image image-show image-preview\" src=\"https:\/\/www.europesays.com\/fi\/wp-content\/uploads\/2025\/09\/04e63ed2b040cd719d3b65cede441265b3412dc20492000def29f365cc5d1f65.jpg\" alt=\"\"\/><img decoding=\"async\" class=\"image image-show\" src=\"https:\/\/www.europesays.com\/fi\/wp-content\/uploads\/2025\/09\/1757183708_754_04e63ed2b040cd719d3b65cede441265b3412dc20492000def29f365cc5d1f65.jpg\" alt=\"\"\/><\/p>\n<p>Paula Joukanen on vuoden 2023 Miss Suomi. Atte Kajova<\/p>\n<p class=\"paragraph\">Vuoden 2023 Miss Suomi, <a href=\"https:\/\/www.iltalehti.fi\/henkilot\/Paula Joukanen\" class=\"article-link-person-page\" rel=\"nofollow noopener\" target=\"_blank\">Paula Joukanen<\/a>, saapui paikalle upeassa pinkiss\u00e4 mekossa, jonka katseenvangitsijana toimi suuri, ruusua muistuttava yksityiskohta.<\/p>\n<p>Paula Joukanen kruunattiin vuoden 2023 Miss Suomeksi. Atte Kajova<\/p>\n<p class=\"paragraph\">Entinen Salkkarit-n\u00e4yttelij\u00e4 <a href=\"https:\/\/www.iltalehti.fi\/henkilot\/Emil Hallberg\" class=\"article-link-person-page\" rel=\"nofollow noopener\" target=\"_blank\">Emil Hallberg<\/a> saapui punaiselle matolle puolisonsa <strong>Sofien<\/strong> kanssa. Pari on ollut naimisissa yli vuoden.<\/p>\n<p class=\"paragraph\">Emil saapui punaiselle matolle tyylikk\u00e4\u00e4ss\u00e4 mustassa puvussa, ja Sofien valinta oli my\u00f6s musta \u2013 upea mekko, jossa oli pitk\u00e4 laahus.<\/p>\n<p>Aviopari Sofie ja Emil Hallberg saapuivat tilaisuuteen tummissa asuissa. Timur Yilmaz<\/p>\n<p class=\"paragraph\">Somevaikuttaja <strong>Mikael Renwall<\/strong> asteli paikalle valkoisessa kauluspaidassa ja harmaissa leve\u00e4lahkeisissa housuissa.<\/p>\n<p>Mikael Renwall asteli matolle tyylikk\u00e4\u00e4n\u00e4. Timur Yilmaz<\/p>\n<p class=\"paragraph\"><a href=\"https:\/\/www.iltalehti.fi\/henkilot\/Elina Kanerva\" class=\"article-link-person-page\" rel=\"nofollow noopener\" target=\"_blank\">Elina Kanerva<\/a> tuli paikalle valkoisessa pitk\u00e4ss\u00e4 mekossa. H\u00e4nen rannettaan korosti kiilt\u00e4v\u00e4 koru.<\/p>\n<p>Elina Kanervan yll\u00e4 n\u00e4htiin valkoinen elegantti mekko. Atte Kajova<\/p>\n<p class=\"paragraph\">Historian ensimm\u00e4isen Miss International Finland -kilpailun voittaja <strong>Vera Eloranta<\/strong> asteli matolle n\u00e4ytt\u00e4v\u00e4ss\u00e4 violetissa mekossa. Mekossa n\u00e4htiin pitk\u00e4 laahus ja olkap\u00e4\u00e4ll\u00e4 korosti suuri ruusua muistuttava yksityiskohta.<\/p>\n<p>Vera Eloranta voitti historian ensimm\u00e4isen Miss International Finland -kilpailun. Timur Yilmaz<\/p>\n<p class=\"paragraph\">Tuore aviopari <a href=\"https:\/\/www.iltalehti.fi\/henkilot\/Kurre Westerlund\" class=\"article-link-person-page\" rel=\"nofollow noopener\" target=\"_blank\">Kurre<\/a> ja <strong>Jenna Westerlund<\/strong> saapuivat punaiselle matolle tyylikk\u00e4in\u00e4. Kurrella oli yll\u00e4\u00e4n klassinen musta puku ja Jennalla puolestaan kimaltava pitk\u00e4 mekko.<\/p>\n<p>Kurre ja Jenna Westerlund meniv\u00e4t elokuussa naimisiin. Timur Yilmaz<\/p>\n<p class=\"paragraph\">Mediapersoona ja psyykkinen ravintovalmentaja <a href=\"https:\/\/www.iltalehti.fi\/henkilot\/Eveliina Uosukainen\" class=\"article-link-person-page\" rel=\"nofollow noopener\" target=\"_blank\">Eveliina Uosukainen<\/a> ja h\u00e4nen kumppaninsa <strong>Joni Rintala<\/strong> astelivat gaalaan n\u00e4ytt\u00e4v\u00e4sti. Pariskunta heitt\u00e4ytyi leikkis\u00e4ksi matolla, kun Rintala polvistui Uosukaisen eteen. H\u00e4n nosti k\u00e4tens\u00e4 Uosukaista p\u00e4in ik\u00e4\u00e4n kuin osoittaakseen, ett\u00e4 Uosukainen on heist\u00e4 se t\u00e4hti.<\/p>\n<p class=\"paragraph\">Uosukaisen yll\u00e4 n\u00e4htiin Kanervan tavoin valkoinen pitk\u00e4 elegantti mekko. Raskaana olevan Uosukaisen raskausvatsa p\u00e4\u00e4si loistoon mekossa.<\/p>\n<p>Eveliina ja Joni heitt\u00e4ytyiv\u00e4t punaisella matolla leikkisiksi. Timur Yilmaz<\/p>\n<p class=\"paragraph\">Artisti <a href=\"https:\/\/www.iltalehti.fi\/henkilot\/Sara Siipola\" class=\"article-link-person-page\" rel=\"nofollow noopener\" target=\"_blank\">Sara Siipola<\/a> toi punaiselle matolle kumppaninsa radiojuontaja <strong>Alexander Eklundin<\/strong>. Pari on pit\u00e4nyt yht\u00e4 liki kuusi vuotta.<\/p>\n<p class=\"paragraph\">Siipolan yll\u00e4 n\u00e4htiin nuden v\u00e4rinen mekko, jossa oli mustia pitsisi\u00e4 yksityiskohtia.<\/p>\n<p>Sara Siipola saapui punaiselle matolle nuden v\u00e4risess\u00e4 mekossa, jossa oli mustia yksityiskohtia. Timur Yimaz<\/p>\n<p class=\"paragraph\">Vuoden 2024 Miss Suomen ensimm\u00e4inen perint\u00f6prinsessa <strong>Tiia Aalto<\/strong> saapui punaiselle matolle yhdess\u00e4 kumppaninsa <strong>Medya Elekin<\/strong> kanssa. Aallon p\u00e4\u00e4ll\u00e4 n\u00e4htiin kaunis tummansininen iltapuku, jonka kaula-aukkoa somistaa timanttinen yksityiskohta. Kumppani Medya oli puolestaan laittanut p\u00e4\u00e4lleen kokomustan puvun.<\/p>\n<p>Tiia Aalto on vuoden 2024 Miss Suomen ensimm\u00e4inen perint\u00f6prinsessa. Timur Yilmaz<\/p>\n","protected":false},"excerpt":{"rendered":"Miss Suomi 2025 Finaaligaalan punaisella matolla n\u00e4htiin upeaa pukuloistoa. Uusi Miss Suomi kruunataan t\u00e4n\u00e4\u00e4n lauantaina 6. syyskuuta Espoon&hellip;\n","protected":false},"author":2,"featured_media":27526,"comment_status":"","ping_status":"","sticky":false,"template":"","format":"standard","meta":{"footnotes":""},"categories":[136],"tags":[35,407,2110,137,33,31,30,876,408,2351,763,41,32,397,2350,109],"class_list":{"0":"post-27525","1":"post","2":"type-post","3":"status-publish","4":"format-standard","5":"has-post-thumbnail","7":"category-julkkikset","8":"tag-24h","9":"tag-celebrities","10":"tag-elamantapa-ja-vapaa-aika","11":"tag-entertainment","12":"tag-fi","13":"tag-finland","14":"tag-finnish","15":"tag-fyysinen-kauneus","16":"tag-julkkikset","17":"tag-kengat-ja-asusteet","18":"tag-kulttuuri-ja-viihde","19":"tag-liikunta-ja-urheilu","20":"tag-suomi","21":"tag-taide","22":"tag-vaatekappaleet","23":"tag-viihde"},"share_on_mastodon":{"url":"","error":""},"_links":{"self":[{"href":"https:\/\/www.europesays.com\/fi\/wp-json\/wp\/v2\/posts\/27525","targetHints":{"allow":["GET"]}}],"collection":[{"href":"https:\/\/www.europesays.com\/fi\/wp-json\/wp\/v2\/posts"}],"about":[{"href":"https:\/\/www.europesays.com\/fi\/wp-json\/wp\/v2\/types\/post"}],"author":[{"embeddable":true,"href":"https:\/\/www.europesays.com\/fi\/wp-json\/wp\/v2\/users\/2"}],"replies":[{"embeddable":true,"href":"https:\/\/www.europesays.com\/fi\/wp-json\/wp\/v2\/comments?post=27525"}],"version-history":[{"count":0,"href":"https:\/\/www.europesays.com\/fi\/wp-json\/wp\/v2\/posts\/27525\/revisions"}],"wp:featuredmedia":[{"embeddable":true,"href":"https:\/\/www.europesays.com\/fi\/wp-json\/wp\/v2\/media\/27526"}],"wp:attachment":[{"href":"https:\/\/www.europesays.com\/fi\/wp-json\/wp\/v2\/media?parent=27525"}],"wp:term":[{"taxonomy":"category","embeddable":true,"href":"https:\/\/www.europesays.com\/fi\/wp-json\/wp\/v2\/categories?post=27525"},{"taxonomy":"post_tag","embeddable":true,"href":"https:\/\/www.europesays.com\/fi\/wp-json\/wp\/v2\/tags?post=27525"}],"curies":[{"name":"wp","href":"https:\/\/api.w.org\/{rel}","templated":true}]}}