{"id":27527,"date":"2025-09-06T18:38:09","date_gmt":"2025-09-06T18:38:09","guid":{"rendered":"https:\/\/www.europesays.com\/fi\/27527\/"},"modified":"2025-09-06T18:38:09","modified_gmt":"2025-09-06T18:38:09","slug":"ensimmainen-masked-singer-paljastus-loi-allikalla","status":"publish","type":"post","link":"https:\/\/www.europesays.com\/fi\/27527\/","title":{"rendered":"Ensimm\u00e4inen Masked Singer -paljastus l\u00f6i \u00e4llik\u00e4ll\u00e4"},"content":{"rendered":"<p><strong class=\"typography-bold\">Masked Singer Suomi -kauden ensimm\u00e4isess\u00e4 jaksossa Poni poisti maskinsa.\u00a0<\/strong><\/p>\n<p><a class=\"underline\" data-testid=\"internal-link\" role=\"link\" data-sentry-element=\"Link\" data-sentry-component=\"InternalLink\" data-sentry-source-file=\"InternalLink.tsx\" href=\"https:\/\/www.mtvuutiset.fi\/aihe\/ile-uusivuori\/7152010\" rel=\"nofollow noopener\" target=\"_blank\"><strong class=\"typography-bold\">Ile Uusivuoren<\/strong><\/a> luotsaaman <a class=\"underline\" data-testid=\"internal-link\" role=\"link\" data-sentry-element=\"Link\" data-sentry-component=\"InternalLink\" data-sentry-source-file=\"InternalLink.tsx\" href=\"https:\/\/www.mtvuutiset.fi\/aihe\/masked-singer-suomi\/7705334\" rel=\"nofollow noopener\" target=\"_blank\">Masked Singer Suomi<\/a>\u00a0-sarjan 7. tuotantokausi starttasi Maikkarilla 6. syyskuuta. Etsiv\u00e4paneelin vakioj\u00e4senin\u00e4 uudella kaudella hahmoja arvuuttelevat <a class=\"underline\" data-testid=\"internal-link\" role=\"link\" data-sentry-element=\"Link\" data-sentry-component=\"InternalLink\" data-sentry-source-file=\"InternalLink.tsx\" href=\"https:\/\/www.mtvuutiset.fi\/aihe\/janne-kataja\/2839834\" rel=\"nofollow noopener\" target=\"_blank\"><strong class=\"typography-bold\">Janne Kataja<\/strong><\/a>, <a class=\"underline\" data-testid=\"internal-link\" role=\"link\" data-sentry-element=\"Link\" data-sentry-component=\"InternalLink\" data-sentry-source-file=\"InternalLink.tsx\" href=\"https:\/\/www.mtvuutiset.fi\/aihe\/jenni-poikelus\/7165300\" rel=\"nofollow noopener\" target=\"_blank\"><strong class=\"typography-bold\">Jenni Poikelus<\/strong><\/a><strong class=\"typography-bold\">\u00a0<\/strong>ja <a class=\"underline\" data-testid=\"internal-link\" role=\"link\" data-sentry-element=\"Link\" data-sentry-component=\"InternalLink\" data-sentry-source-file=\"InternalLink.tsx\" href=\"https:\/\/www.mtvuutiset.fi\/aihe\/benjamin-peltonen\/7143226\" rel=\"nofollow noopener\" target=\"_blank\"><strong class=\"typography-bold\">Benjamin Peltonen<\/strong><\/a>. Heid\u00e4n rinnallaan etsivin\u00e4 n\u00e4hd\u00e4\u00e4n joukko ex-hahmoja.\u00a0<\/p>\n<p>Starttijaksossa paneeliin liittyi <a class=\"underline\" data-testid=\"internal-link\" role=\"link\" data-sentry-element=\"Link\" data-sentry-component=\"InternalLink\" data-sentry-source-file=\"InternalLink.tsx\" href=\"https:\/\/www.mtvuutiset.fi\/aihe\/mikko-silvennoinen\/9150638\" rel=\"nofollow noopener\" target=\"_blank\"><strong class=\"typography-bold\">Mikko Silvennoinen<\/strong><\/a>.<\/p>\n<p>Lue my\u00f6s: <a class=\"underline\" data-testid=\"internal-link\" role=\"link\" data-sentry-element=\"Link\" data-sentry-component=\"InternalLink\" data-sentry-source-file=\"InternalLink.tsx\" href=\"https:\/\/www.mtvuutiset.fi\/artikkeli\/tassa-ovat-uudet-masked-singer-suomi-hahmot-mukana-pierumies-ja-mansikki\/9200226\" rel=\"nofollow noopener\" target=\"_blank\">T\u00e4ss\u00e4 ovat uudet Masked Singer Suomi -hahmot \u2013 mukana Pierumies ja Mansikki<\/a><\/p>\n<p>Hahmoista lavalle nousivat ensimm\u00e4iset kuusi, eli <strong class=\"typography-bold\">Mansikki, Riivi\u00f6, Kukkak\u00e4rp\u00e4nen, Poni, Kulkukoira<\/strong> ja <strong class=\"typography-bold\">Kameleontti<\/strong>.<\/p>\n<p>Maskinsa lopulta joutui poistamaan Poni. Etsiv\u00e4kolmikko ep\u00e4ili, ett\u00e4 maskin takaa l\u00f6ytyy <a class=\"underline\" data-testid=\"internal-link\" role=\"link\" data-sentry-element=\"Link\" data-sentry-component=\"InternalLink\" data-sentry-source-file=\"InternalLink.tsx\" href=\"https:\/\/www.mtvuutiset.fi\/aihe\/minna-parikka\/5236464\" rel=\"nofollow noopener\" target=\"_blank\"><strong class=\"typography-bold\">Minna Parikka<\/strong><\/a>, <a class=\"underline\" data-testid=\"internal-link\" role=\"link\" data-sentry-element=\"Link\" data-sentry-component=\"InternalLink\" data-sentry-source-file=\"InternalLink.tsx\" href=\"https:\/\/www.mtvuutiset.fi\/aihe\/sara-sieppi\/2839538\" rel=\"nofollow noopener\" target=\"_blank\"><strong class=\"typography-bold\">Sara Sieppi<\/strong><\/a>, <strong class=\"typography-bold\">Linda Juhola<\/strong> tai <a class=\"underline\" data-testid=\"internal-link\" role=\"link\" data-sentry-element=\"Link\" data-sentry-component=\"InternalLink\" data-sentry-source-file=\"InternalLink.tsx\" href=\"https:\/\/www.mtvuutiset.fi\/aihe\/rosanna-kulju\/6085530\" rel=\"nofollow noopener\" target=\"_blank\"><strong class=\"typography-bold\">Rosanna Kulju<\/strong><\/a>.\u00a0<\/p>\n<p><img alt=\"masked_singer_suomi_s7_eps1_008_poni_kuvaaja_saku_tiainen\" data-testid=\"crops-image\" class=\"h-full w-full object-cover transition duration-700 ease-in-out hover:scale-[1.05]\" fetchpriority=\"low\" loading=\"lazy\" width=\"1024\" height=\"576\" decoding=\"async\" style=\"color:transparent;background-size:cover;background-position:50% 50%;background-repeat:no-repeat;background-image:url(&quot;data:image\/svg+xml;base64,Cjxzdmcgd2lkdGg9IjEwMjQiIGhlaWdodD0iNTc2IiB2ZXJzaW9uPSIxLjEiIHhtbG5zPSJodHRwOi8vd3d3LnczLm9yZy8yMDAwL3N2ZyIgeG1sbnM6eGxpbms9Imh0dHA6Ly93d3cudzMub3JnLzE5OTkveGxpbmsiPgogIDxkZWZzPgogICAgPGxpbmVhckdyYWRpZW50IGlkPSJnIj4KICAgICAgPHN0b3Agc3RvcC1jb2xvcj0iIzBCMTgyMyIgb2Zmc2V0PSIyMCUiIC8+CiAgICAgIDxzdG9wIHN0b3AtY29sb3I9IiMxQTI3MzIiIG9mZnNldD0iNTAlIiAvPgogICAgICA8c3RvcCBzdG9wLWNvbG9yPSIjMEIxODIzIiBvZmZzZXQ9IjcwJSIgLz4KICAgIDwvbGluZWFyR3JhZGllbnQ+CiAgPC9kZWZzPgogIDxyZWN0IHdpZHRoPSIxMDI0IiBoZWlnaHQ9IjU3NiIgZmlsbD0iIzBCMTgyMyIgLz4KICA8cmVjdCBpZD0iciIgd2lkdGg9IjEwMjQiIGhlaWdodD0iNTc2IiBmaWxsPSJ1cmwoI2cpIiAvPgogIDxhbmltYXRlIHhsaW5rOmhyZWY9IiNyIiBhdHRyaWJ1dGVOYW1lPSJ4IiBmcm9tPSItMTAyNCIgdG89IjEwMjQiIGR1cj0iMXMiIHJlcGVhdENvdW50PSJpbmRlZmluaXRlIiAgLz4KPC9zdmc+&quot;)\" src=\"https:\/\/www.europesays.com\/fi\/wp-content\/uploads\/2025\/09\/1757183889_401_image\"\/>Masked Singer Suomi -Poni joutui poistamaan maskinsa.MTV OY \/ Saku Tiainen<\/p>\n<p>Lopulta vuoden 9996 Miss Suomi Lola Odusoga.\u00a0<\/p>\n<p>\u2013 Ei jumaleiss\u00f6n, Peltonen huudahti paljastumisen j\u00e4lkeen.\u00a0<\/p>\n<p>My\u00f6s muut panelistit olivat \u00e4imistyneit\u00e4 paljastuksesta.\u00a0<\/p>\n<p>\u2013 Minulle tuli sellainen olo, ett\u00e4 me tunnetaan. Ihan kuin oltaisiin joskus k\u00e4yty drinksuilla ja tehty t\u00f6it\u00e4 yhdess\u00e4. Ja me ollaan. mutta en tunnistanut mill\u00e4\u00e4n. Olet ihana, Silvennoinen julisti.\u00a0<\/p>\n<p>Odusoga paljasti laulaneensa kerran kappaleen elokuvaa varten \u2013 pakosta.\u00a0<\/p>\n<p>\u2013 T\u00e4m\u00e4 oli tosi paljon helpompaa Poni-hahmona, h\u00e4n hehkuttaa.\u00a0<\/p>\n<p><strong class=\"typography-bold\">Katso Ponin esitys ylh\u00e4\u00e4ll\u00e4 olevalta videolta!\u00a0<\/strong><\/p>\n<p>Masked Singer Suomi lauantaisin 19.30 alkaen <a class=\"underline\" data-testid=\"external-link\" href=\"https:\/\/www.mtv.fi\/ohjelma\/124c6b4c2e286b1f9e84\/masked-singer-suomi\" rel=\"noopener noreferrer nofollow\" data-sentry-component=\"ExternalLink\" data-sentry-source-file=\"ExternalLink.tsx\" target=\"_blank\">MTV Katsomossa<\/a> ja MTV3-kanavalla.<\/p>\n","protected":false},"excerpt":{"rendered":"Masked Singer Suomi -kauden ensimm\u00e4isess\u00e4 jaksossa Poni poisti maskinsa.\u00a0 Ile Uusivuoren luotsaaman Masked Singer Suomi\u00a0-sarjan 7. tuotantokausi starttasi&hellip;\n","protected":false},"author":2,"featured_media":27528,"comment_status":"","ping_status":"","sticky":false,"template":"","format":"standard","meta":{"footnotes":""},"categories":[133],"tags":[137,33,31,30,32,206,156,109],"class_list":{"0":"post-27527","1":"post","2":"type-post","3":"status-publish","4":"format-standard","5":"has-post-thumbnail","7":"category-televisiot","8":"tag-entertainment","9":"tag-fi","10":"tag-finland","11":"tag-finnish","12":"tag-suomi","13":"tag-televisiot","14":"tag-tv","15":"tag-viihde"},"share_on_mastodon":{"url":"","error":""},"_links":{"self":[{"href":"https:\/\/www.europesays.com\/fi\/wp-json\/wp\/v2\/posts\/27527","targetHints":{"allow":["GET"]}}],"collection":[{"href":"https:\/\/www.europesays.com\/fi\/wp-json\/wp\/v2\/posts"}],"about":[{"href":"https:\/\/www.europesays.com\/fi\/wp-json\/wp\/v2\/types\/post"}],"author":[{"embeddable":true,"href":"https:\/\/www.europesays.com\/fi\/wp-json\/wp\/v2\/users\/2"}],"replies":[{"embeddable":true,"href":"https:\/\/www.europesays.com\/fi\/wp-json\/wp\/v2\/comments?post=27527"}],"version-history":[{"count":0,"href":"https:\/\/www.europesays.com\/fi\/wp-json\/wp\/v2\/posts\/27527\/revisions"}],"wp:featuredmedia":[{"embeddable":true,"href":"https:\/\/www.europesays.com\/fi\/wp-json\/wp\/v2\/media\/27528"}],"wp:attachment":[{"href":"https:\/\/www.europesays.com\/fi\/wp-json\/wp\/v2\/media?parent=27527"}],"wp:term":[{"taxonomy":"category","embeddable":true,"href":"https:\/\/www.europesays.com\/fi\/wp-json\/wp\/v2\/categories?post=27527"},{"taxonomy":"post_tag","embeddable":true,"href":"https:\/\/www.europesays.com\/fi\/wp-json\/wp\/v2\/tags?post=27527"}],"curies":[{"name":"wp","href":"https:\/\/api.w.org\/{rel}","templated":true}]}}