{"id":275288,"date":"2026-06-12T23:59:10","date_gmt":"2026-06-12T23:59:10","guid":{"rendered":"https:\/\/www.europesays.com\/fi\/275288\/"},"modified":"2026-06-12T23:59:10","modified_gmt":"2026-06-12T23:59:10","slug":"yksi-ihminen-kuoli-raideliikenneonnettomuudessa-kangasalla-uutissuomalainen","status":"publish","type":"post","link":"https:\/\/www.europesays.com\/fi\/275288\/","title":{"rendered":"Yksi ihminen kuoli raideliikenneonnettomuudessa Kangasalla | Uutissuomalainen"},"content":{"rendered":"<p>Yksi ihminen on kuollut raideliikenneonnettomuudessa Kangasalla perjantaina. Sis\u00e4-Suomen poliisin tilannekeskuksesta vahvistetaan, ett\u00e4 asiassa on k\u00e4ynnistetty kuolemansyyntutkinta. Poliisi ei tiedota asiasta enemp\u00e4\u00e4.<\/p>\n<p>VR kertoi perjantaina kello 16.39 junaliikenteen keskeytyneen Tampereen ja Oriveden v\u00e4lill\u00e4 henkil\u00f6onnettomuuden vuoksi.<\/p>\n<p>Tilanne aiheutti poikkeusj\u00e4rjestelyit\u00e4 junaliikenteeseen.<\/p>\n<p>Uutista p\u00e4ivitetty 12.6.2026. kello 20.54: p\u00e4ivitetty tieto kuolemantapauksesta.<\/p>\n","protected":false},"excerpt":{"rendered":"Yksi ihminen on kuollut raideliikenneonnettomuudessa Kangasalla perjantaina. Sis\u00e4-Suomen poliisin tilannekeskuksesta vahvistetaan, ett\u00e4 asiassa on k\u00e4ynnistetty kuolemansyyntutkinta. Poliisi ei&hellip;\n","protected":false},"author":2,"featured_media":275289,"comment_status":"","ping_status":"","sticky":false,"template":"","format":"standard","meta":{"footnotes":"","_share_on_mastodon":"0"},"categories":[12],"tags":[22,23,26,27,33,31,30,17,104,2565,425,24,25,121,951,28,29,953,15,18,21,950,32,19,20,16],"class_list":["post-275288","post","type-post","status-publish","format-standard","has-post-thumbnail","category-suomi","tag-breaking-news","tag-breakingnews","tag-featured-news","tag-featurednews","tag-fi","tag-finland","tag-finnish","tag-headlines","tag-helsinki","tag-jamsa","tag-jyvaskyla","tag-latest-news","tag-latestnews","tag-liikenne-ja-kuljetus","tag-maaliikenne-putkijohtokuljetus","tag-main-news","tag-mainnews","tag-matkustajaliikenne","tag-news","tag-otsikot","tag-paauutiset","tag-raskas-liikenne","tag-suomi","tag-top-stories","tag-topstories","tag-uutiset"],"share_on_mastodon":{"url":"","error":""},"_links":{"self":[{"href":"https:\/\/www.europesays.com\/fi\/wp-json\/wp\/v2\/posts\/275288","targetHints":{"allow":["GET"]}}],"collection":[{"href":"https:\/\/www.europesays.com\/fi\/wp-json\/wp\/v2\/posts"}],"about":[{"href":"https:\/\/www.europesays.com\/fi\/wp-json\/wp\/v2\/types\/post"}],"author":[{"embeddable":true,"href":"https:\/\/www.europesays.com\/fi\/wp-json\/wp\/v2\/users\/2"}],"replies":[{"embeddable":true,"href":"https:\/\/www.europesays.com\/fi\/wp-json\/wp\/v2\/comments?post=275288"}],"version-history":[{"count":0,"href":"https:\/\/www.europesays.com\/fi\/wp-json\/wp\/v2\/posts\/275288\/revisions"}],"wp:featuredmedia":[{"embeddable":true,"href":"https:\/\/www.europesays.com\/fi\/wp-json\/wp\/v2\/media\/275289"}],"wp:attachment":[{"href":"https:\/\/www.europesays.com\/fi\/wp-json\/wp\/v2\/media?parent=275288"}],"wp:term":[{"taxonomy":"category","embeddable":true,"href":"https:\/\/www.europesays.com\/fi\/wp-json\/wp\/v2\/categories?post=275288"},{"taxonomy":"post_tag","embeddable":true,"href":"https:\/\/www.europesays.com\/fi\/wp-json\/wp\/v2\/tags?post=275288"}],"curies":[{"name":"wp","href":"https:\/\/api.w.org\/{rel}","templated":true}]}}