{"id":27542,"date":"2025-09-06T18:50:19","date_gmt":"2025-09-06T18:50:19","guid":{"rendered":"https:\/\/www.europesays.com\/fi\/27542\/"},"modified":"2025-09-06T18:50:19","modified_gmt":"2025-09-06T18:50:19","slug":"luonto-suomi-lintujen-syysmuutto-luonto-suomi","status":"publish","type":"post","link":"https:\/\/www.europesays.com\/fi\/27542\/","title":{"rendered":"Luonto-Suomi: Lintujen syysmuutto | Luonto-Suomi"},"content":{"rendered":"<p>58 min \u00b7 keskusteluohjelma \u00b7 asia \u00b7 hyv\u00e4ntuulinen \u00b7 havainnollistava <\/p>\n<p class=\"GenericHeader_description__xIOLt GenericHeader_descriptionMinimized__fxa1L\" dir=\"auto\">Lintujen syysmuuton salaisuuksia paljastetaan Luonto-Suomen l\u00e4hetyksess\u00e4, joka tulee Espoon Laajalahdelta. Kysy lintujen syksyst\u00e4 tai kerro parhaat havaintosi. Asiantuntijana l\u00e4hetyksess\u00e4 on Petteri Lehikoinen. Toimittajana paikan p\u00e4\u00e4ll\u00e4 on Juha Laaksonen ja studiossa Juha Blomberg. \u00c4\u00e4nisunnittelija Petri H\u00e5rdh.<\/p>\n<p>julkaistu<br \/>\nke 3.9.2025 k\u00e4ynnistyskerrat<br \/>\n3\u00a0083 <\/p>\n<p>Jaa ohjelmaLis\u00e4\u00e4 omalle listalle<\/p>\n","protected":false},"excerpt":{"rendered":"58 min \u00b7 keskusteluohjelma \u00b7 asia \u00b7 hyv\u00e4ntuulinen \u00b7 havainnollistava Lintujen syysmuuton salaisuuksia paljastetaan Luonto-Suomen l\u00e4hetyksess\u00e4, joka tulee&hellip;\n","protected":false},"author":2,"featured_media":6798,"comment_status":"","ping_status":"","sticky":false,"template":"","format":"standard","meta":{"footnotes":""},"categories":[117],"tags":[33,31,30,72,476,118,32,119,477],"class_list":{"0":"post-27542","1":"post","2":"type-post","3":"status-publish","4":"format-standard","5":"has-post-thumbnail","7":"category-luonto","8":"tag-fi","9":"tag-finland","10":"tag-finnish","11":"tag-luonto","12":"tag-nature","13":"tag-science","14":"tag-suomi","15":"tag-tiede","16":"tag-wildlife"},"share_on_mastodon":{"url":"","error":""},"_links":{"self":[{"href":"https:\/\/www.europesays.com\/fi\/wp-json\/wp\/v2\/posts\/27542","targetHints":{"allow":["GET"]}}],"collection":[{"href":"https:\/\/www.europesays.com\/fi\/wp-json\/wp\/v2\/posts"}],"about":[{"href":"https:\/\/www.europesays.com\/fi\/wp-json\/wp\/v2\/types\/post"}],"author":[{"embeddable":true,"href":"https:\/\/www.europesays.com\/fi\/wp-json\/wp\/v2\/users\/2"}],"replies":[{"embeddable":true,"href":"https:\/\/www.europesays.com\/fi\/wp-json\/wp\/v2\/comments?post=27542"}],"version-history":[{"count":0,"href":"https:\/\/www.europesays.com\/fi\/wp-json\/wp\/v2\/posts\/27542\/revisions"}],"wp:featuredmedia":[{"embeddable":true,"href":"https:\/\/www.europesays.com\/fi\/wp-json\/wp\/v2\/media\/6798"}],"wp:attachment":[{"href":"https:\/\/www.europesays.com\/fi\/wp-json\/wp\/v2\/media?parent=27542"}],"wp:term":[{"taxonomy":"category","embeddable":true,"href":"https:\/\/www.europesays.com\/fi\/wp-json\/wp\/v2\/categories?post=27542"},{"taxonomy":"post_tag","embeddable":true,"href":"https:\/\/www.europesays.com\/fi\/wp-json\/wp\/v2\/tags?post=27542"}],"curies":[{"name":"wp","href":"https:\/\/api.w.org\/{rel}","templated":true}]}}