{"id":27543,"date":"2025-09-06T19:01:11","date_gmt":"2025-09-06T19:01:11","guid":{"rendered":"https:\/\/www.europesays.com\/fi\/27543\/"},"modified":"2025-09-06T19:01:11","modified_gmt":"2025-09-06T19:01:11","slug":"taikuri-noora-karma-taas-uusi-elamanmuutos","status":"publish","type":"post","link":"https:\/\/www.europesays.com\/fi\/27543\/","title":{"rendered":"Taikuri Noora Karma \u2013 taas uusi el\u00e4m\u00e4nmuutos!"},"content":{"rendered":"<p>            ATTE KAJOVA\n        <\/p>\n<p class=\"subtitle \">Taikurina tutuksi tullut Noora Karma on j\u00e4lleen pist\u00e4nyt el\u00e4m\u00e4ns\u00e4 uusiksi.<\/p>\n<p class=\"article-content article-content-width !bg-background\">Taikurina tutuksi tullut  on karistanut Espanjan tomut<br \/>\njaloistaan ja muuttanut takaisin Suomeen yhdess\u00e4 aviomiehens\u00e4<br \/>\nkanssa.<\/p>\n<p class=\"font-weight-bold m-font-weight-bold article-content article-content-width !bg-background\">Arkistovideolla Noora Espanjassa:<\/p>\n<p>        <a itemprop=\"url\" href=\"https:\/\/www.seiska.fi\/kotimaa\/noora-karma-julkaisi-raakoja-kuvia-tasta-on-kyse\/1882675\" rel=\"nofollow noopener\" target=\"_blank\"><\/p>\n<p>\nEi herkille!\n<\/p>\n<p class=\"section-date\">\n        <strong class=\"article-section\" data-section=\"kotimaa\"><br \/>\n            kotimaa<br \/>\n        <\/strong><br \/>\n        29.7. 15:32\n    <\/p>\n<p>    Noora Karma julkaisi raakoja kuvia \u2013 t\u00e4st\u00e4 on kyse<\/p>\n<p itemprop=\"description\" class=\"subtitle \">\n    Raadeltu kirahvi joutui pedon ruuaksi.\n<\/p>\n<p>        <\/a><\/p>\n<p class=\"article-content article-content-width !bg-background\">\u2013 Ollaan oltu nyt viisi vuotta<br \/>\nyhdess\u00e4 ja ihan Facebookista l\u00f6ysimme toisemme, Noora kertoi  em\u00e4nn\u00f6imiss\u00e4\u00a0Domakers Finlandin 25-vuotisjuhlissa.<\/p>\n<p>Takaisin Sipooseen<\/p>\n<p class=\"article-content article-content-width !bg-background\">Pariskunta muutti yhdess\u00e4 lapsikatraansa kanssa muutama vuosi sitten Espanjaan, mutta t\u00e4ll\u00e4 er\u00e4\u00e4<br \/>\nEspanja on taakse j\u00e4\u00e4nytt\u00e4 el\u00e4m\u00e4\u00e4. <\/p>\n<p class=\"article-content article-content-width !bg-background\">\u2013 Peruin lasten koulupaikatkin sielt\u00e4<br \/>\nja nyt olemme muuttaneet takaisin Sipooseen, Noora jatkoi. <\/p>\n<p>                <img decoding=\"async\" src=\"https:\/\/www.europesays.com\/fi\/wp-content\/uploads\/2025\/09\/1921435.webp\" width=\"576\" height=\"720\" alt=\"Domakers 25-vuotisjuhlien kunniaksi Noora Karma oli pukeutunut kauniiseen satiinimekkoon. Vierell\u00e4 oma rakas aviomies Juha M\u00e4kel\u00e4.\" loading=\"lazy\" \/>            <\/p>\n<p>\n            Domakers 25-vuotisjuhlien kunniaksi Noora Karma oli pukeutunut kauniiseen satiinimekkoon. Vierell\u00e4 oma rakas aviomies Juha M\u00e4kel\u00e4.<br \/>\n            ATTE KAJOVA\n        <\/p>\n<p class=\"article-content article-content-width !bg-background\">Nooralla oli aiemmin Sipoossa omakotitalo jonka h\u00e4n oli laittanut myyntiin.<\/p>\n<p class=\"article-content article-content-width !bg-background\">\u2013 Talo ei mennyt kaupaksi, joten otin<br \/>\nsen pois myyntilistoilta. Siell\u00e4 nyt asumme. <\/p>\n<p>Uusi bisneskuvio<\/p>\n<p class=\"article-content article-content-width !bg-background\">Espanjantuliaisina Nooralla ja Juhalla on uusi bisneskuvio.<\/p>\n<p class=\"article-content article-content-width !bg-background\">\u2013 Tuomme Suomeen espanjalaisia<br \/>\nluomuviinej\u00e4. N\u00e4ist\u00e4 ryp\u00e4leist\u00e4 valmistettuja viinej\u00e4 ei ole aiemmin ollut<br \/>\nSuomessa. <\/p>\n<p>                <img decoding=\"async\" src=\"https:\/\/www.europesays.com\/fi\/wp-content\/uploads\/2025\/09\/1921450.webp\" width=\"576\" height=\"274\" alt=\"Tanja Finne on organisoinut julkkiskemuja Domakers-firmansa kautta jo 25 vuotta. Jos roudaria on tarvittu, silloin aviomies Juha on ollut apuna.\" loading=\"lazy\" \/>            <\/p>\n<p>\n            Tanja Finne on organisoinut julkkiskemuja Domakers-firmansa kautta jo 25 vuotta. Jos roudaria on tarvittu, silloin aviomies Juha on ollut apuna.<br \/>\n            ATTE KAJOVA\n        <\/p>\n<p class=\"article-content article-content-width !bg-background\">Noora kertoi, ett\u00e4 pariskunta py\u00f6ritteli viinien tuontia parin vuoden ajan.<\/p>\n<p class=\"article-content article-content-width !bg-background\">\u2013 Lopulta asiat l\u00e4htiv\u00e4t rullaamaan<br \/>\nalkuvuodesta. <\/p>\n<p>Noora ideoi &#8211; Juha excel\u00f6i<\/p>\n<p class=\"article-content article-content-width !bg-background\">Luonnollisesti ennen viinien valintoja pariskunta k\u00e4vi yhdess\u00e4<br \/>\nmaistelemassa eri valmistajien tuotteita. <\/p>\n<p class=\"article-content article-content-width !bg-background\">\u2013 Mutta nyt keskitymme viinien<br \/>\nmyymiseen, ei juomiseen, Noora naurahti.<\/p>\n<p>                <img decoding=\"async\" src=\"https:\/\/www.europesays.com\/fi\/wp-content\/uploads\/2025\/09\/1921463.webp\" width=\"576\" height=\"274\" alt=\"Domakersin juhlaillan juonsi tv-st\u00e4kin tuttu Ville Klinga. Vierell\u00e4 Jaana-vaimo.\" loading=\"lazy\" \/>            <\/p>\n<p>\n            Domakersin juhlaillan juonsi tv-st\u00e4kin tuttu Ville Klinga. Vierell\u00e4 Jaana-vaimo.<br \/>\n            ATTE KAJOVA\n        <\/p>\n<p class=\"article-content article-content-width !bg-background\">It-alalla ty\u00f6skentelev\u00e4 Juha my\u00f6nsi, ett\u00e4 Noora on heid\u00e4n suhteessaan se,<br \/>\njoka saa erilaisia ideoita p\u00e4\u00e4h\u00e4ns\u00e4. <\/p>\n<p>        <a itemprop=\"url\" href=\"https:\/\/www.seiska.fi\/kotimaa\/noora-karma-lahti-hurjalle-reissulle\/1877988\" rel=\"nofollow noopener\" target=\"_blank\"><\/p>\n<p>\nMik\u00e4 reissu!\n<\/p>\n<p class=\"section-date\">\n        <strong class=\"article-section\" data-section=\"kotimaa\"><br \/>\n            kotimaa<br \/>\n        <\/strong><br \/>\n        24.7. 12:30\n    <\/p>\n<p>    Noora Karma l\u00e4hti hurjalle reissulle<\/p>\n<p itemprop=\"description\" class=\"subtitle \">\n    Noora Karma l\u00e4hti eksoottiselle reissulle.\n<\/p>\n<p>        <\/a><\/p>\n<p class=\"article-content article-content-width !bg-background\">\u2013 Min\u00e4 saan olla v\u00e4h\u00e4n hullu taiteilija,<br \/>\nmutta Juha pit\u00e4\u00e4 sopivasti kurissa ja k\u00e4ytt\u00e4\u00e4 excel-taulukoita. Joita min\u00e4kin<br \/>\nolen oppinut jo v\u00e4hitellen lukemaan, Noora my\u00f6nsi.\u00a0<\/p>\n<p class=\"font-weight-bold m-font-weight-bold article-content article-content-width !bg-background\">Alla kuvakooste Domakers Finlandin 25-vuotisjuhlista.<\/p>\n<p>                <img decoding=\"async\" src=\"https:\/\/www.europesays.com\/fi\/wp-content\/uploads\/2025\/09\/1921501.webp\" width=\"576\" height=\"274\" alt=\"Pauliina Laitisen asun katseenvangitsijana toimi punainen vy\u00f6.\" loading=\"lazy\" \/>            <\/p>\n<p>\n            Pauliina Laitisen asun katseenvangitsijana toimi punainen vy\u00f6.<br \/>\n            ATTE KAJOVA\n        <\/p>\n<p>                <img decoding=\"async\" src=\"https:\/\/www.europesays.com\/fi\/wp-content\/uploads\/2025\/09\/1921491.webp\" width=\"576\" height=\"274\" alt=\"Sari Havas ja Risto-rakas ovat kuin kaksi marjaa ja edelleen umpirakastuneita.\" loading=\"lazy\" \/>            <\/p>\n<p>\n            Sari Havas ja Risto-rakas ovat kuin kaksi marjaa ja edelleen umpirakastuneita.<br \/>\n            ATTE KAJOVA\n        <\/p>\n<p>                <img decoding=\"async\" src=\"https:\/\/www.europesays.com\/fi\/wp-content\/uploads\/2025\/09\/1921488.webp\" width=\"576\" height=\"720\" alt=\"Mikko T\u00f6yssy oli yksi illan esiintyjist\u00e4 ja hurmasi oopperalaulullaan. Vierell\u00e4 yst\u00e4v\u00e4 ja kollega Mikael Konttinen.\" loading=\"lazy\" \/>            <\/p>\n<p>\n            Mikko T\u00f6yssy oli yksi illan esiintyjist\u00e4 ja hurmasi oopperalaulullaan. Vierell\u00e4 yst\u00e4v\u00e4 ja kollega Mikael Konttinen.<br \/>\n            ATTE KAJOVA\n        <\/p>\n<p>                <img decoding=\"async\" src=\"https:\/\/www.europesays.com\/fi\/wp-content\/uploads\/2025\/09\/1921486.webp\" width=\"576\" height=\"274\" alt=\"Nina Mikkosen juhlaeleganssiin kuului r\u00e4v\u00e4kk\u00e4 pinkki mekko.\" loading=\"lazy\" \/>            <\/p>\n<p>\n            Nina Mikkosen juhlaeleganssiin kuului r\u00e4v\u00e4kk\u00e4 pinkki mekko.<br \/>\n            ATTE KAJOVA\n        <\/p>\n<p>                <img decoding=\"async\" src=\"https:\/\/www.europesays.com\/fi\/wp-content\/uploads\/2025\/09\/1921484.webp\" width=\"576\" height=\"720\" alt=\"Entinen keih\u00e4snainen Mikaela Ingberg viihtyi juhlahumussa pinkiss\u00e4 asussa.\" loading=\"lazy\" \/>            <\/p>\n<p>\n            Entinen keih\u00e4snainen Mikaela Ingberg viihtyi juhlahumussa pinkiss\u00e4 asussa.<br \/>\n            ATTE KAJOVA\n        <\/p>\n<p>                <img decoding=\"async\" src=\"https:\/\/www.europesays.com\/fi\/wp-content\/uploads\/2025\/09\/1921478.webp\" width=\"576\" height=\"274\" alt=\"Kotivideoista tuttu tv-stara Sampo Marjomaa oli yksi kutsuvieraista.\" loading=\"lazy\" \/>            <\/p>\n<p>\n            Kotivideoista tuttu tv-stara Sampo Marjomaa oli yksi kutsuvieraista.<br \/>\n            ATTE KAJOVA\n        <\/p>\n<p>                <img decoding=\"async\" src=\"https:\/\/www.europesays.com\/fi\/wp-content\/uploads\/2025\/09\/1921538.webp\" width=\"576\" height=\"274\" alt=\"Pitk\u00e4n uran Kymmenen uutisissa tehnyt Pirjo Nuotio nauttii el\u00e4kep\u00e4ivist\u00e4. Vierell\u00e4 el\u00e4m\u00e4nkumppani Reijo Markku.\" loading=\"lazy\" \/>            <\/p>\n<p>\n            Pitk\u00e4n uran Kymmenen uutisissa tehnyt Pirjo Nuotio nauttii el\u00e4kep\u00e4ivist\u00e4. Vierell\u00e4 el\u00e4m\u00e4nkumppani Reijo Markku.<br \/>\n            ATTE KAJOVA\n        <\/p>\n<p>                <img decoding=\"async\" src=\"https:\/\/www.europesays.com\/fi\/wp-content\/uploads\/2025\/09\/1921532.webp\" width=\"576\" height=\"720\" alt=\"Marko Bj\u00f6rs yritti illan aina j\u00e4rjest\u00e4\u00e4 sinkkunaisille treffej\u00e4, mutta onnistuiko h\u00e4n, sit\u00e4 ei tiedet\u00e4. Markon vierell\u00e4 laulaja Sonja Lumme.\" loading=\"lazy\" \/>            <\/p>\n<p>\n            Marko Bj\u00f6rs yritti illan aina j\u00e4rjest\u00e4\u00e4 sinkkunaisille treffej\u00e4, mutta onnistuiko h\u00e4n, sit\u00e4 ei tiedet\u00e4. Markon vierell\u00e4 laulaja Sonja Lumme.<br \/>\n            ATTE KAJOVA\n        <\/p>\n<p>                <img decoding=\"async\" src=\"https:\/\/www.europesays.com\/fi\/wp-content\/uploads\/2025\/09\/1921525.webp\" width=\"576\" height=\"274\" alt=\"Janus ja Sarianna Hanski nauttivat illan tunnelmasta.\" loading=\"lazy\" \/>            <\/p>\n<p>\n            Janus ja Sarianna Hanski nauttivat illan tunnelmasta.<br \/>\n            ATTE KAJOVA\n        <\/p>\n<p>                <img decoding=\"async\" src=\"https:\/\/www.europesays.com\/fi\/wp-content\/uploads\/2025\/09\/1921510.webp\" width=\"576\" height=\"720\" alt=\"Sami Kuronen ja Anni Iham\u00e4ki saapuivat yhdess\u00e4 juhliin. Annin Ilkka-mies, hovimuusikkona tutuksi tullut muusikko, oli yksi illan esiintyjist\u00e4.\" loading=\"lazy\" \/>            <\/p>\n<p>\n            Sami Kuronen ja Anni Iham\u00e4ki saapuivat yhdess\u00e4 juhliin. Annin Ilkka-mies, hovimuusikkona tutuksi tullut muusikko, oli yksi illan esiintyjist\u00e4.<br \/>\n            ATTE KAJOVA\n        <\/p>\n<p>                <img decoding=\"async\" src=\"https:\/\/www.europesays.com\/fi\/wp-content\/uploads\/2025\/09\/1921506.webp\" width=\"576\" height=\"720\" alt=\"Merja Larivaara (oik.) kertoi olleensa mediapaastolla. Sen h\u00e4n oli kuullut, ett\u00e4 teatterikorkeakoulun rehtorista, jo edesmenneest\u00e4 Jouko Turkasta ilmestyy syksyll\u00e4 per\u00e4ti kolme kirjaa. Merja on ollut yksi Turkan oppilaista. - Uutinen ei her\u00e4tt\u00e4nyt ei mit\u00e4\u00e4n ajatuksia, Merja totesi. Juhlakaverina Merjalla oli balettitanssija Jaana Puuponen.\" loading=\"lazy\" \/>            <\/p>\n<p>\n            Merja Larivaara (oik.) kertoi olleensa mediapaastolla. Sen h\u00e4n oli kuullut, ett\u00e4 teatterikorkeakoulun rehtorista, jo edesmenneest\u00e4 Jouko Turkasta ilmestyy syksyll\u00e4 per\u00e4ti kolme kirjaa. Merja on ollut yksi Turkan oppilaista. &#8211; Uutinen ei her\u00e4tt\u00e4nyt ei mit\u00e4\u00e4n ajatuksia, Merja totesi. Juhlakaverina Merjalla oli balettitanssija Jaana Puuponen.<br \/>\n            ATTE KAJOVA\n        <\/p>\n","protected":false},"excerpt":{"rendered":"ATTE KAJOVA Taikurina tutuksi tullut Noora Karma on j\u00e4lleen pist\u00e4nyt el\u00e4m\u00e4ns\u00e4 uusiksi. Taikurina tutuksi tullut on karistanut Espanjan&hellip;\n","protected":false},"author":2,"featured_media":27544,"comment_status":"","ping_status":"","sticky":false,"template":"","format":"standard","meta":{"footnotes":""},"categories":[136],"tags":[407,8581,137,1819,33,31,30,8580,408,8582,8579,98,2293,32,8583,109],"class_list":{"0":"post-27543","1":"post","2":"type-post","3":"status-publish","4":"format-standard","5":"has-post-thumbnail","7":"category-julkkikset","8":"tag-celebrities","9":"tag-domakers-finland","10":"tag-entertainment","11":"tag-espanja","12":"tag-fi","13":"tag-finland","14":"tag-finnish","15":"tag-juha-makela","16":"tag-julkkikset","17":"tag-luomuviinit","18":"tag-noora-karma","19":"tag-perhe","20":"tag-sipoo","21":"tag-suomi","22":"tag-tanja-finne","23":"tag-viihde"},"share_on_mastodon":{"url":"","error":""},"_links":{"self":[{"href":"https:\/\/www.europesays.com\/fi\/wp-json\/wp\/v2\/posts\/27543","targetHints":{"allow":["GET"]}}],"collection":[{"href":"https:\/\/www.europesays.com\/fi\/wp-json\/wp\/v2\/posts"}],"about":[{"href":"https:\/\/www.europesays.com\/fi\/wp-json\/wp\/v2\/types\/post"}],"author":[{"embeddable":true,"href":"https:\/\/www.europesays.com\/fi\/wp-json\/wp\/v2\/users\/2"}],"replies":[{"embeddable":true,"href":"https:\/\/www.europesays.com\/fi\/wp-json\/wp\/v2\/comments?post=27543"}],"version-history":[{"count":0,"href":"https:\/\/www.europesays.com\/fi\/wp-json\/wp\/v2\/posts\/27543\/revisions"}],"wp:featuredmedia":[{"embeddable":true,"href":"https:\/\/www.europesays.com\/fi\/wp-json\/wp\/v2\/media\/27544"}],"wp:attachment":[{"href":"https:\/\/www.europesays.com\/fi\/wp-json\/wp\/v2\/media?parent=27543"}],"wp:term":[{"taxonomy":"category","embeddable":true,"href":"https:\/\/www.europesays.com\/fi\/wp-json\/wp\/v2\/categories?post=27543"},{"taxonomy":"post_tag","embeddable":true,"href":"https:\/\/www.europesays.com\/fi\/wp-json\/wp\/v2\/tags?post=27543"}],"curies":[{"name":"wp","href":"https:\/\/api.w.org\/{rel}","templated":true}]}}