{"id":27545,"date":"2025-09-06T19:04:09","date_gmt":"2025-09-06T19:04:09","guid":{"rendered":"https:\/\/www.europesays.com\/fi\/27545\/"},"modified":"2025-09-06T19:04:09","modified_gmt":"2025-09-06T19:04:09","slug":"lola-odusoga-on-masked-singer-suomen-poni","status":"publish","type":"post","link":"https:\/\/www.europesays.com\/fi\/27545\/","title":{"rendered":"Lola Odusoga on Masked Singer Suomen Poni"},"content":{"rendered":"<p>Varo juonipaljastuksia! Ensimm\u00e4inen Masked Singer -hahmo joutui poistamaan maskinsa. Yll\u00e4tys oli suuri, kun maskin takaa paljastui hyvin tuttu t\u00e4hti.<\/p>\n<p class=\"article-body margin-bottom-24 padding-x-16\">Masked Singer Suomen ensimm\u00e4isess\u00e4 jaksossa lauantaina arvuuteltiin j\u00e4lleen keit\u00e4 tunnettuja suomalaisia on piilossa maskien takan. Jaksossa esiintyiv\u00e4t Mansikki, Riivi\u00f6, Kukkak\u00e4rp\u00e4nen, Poni, Kulkukoira ja Kameleontti.<\/p>\n<p class=\"article-body margin-bottom-24 padding-x-16\">\u00c4l\u00e4 lue juttua pidemm\u00e4lle, jos halua n\u00e4hd\u00e4 juonipaljastuksia.<\/p>\n<p class=\"article-body margin-bottom-24 padding-x-16\">Illan p\u00e4\u00e4tteeksi yksi hahmoista joutui j\u00e4tt\u00e4m\u00e4\u00e4n kisan. Maskin joutui riisumaan Poni, joka esitti jaksossa <a class=\"article-personlink\" href=\"https:\/\/www.is.fi\/haku\/?query=Adam%20Lambertin\" rel=\"nofollow noopener\" target=\"_blank\">Adam Lambertin<\/a> Ghost town -kappaleen.<\/p>\n<p class=\"article-body margin-bottom-24 padding-x-16\">Ponin vihjevideolla h\u00e4n k\u00e4veli muotin\u00e4yt\u00f6ksess\u00e4 ja kertoi olevansa valovoimainen, utelias ja seikkailunhaluinen<\/p>\n<p class=\"article-body margin-bottom-24 padding-x-16\">\u2013 Olen voimakastahtoinen ja m\u00e4\u00e4r\u00e4tietoinen ja rakastan olla el\u00e4m\u00e4ni ohjaksissa. Olen yst\u00e4v\u00e4llinen ja lempe\u00e4 poni, joka rakastaa estetiikkaa, Poni kertoi.<\/p>\n<p><img decoding=\"async\" src=\"https:\/\/www.europesays.com\/fi\/wp-content\/uploads\/2025\/09\/1757185448_533_468.jpg\" alt=\"Ponin henkil\u00f6llisyys paljastui Masked Singerin ensimm\u00e4isess\u00e4 jaksossa.\" class=\"_Img_tdqg8_1\" style=\"aspect-ratio:0.8\" loading=\"eager\"\/><\/p>\n<p class=\"article-picture-caption\">Ponin henkil\u00f6llisyys paljastui Masked Singerin ensimm\u00e4isess\u00e4 jaksossa. Kuva:\u00a0MTV Oy<\/p>\n<p class=\"article-body margin-bottom-24 padding-x-16\">Poni mainitsi sopeutuvansa mihin vain paitsi kuolettavan tyls\u00e4\u00e4n arkeen. H\u00e4n on my\u00f6s nautiskelija ja el\u00e4\u00e4 tunteella.<\/p>\n<p class=\"article-body margin-bottom-24 padding-x-16\">Ponin maskin takaa paljastui yksi Suomen tunnetuimmista misseist\u00e4: vuoden 1996 Miss Suomi <a class=\"article-personlink\" href=\"https:\/\/www.is.fi\/haku\/?query=Lola%20Odusoga\" rel=\"nofollow noopener\" target=\"_blank\">Lola Odusoga<\/a>. H\u00e4n sijoittui aikanaan my\u00f6s kolmanneksi Miss Universum -kisassa.<\/p>\n<p class=\"article-body margin-bottom-24 padding-x-16\">Yll\u00e4tys oli valtava, sill\u00e4 kukaan panelisti ei arvannut kuka Poni on.<\/p>\n<p class=\"article-body margin-bottom-24 padding-x-16\">Kilpailun panelistit <a class=\"article-personlink\" href=\"https:\/\/www.is.fi\/haku\/?query=Jenni%20Poikelus\" rel=\"nofollow noopener\" target=\"_blank\">Jenni Poikelus<\/a>, <a class=\"article-personlink\" href=\"https:\/\/www.is.fi\/haku\/?query=Janne%20Kataja\" rel=\"nofollow noopener\" target=\"_blank\">Janne Kataja<\/a> ja <a class=\"article-personlink\" href=\"https:\/\/www.is.fi\/haku\/?query=Benjamin%20Peltonen\" rel=\"nofollow noopener\" target=\"_blank\">Benjamin Peltonen<\/a> olivat kaikki eri linjoilla siit\u00e4, kuka poni voisi olla. My\u00f6s vieraileva panelisti <a class=\"article-personlink\" href=\"https:\/\/www.is.fi\/haku\/?query=Mikko%20Silvennoinen\" rel=\"nofollow noopener\" target=\"_blank\">Mikko Silvennoinen<\/a> heitti keh\u00e4\u00e4n oman arvauksensa.<\/p>\n<p class=\"article-body margin-bottom-24 padding-x-16\">\u2013 N\u00e4\u00e4 vihjeet ei antanut mulle mit\u00e4\u00e4n nime\u00e4&#8230; Benjamin Peltonen tuskaili.<\/p>\n<p class=\"article-body margin-bottom-24 padding-x-16\">\u2013 Villi veikkaus t\u00e4h\u00e4n on nyt jostain syyst\u00e4 <a class=\"article-personlink\" href=\"https:\/\/www.is.fi\/haku\/?query=Julianna%20Jokela\" rel=\"nofollow noopener\" target=\"_blank\">Julianna Jokela<\/a>.<\/p>\n<p class=\"article-body margin-bottom-24 padding-x-16\">Janne Kataja taas arveli, ett\u00e4 maskin takana voisi olla niin ik\u00e4\u00e4n radiojuontaja <a class=\"article-personlink\" href=\"https:\/\/www.is.fi\/haku\/?query=Minna%20Kuukka\" rel=\"nofollow noopener\" target=\"_blank\">Minna Kuukka<\/a> tai kenk\u00e4suunnittelija <a class=\"article-personlink\" href=\"https:\/\/www.is.fi\/haku\/?query=Minna%20Parikka\" rel=\"nofollow noopener\" target=\"_blank\">Minna Parikka<\/a>.<\/p>\n<p class=\"article-body margin-bottom-24 padding-x-16\">\u2013 Oisko Poni <a class=\"article-personlink\" href=\"https:\/\/www.is.fi\/haku\/?query=Sini%20Sabotage\" rel=\"nofollow noopener\" target=\"_blank\">Sini Sabotage<\/a>, Jenni Poikelus ep\u00e4ili ensin, mutta arveli lopulta hahmoa <a class=\"article-personlink\" href=\"https:\/\/www.is.fi\/haku\/?query=Sara%20Siepiksi\" rel=\"nofollow noopener\" target=\"_blank\">Sara Siepiksi<\/a>.<\/p>\n<p class=\"article-body margin-bottom-24 padding-x-16\">My\u00f6s Peltonen vaihtoi arvaustaan ja uskoi, ett\u00e4 maskin takana olisi <a class=\"article-personlink\" href=\"https:\/\/www.is.fi\/haku\/?query=Rosanna%20Kulju\" rel=\"nofollow noopener\" target=\"_blank\">Rosanna Kulju<\/a>.<\/p>\n<p class=\"article-body margin-bottom-24 padding-x-16\">Mikko Silvennoinen arveli, ett\u00e4 Poni olisi joku bloggaaja. H\u00e4n oli sit\u00e4 mielt\u00e4, ett\u00e4 kyseess\u00e4 olisi <a class=\"article-personlink\" href=\"https:\/\/www.is.fi\/haku\/?query=Linda%20Juhola\" rel=\"nofollow noopener\" target=\"_blank\">Linda Juhola<\/a>.<\/p>\n<p><img decoding=\"async\" src=\"https:\/\/www.europesays.com\/fi\/wp-content\/uploads\/2025\/09\/1757185449_726_468.jpg\" alt=\"Panelistit eiv\u00e4t olleet uskoa silmi\u00e4\u00e4n, kun Poni poisti maskinsa.\" class=\"_Img_tdqg8_1\" style=\"aspect-ratio:1.5035238841033673\" loading=\"eager\"\/><\/p>\n<p class=\"article-picture-caption\">Panelistit eiv\u00e4t olleet uskoa silmi\u00e4\u00e4n, kun Poni poisti maskinsa. Kuva:\u00a0MTV Oy<\/p>\n<p class=\"article-body margin-bottom-24 padding-x-16\">Kun totuus paljastui, olivat panelistit p\u00e4\u00e4ll\u00e4 puuhun ly\u00f6tyj\u00e4.<\/p>\n<p class=\"article-body margin-bottom-24 padding-x-16\">\u2013 Mit\u00e4 kummaa? Poikelus ihmetteli.<\/p>\n<p class=\"article-body margin-bottom-24 padding-x-16\">\u2013 Jumaleiss\u00f6n! Benjamin Peltonen parkaisi.<\/p>\n<p class=\"article-body margin-bottom-24 padding-x-16\">Sek\u00e4 Mikko Silvennoinen ett\u00e4 Janne Kataja my\u00f6nsiv\u00e4t tuntevansa Odusogan melko hyvin. Erityisesti Katajan kohdalla Odusoga oli ihmeiss\u00e4\u00e4n, ettei juontaja tunnistanut h\u00e4nt\u00e4.<\/p>\n<p class=\"article-body margin-bottom-24 padding-x-16\">\u2013 Voi ett\u00e4, siis Lola! Kataja p\u00e4ivitteli.<\/p>\n<p class=\"article-body margin-bottom-24 padding-x-16\">\u2013 T\u00e4\u00e4 on h\u00e4mment\u00e4v\u00e4\u00e4, koska me tunnetaan Lolan kanssa aika hyvin.<\/p>\n<p class=\"article-body margin-bottom-24 padding-x-16\">\u2013 Sulla on niin paljon mun \u00e4\u00e4niviestej\u00e4, ett\u00e4 miten s\u00e4 et tunne? Odusoga ihmetteli.<\/p>\n<p class=\"article-body nof-ui-body-medium margin-bottom-24 padding-x-16\">Masked Singer Suomi lauantaisin klo 19.30 MTV3-kanavalla ja Katsomossa.<\/p>\n","protected":false},"excerpt":{"rendered":"Varo juonipaljastuksia! Ensimm\u00e4inen Masked Singer -hahmo joutui poistamaan maskinsa. Yll\u00e4tys oli suuri, kun maskin takaa paljastui hyvin tuttu&hellip;\n","protected":false},"author":2,"featured_media":27546,"comment_status":"","ping_status":"","sticky":false,"template":"","format":"standard","meta":{"footnotes":""},"categories":[133],"tags":[137,33,31,30,34,32,206,156,109],"class_list":{"0":"post-27545","1":"post","2":"type-post","3":"status-publish","4":"format-standard","5":"has-post-thumbnail","7":"category-televisiot","8":"tag-entertainment","9":"tag-fi","10":"tag-finland","11":"tag-finnish","12":"tag-ilta-sanomat","13":"tag-suomi","14":"tag-televisiot","15":"tag-tv","16":"tag-viihde"},"share_on_mastodon":{"url":"","error":""},"_links":{"self":[{"href":"https:\/\/www.europesays.com\/fi\/wp-json\/wp\/v2\/posts\/27545","targetHints":{"allow":["GET"]}}],"collection":[{"href":"https:\/\/www.europesays.com\/fi\/wp-json\/wp\/v2\/posts"}],"about":[{"href":"https:\/\/www.europesays.com\/fi\/wp-json\/wp\/v2\/types\/post"}],"author":[{"embeddable":true,"href":"https:\/\/www.europesays.com\/fi\/wp-json\/wp\/v2\/users\/2"}],"replies":[{"embeddable":true,"href":"https:\/\/www.europesays.com\/fi\/wp-json\/wp\/v2\/comments?post=27545"}],"version-history":[{"count":0,"href":"https:\/\/www.europesays.com\/fi\/wp-json\/wp\/v2\/posts\/27545\/revisions"}],"wp:featuredmedia":[{"embeddable":true,"href":"https:\/\/www.europesays.com\/fi\/wp-json\/wp\/v2\/media\/27546"}],"wp:attachment":[{"href":"https:\/\/www.europesays.com\/fi\/wp-json\/wp\/v2\/media?parent=27545"}],"wp:term":[{"taxonomy":"category","embeddable":true,"href":"https:\/\/www.europesays.com\/fi\/wp-json\/wp\/v2\/categories?post=27545"},{"taxonomy":"post_tag","embeddable":true,"href":"https:\/\/www.europesays.com\/fi\/wp-json\/wp\/v2\/tags?post=27545"}],"curies":[{"name":"wp","href":"https:\/\/api.w.org\/{rel}","templated":true}]}}