{"id":275510,"date":"2026-06-13T06:32:20","date_gmt":"2026-06-13T06:32:20","guid":{"rendered":"https:\/\/www.europesays.com\/fi\/275510\/"},"modified":"2026-06-13T06:32:20","modified_gmt":"2026-06-13T06:32:20","slug":"demokraatit-pyorittavat-nyt-uhkarohkeaa-koetta-jonka-keskiossa-on-tama-natsitatuoitu-mies-ulkomaat","status":"publish","type":"post","link":"https:\/\/www.europesays.com\/fi\/275510\/","title":{"rendered":"Demokraatit py\u00f6ritt\u00e4v\u00e4t nyt uhka\u00adrohkeaa koetta, jonka keski\u00f6ss\u00e4 on t\u00e4m\u00e4 natsi\u00adtatuoitu mies | Ulkomaat"},"content":{"rendered":"<p class=\"aw__sc-1qwuw0s-0 aw__sc-ngllmo-0 epAWpq fzYpjk yle__article__paragraph\"><strong class=\"aw__sc-ngllmo-2 gdRrun yle__article__strong\">SULLIVAN<\/strong> Miss\u00e4 se paha poika oikein piileskelee?<\/p>\n<p class=\"aw__sc-1qwuw0s-0 aw__sc-ngllmo-0 epAWpq fzYpjk yle__article__paragraph\">Senaattoriehdokas <strong class=\"aw__sc-ngllmo-2 gdRrun yle__article__strong\">Graham Platner<\/strong> on kadonnut kuin maan nielem\u00e4n\u00e4.<\/p>\n<p class=\"aw__sc-1qwuw0s-0 aw__sc-ngllmo-0 epAWpq fzYpjk yle__article__paragraph\">Mainen osavaltiossa on vaalip\u00e4iv\u00e4, mutta Platner ei kampanjoi miss\u00e4\u00e4n. Eik\u00e4 t\u00e4\u00e4ll\u00e4 Platnerin pieness\u00e4 kotikyl\u00e4ss\u00e4 Sullivanissa kukaan tied\u00e4, miss\u00e4 Yhdysvaltain t\u00e4m\u00e4n hetken kuumin vaaliehdokas lymy\u00e4\u00e4.<\/p>\n<p class=\"aw__sc-1qwuw0s-0 aw__sc-ngllmo-0 epAWpq fzYpjk yle__article__paragraph\">Reilun miljoonan asukkaan Maine Yhdysvaltain koilliskolkassa valitsee nyt demokraattipuolueelle osavaltionsa senaattoriehdokkaan, joka asettuu syksyn vaaleissa kilpasille republikaanien ehdokkaan kanssa.<\/p>\n<p class=\"aw__sc-1qwuw0s-0 aw__sc-ngllmo-0 epAWpq fzYpjk yle__article__paragraph\">Yhdysvalloissa k\u00e4yd\u00e4\u00e4n parhaillaan esivaaleja, joissa puolueet valitsevat ehdokkaansa syksyn kongressivaaleihin.<\/p>\n<p class=\"aw__sc-1qwuw0s-0 aw__sc-ngllmo-0 epAWpq fzYpjk yle__article__paragraph\">Platner on noussut esivaalikauden kohutuimmaksi nimeksi. H\u00e4n on viett\u00e4nyt viime p\u00e4iv\u00e4t Washingtonissa puhumassa demokraattien johtohahmoille, jotta he eiv\u00e4t asettuisi yhteistuumin h\u00e4nt\u00e4 vastaan juuri ennen maaliviivaa.<\/p>\n<p class=\"aw__sc-1qwuw0s-0 aw__sc-ngllmo-0 epAWpq fzYpjk yle__article__paragraph\">Ent\u00e4 paikalliset, tukevatko he yh\u00e4 omaa poikaa, jonka jatkuvat h\u00f6lm\u00f6ilyt saattavat maksaa demokraateille kongressin hallinnan?<\/p>\n<p><img decoding=\"async\" alt=\"Kaksi venett\u00e4 seilaa satamassa.\" src=\"https:\/\/www.europesays.com\/fi\/wp-content\/uploads\/2026\/06\/1781039062.jpeg\" loading=\"lazy\" class=\"aw__sc-dklauk-0 LPzKX\"\/><\/p>\n<p>Avaa kuvien katselu<\/p>\n<p>Kanadan rajan l\u00e4heisyydess\u00e4 Mainessa maisemat muistuttavat usein kes\u00e4ist\u00e4 Pohjolaa. Kuva: Josefin Flemmich \/ Yle<img decoding=\"async\" alt=\"Pyydystetty hummeri veneess\u00e4.\" src=\"https:\/\/www.europesays.com\/fi\/wp-content\/uploads\/2026\/06\/1781039083.jpeg\" loading=\"lazy\" class=\"aw__sc-dklauk-0 LPzKX\"\/><\/p>\n<p>Avaa kuvien katselu<\/p>\n<p>Mainen kulttuurin ja talouden keski\u00f6ss\u00e4 ovat amerikanhummerit. Kuva: Josefin Flemmich \/ Yle<\/p>\n<p>Maine on demokraateille pakkovoitto<\/p>\n<p class=\"aw__sc-1qwuw0s-0 aw__sc-ngllmo-0 epAWpq fzYpjk yle__article__paragraph\">Jos demokraatit aikovat rajoittaa presidentti <strong class=\"aw__sc-ngllmo-2 gdRrun yle__article__strong\">Donald Trumpin<\/strong> valtaa marraskuun v\u00e4livaaleissa, heid\u00e4n on k\u00e4yt\u00e4nn\u00f6ss\u00e4 pakko voittaa Mainen senaattorikisa.<\/p>\n<p class=\"aw__sc-1qwuw0s-0 aw__sc-ngllmo-0 epAWpq fzYpjk yle__article__paragraph\">Maine on \u00e4\u00e4nest\u00e4nyt demokraattia presidentiksi joka kerta vuodesta 1992, mutta k\u00e4sitt\u00e4m\u00e4tt\u00f6m\u00e4sti puolue ei ole voittanut senaattorivaalia osavaltiossa l\u00e4hes 40 vuoteen.<\/p>\n<p class=\"aw__sc-1qwuw0s-0 aw__sc-ngllmo-0 epAWpq fzYpjk yle__article__paragraph\">T\u00e4ll\u00e4 kertaa republikaaneilla on kuitenkin vaikeaa, koska Trumpin kannatus on ymp\u00e4ri maata ja erityisesti Mainessa vajonnut pohjamutiin.<\/p>\n<p class=\"aw__sc-1qwuw0s-0 aw__sc-ngllmo-0 epAWpq fzYpjk yle__article__paragraph\">Demokraattien piti vain valita ehdokkaakseen tuttu ja turvallinen ehdokas, ja sellainen l\u00f6ytyikin: osavaltion nykyinen kuvern\u00f6\u00f6ri <strong class=\"aw__sc-ngllmo-2 gdRrun yle__article__strong\">Janet Mills<\/strong>, joka ei her\u00e4t\u00e4 suuria tunteita puolesta tai vastaan.<\/p>\n<p class=\"aw__sc-1qwuw0s-0 aw__sc-ngllmo-0 epAWpq fzYpjk yle__article__paragraph\">Mutta sitten alkoi kuulua 43-vuotiaasta Irakin sodan veteraanista ja osterifarmarista, jolla ei ole mink\u00e4\u00e4nlaista poliittista kokemusta mutta joka kiert\u00e4\u00e4 ymp\u00e4ri maita ja mantuja lupaamassa pist\u00e4\u00e4 miljard\u00f6\u00f6rien ja urapoliitikkojen valta kuriin.<\/p>\n<p class=\"aw__sc-1qwuw0s-0 aw__sc-ngllmo-0 epAWpq fzYpjk yle__article__paragraph\">Demokraattien puoluejohdon j\u00e4rkytykseksi risupartainen ja nukkavieru Platner nousi gallupeissa selv\u00e4sti Millsin ohi.<\/p>\n<p class=\"aw__sc-1qwuw0s-0 aw__sc-ngllmo-0 epAWpq fzYpjk yle__article__paragraph\">Lopulta Mills j\u00e4tti pelin kesken huhtikuussa, kun n\u00f6yryytt\u00e4v\u00e4 tappio Platnerille alkoi h\u00e4\u00e4m\u00f6tt\u00e4\u00e4. Osterikasvattajan tie demokraattien vaalisankariksi on siis auki.<\/p>\n<p class=\"aw__sc-1qwuw0s-0 aw__sc-ngllmo-0 epAWpq fzYpjk yle__article__paragraph\">Sitten alkoi kohujen vyyhti.<\/p>\n<p><img decoding=\"async\" alt=\"Vaalimainos tien varressa.\" src=\"https:\/\/www.europesays.com\/fi\/wp-content\/uploads\/2026\/06\/1781039070.jpeg\" loading=\"lazy\" class=\"aw__sc-dklauk-0 LPzKX\"\/><\/p>\n<p>Avaa kuvien katselu<\/p>\n<p>Kotikutoisella kampanjalla noussut Graham Platner haastaa senaattorivaalissa republikaanien Susan Collinsin, joka on toiminut senaattorina l\u00e4hes 30 vuotta. Kuva: Josefin Flemmich \/ Yle<\/p>\n<p>Natsitatuointi ja uskottomuutta<\/p>\n<p class=\"aw__sc-1qwuw0s-0 aw__sc-ngllmo-0 epAWpq fzYpjk yle__article__paragraph\">Ensin paljastuivat vanhat nettikirjoitukset, joista l\u00f6ytyy homofobiaa, naisvihaa ja rasismia.<\/p>\n<p class=\"aw__sc-1qwuw0s-0 aw__sc-ngllmo-0 epAWpq fzYpjk yle__article__paragraph\">Eniten huomiota saaneessa viestiss\u00e4 Platner vihjasi, ett\u00e4 raiskatuksi joutuminen olisi oma vika.<\/p>\n<p class=\"aw__sc-1qwuw0s-0 aw__sc-ngllmo-0 epAWpq fzYpjk yle__article__paragraph\">Sitten paljastui, ett\u00e4 Platner oli tatuoinut rintaansa natsisymbolin. Ei hakaristi\u00e4, vaan tuhoamisleirej\u00e4 vartioineiden SS-joukkojen p\u00e4\u00e4kallosymbolin.<\/p>\n<p class=\"aw__sc-1qwuw0s-0 aw__sc-ngllmo-0 epAWpq fzYpjk yle__article__paragraph\">Platner selvisi ensimm\u00e4isist\u00e4 kohuista sanomalla, ett\u00e4 Irakin sodasta kotiin palattuaan h\u00e4n poti traumaper\u00e4ist\u00e4 stressih\u00e4iri\u00f6t\u00e4, mik\u00e4 sai h\u00e4net toimimaan hullusti.<\/p>\n<p class=\"aw__sc-1qwuw0s-0 aw__sc-ngllmo-0 epAWpq fzYpjk yle__article__paragraph\">H\u00e4n on v\u00e4itt\u00e4nyt, ett\u00e4 ei ymm\u00e4rt\u00e4nyt aikanaan p\u00e4\u00e4kallon merkityst\u00e4 ja muokkasi siksi tatuointia viime vuoden lopulla.<\/p>\n<p class=\"aw__sc-1qwuw0s-0 aw__sc-ngllmo-0 epAWpq fzYpjk yle__article__paragraph\">Platner meni kolme vuotta sitten naimisiin, ja h\u00e4n on amerikkalaiseen tyyliin tuonut vaimonsa n\u00e4kyv\u00e4sti esille vaalikampanjassaan. Muutama viikko sitten kuitenkin paljastui, ett\u00e4 Platner on l\u00e4hett\u00e4nyt useille naisille flirttailevia viestej\u00e4 nykyisess\u00e4 avioliitossaan.<\/p>\n<p class=\"aw__sc-1qwuw0s-0 aw__sc-ngllmo-0 epAWpq fzYpjk yle__article__paragraph\">Kohujen kasautuessa moni demokraatti vaatii Platneria luopumaan ehdokkuudestaan, mukaan lukien osa <a class=\"aw__sc-ngllmo-1 bTDnwX yle__article__link\" href=\"https:\/\/www.washingtonpost.com\/opinions\/2026\/06\/08\/graham-platner-maine-us-senate-primary-bid-sends-dubious-message\/\" role=\"link\" rel=\"nofollow noopener\" target=\"_blank\">h\u00e4nen kampanjassaan<\/a> aiemmin ty\u00f6skennelleist\u00e4 ihmisist\u00e4. Platner on pysynyt lujana.<\/p>\n<p>Kohuehdokas kunnollisesta kyl\u00e4st\u00e4<\/p>\n<p class=\"aw__sc-1qwuw0s-0 aw__sc-ngllmo-0 epAWpq fzYpjk yle__article__paragraph\">Sullivanin ainoan ison tien varressa sijaitseva kaupungintalo toimii kyl\u00e4n \u00e4\u00e4nestyspaikkana.<\/p>\n<p class=\"aw__sc-1qwuw0s-0 aw__sc-ngllmo-0 epAWpq fzYpjk yle__article__paragraph\">T\u00e4\u00e4ll\u00e4 kaikki tuntevat kaikki. Platnerin \u00e4iti <strong class=\"aw__sc-ngllmo-2 gdRrun yle__article__strong\">Leslie Harlow<\/strong> piti vuosien ajan tien varressa ravintolaa, joten monet muistavat, milt\u00e4 t\u00e4t\u00e4 nyky\u00e4 raavas mies n\u00e4ytti lapsena.<\/p>\n<p class=\"aw__sc-1qwuw0s-0 aw__sc-ngllmo-0 epAWpq fzYpjk yle__article__paragraph\">\u2013 Vein h\u00e4net lapsena mets\u00e4st\u00e4m\u00e4\u00e4n villikalkkunoita, muistelee <strong class=\"aw__sc-ngllmo-2 gdRrun yle__article__strong\">Charles Hall<\/strong>.<\/p>\n<p class=\"aw__sc-1qwuw0s-0 aw__sc-ngllmo-0 epAWpq fzYpjk yle__article__paragraph\">Hall on pettynyt Platnerista tihkuneisiin paljastuksiin. Valtakunnan politiikan pit\u00e4isi houkutella kunnollisia ehdokkaita, h\u00e4n ajattelee.<\/p>\n<p class=\"aw__sc-1qwuw0s-0 aw__sc-ngllmo-0 epAWpq fzYpjk yle__article__paragraph\">\u2013 Ei ole mit\u00e4\u00e4n mahdollisuutta, ett\u00e4 \u00e4\u00e4nest\u00e4isin Platneria, sanoo Hall.<\/p>\n<p><img decoding=\"async\" alt=\"Mies seisoo ulkona kaupungintalon edess\u00e4.\" src=\"https:\/\/www.europesays.com\/fi\/wp-content\/uploads\/2026\/06\/1781039151.jpeg\" loading=\"lazy\" class=\"aw__sc-dklauk-0 LPzKX\"\/><\/p>\n<p>Avaa kuvien katselu<\/p>\n<p>Charles Hall sanoo, ett\u00e4 Platner k\u00e4ytt\u00e4\u00e4 sodan kokemuksia tekosyyn\u00e4, jotta ihmiset hyv\u00e4ksyisiv\u00e4t h\u00e4nen huonon k\u00e4yt\u00f6ksens\u00e4. Kuva: Josefin Flemmich \/ Yle<img decoding=\"async\" alt=\"Sullivanin kaupungintalo tien varressa.\" src=\"https:\/\/www.europesays.com\/fi\/wp-content\/uploads\/2026\/06\/1781039115.jpeg\" loading=\"lazy\" class=\"aw__sc-dklauk-0 LPzKX\"\/><\/p>\n<p>Avaa kuvien katselu<\/p>\n<p>Sullivanin kaupungintalolla k\u00e4y asukaslukuun suhteutettuna vilkas kuhina \u00e4\u00e4nest\u00e4ji\u00e4. Kuva: Josefin Flemmich \/ Yle<\/p>\n<p class=\"aw__sc-1qwuw0s-0 aw__sc-ngllmo-0 epAWpq fzYpjk yle__article__paragraph\"><strong class=\"aw__sc-ngllmo-2 gdRrun yle__article__strong\">David Grant<\/strong> sanoo puolestaan, ett\u00e4 h\u00e4nt\u00e4 eiv\u00e4t Platnerin seksiskandaalit jaksa kiinnostaa. Niit\u00e4 nyt on ollut poliitikoilla aina.<\/p>\n<p class=\"aw__sc-1qwuw0s-0 aw__sc-ngllmo-0 epAWpq fzYpjk yle__article__paragraph\">Grant kuitenkin kuvailee Platnerin lupauksia halvaksi populismiksi, jolla ei senaattiin ole asiaa.<\/p>\n<p class=\"aw__sc-1qwuw0s-0 aw__sc-ngllmo-0 epAWpq fzYpjk yle__article__paragraph\">\u2013 Ei vain pid\u00e4 paikkaansa, ett\u00e4 kaikki Mainen ongelmat olisivat parin miljard\u00f6\u00f6rin syyt\u00e4.<\/p>\n<p class=\"aw__sc-1qwuw0s-0 aw__sc-ngllmo-0 epAWpq fzYpjk yle__article__paragraph\"><strong class=\"aw__sc-ngllmo-2 gdRrun yle__article__strong\">Paikalliset kommentoivat videolla Platnerin skandaaleja:<\/strong><\/p>\n<p class=\"aw__sc-1qwuw0s-0 aw__sc-ngllmo-0 epAWpq fzYpjk yle__article__paragraph\">Moni Platnerin kannattaja sanoo, ett\u00e4 skandaalit ovat kiusallisia, mutta mies sent\u00e4\u00e4n on avoimesti my\u00f6nt\u00e4nyt toimineensa nuorempana v\u00e4\u00e4rin.<\/p>\n<p class=\"aw__sc-1qwuw0s-0 aw__sc-ngllmo-0 epAWpq fzYpjk yle__article__paragraph\">\u2013 H\u00e4n on kertonut avoimesti hakeutumisestaan terapiaan, ja se n\u00e4ytt\u00e4\u00e4 muille hyv\u00e4\u00e4 esimerkki\u00e4, sanoo <strong class=\"aw__sc-ngllmo-2 gdRrun yle__article__strong\">Nadine Murphy<\/strong>.<\/p>\n<p><img decoding=\"async\" alt=\"Nainen sinisiss\u00e4 vaatteissa seisoo ulkona.\" src=\"https:\/\/www.europesays.com\/fi\/wp-content\/uploads\/2026\/06\/1781059078.jpeg\" loading=\"lazy\" class=\"aw__sc-dklauk-0 LPzKX\"\/><\/p>\n<p>Avaa kuvien katselu<\/p>\n<p>Nadine Murphy tuntee Sullivanin ihmiset hyvin, sill\u00e4 h\u00e4n piirt\u00e4\u00e4 kyl\u00e4n jokaiselle asukkaalle vuosittain syntym\u00e4p\u00e4iv\u00e4kortin. Murphy luottaa Platneriin. Kuva: Josefin Flemmich \/ Yle<img decoding=\"async\" alt=\"Vanhempi mies seisoo donitsi k\u00e4dess\u00e4\u00e4n.\" src=\"https:\/\/www.europesays.com\/fi\/wp-content\/uploads\/2026\/06\/1781039043.jpeg\" loading=\"lazy\" class=\"aw__sc-dklauk-0 LPzKX\"\/><\/p>\n<p>Avaa kuvien katselu<\/p>\n<p>Vaalidonitsia sy\u00f6v\u00e4 Christine Ryan sanoo Platnerin lupausten olevan tyhj\u00e4\u00e4 t\u00e4ynn\u00e4, joten h\u00e4n aikoo \u00e4\u00e4nest\u00e4\u00e4 syksyll\u00e4 republikaani Collinsia. Kuva: Josefin Flemmich \/ Yle<\/p>\n<p class=\"aw__sc-1qwuw0s-0 aw__sc-ngllmo-0 epAWpq fzYpjk yle__article__paragraph\">Jatkamme matkaa pieneen satamaan, jonne lipuu puolenp\u00e4iv\u00e4n aikoihin veneit\u00e4 t\u00e4ynn\u00e4 hummereita.<\/p>\n<p class=\"aw__sc-1qwuw0s-0 aw__sc-ngllmo-0 epAWpq fzYpjk yle__article__paragraph\">Satamaa py\u00f6ritt\u00e4v\u00e4 <strong class=\"aw__sc-ngllmo-2 gdRrun yle__article__strong\">Bryan Cummings<\/strong> sanoo, ett\u00e4 t\u00e4\u00e4ll\u00e4 on ehdoton kielto puhua politiikkaa, eik\u00e4 satamassa vaalijulisteita n\u00e4y.<\/p>\n<p><img decoding=\"async\" alt=\"Mies ja nainen pit\u00e4v\u00e4t hummereita k\u00e4dess\u00e4\u00e4n veneess\u00e4.\" src=\"https:\/\/www.europesays.com\/fi\/wp-content\/uploads\/2026\/06\/1781039076.jpeg\" loading=\"lazy\" class=\"aw__sc-dklauk-0 LPzKX\"\/><\/p>\n<p>Avaa kuvien katselu<\/p>\n<p>Aamun saalis on ollut kohtuullinen, satamaan saapuvat kertovat. Kuva: Josefin Flemmich \/ Yle<img decoding=\"async\" alt=\"Mies seisoo harmaassa t-paidassa satamassa.\" src=\"https:\/\/www.europesays.com\/fi\/wp-content\/uploads\/2026\/06\/1781039036.jpeg\" loading=\"lazy\" class=\"aw__sc-dklauk-0 LPzKX\"\/><\/p>\n<p>Avaa kuvien katselu<\/p>\n<p>Bryan Cummings sanoo, ett\u00e4 poliittiset riidat ovat aiheuttaneet satamassa liian monta tappelua. Kuva: Josefin Flemmich \/ Yle<\/p>\n<p class=\"aw__sc-1qwuw0s-0 aw__sc-ngllmo-0 epAWpq fzYpjk yle__article__paragraph\">Sataman miehet tuntuvat hieman py\u00f6rittelev\u00e4n p\u00e4\u00e4t\u00e4\u00e4n, kun kysymme Platnerin osterifarmista. Se ei ole ollut mik\u00e4\u00e4n kunnon tulonl\u00e4hde.<\/p>\n<p class=\"aw__sc-1qwuw0s-0 aw__sc-ngllmo-0 epAWpq fzYpjk yle__article__paragraph\"><a class=\"aw__sc-ngllmo-1 bTDnwX yle__article__link\" href=\"https:\/\/www.nytimes.com\/2026\/05\/15\/us\/politics\/platner-maine-senate-working-class.html\" role=\"link\" rel=\"nofollow noopener\" target=\"_blank\">Sanomalehdiss\u00e4<\/a> on kirjoiteltu viime aikoina, ett\u00e4 osterit ovat olleet todellisuudessa Platnerille vain harrastus ja suurin asiakas on ollut oma \u00e4iti.<\/p>\n<p><img decoding=\"async\" alt=\"Mies ty\u00f6skentelee satamassa.\" src=\"https:\/\/www.europesays.com\/fi\/wp-content\/uploads\/2026\/06\/1781332338_601_1781039062.jpeg\" loading=\"lazy\" class=\"aw__sc-dklauk-0 LPzKX\"\/><\/p>\n<p>Avaa kuvien katselu<\/p>\n<p>Maine on maan keskivertoa k\u00f6yhempi osavaltio, jossa kallistuvat arjen kustannukset ovat \u00e4\u00e4nest\u00e4jien suurin huoli. Kuva: Josefin Flemmich \/ Yle<\/p>\n<p class=\"aw__sc-1qwuw0s-0 aw__sc-ngllmo-0 epAWpq fzYpjk yle__article__paragraph\">L\u00e4hdemme ajamaan satamasta kohti Leslie-\u00e4idin vanhaa ravintolaa.<\/p>\n<p class=\"aw__sc-1qwuw0s-0 aw__sc-ngllmo-0 epAWpq fzYpjk yle__article__paragraph\">L\u00e4hell\u00e4 n\u00e4kyy parkkeerattuna suuri punainen lava-auto. Kookas lippisp\u00e4inen mies juttelee kuistilla istuskelevan perheen kanssa.<\/p>\n<p class=\"aw__sc-1qwuw0s-0 aw__sc-ngllmo-0 epAWpq fzYpjk yle__article__paragraph\">N\u00e4ytt\u00e4\u00e4 ihan Platnerilta!<\/p>\n<p class=\"aw__sc-1qwuw0s-0 aw__sc-ngllmo-0 epAWpq fzYpjk yle__article__paragraph\">Teemme u-k\u00e4\u00e4nn\u00f6ksen ja j\u00e4\u00e4mme odottamaan tien varteen.<\/p>\n<p class=\"aw__sc-1qwuw0s-0 aw__sc-ngllmo-0 epAWpq fzYpjk yle__article__paragraph\">Mies palaa kuistilta tielle. Kyll\u00e4, h\u00e4n on ihan oikea Platner.<\/p>\n<p><img decoding=\"async\" alt=\"Demokraattien senaattoriehdokas Graham Platner autonsa luona Mainessa.\" src=\"https:\/\/www.europesays.com\/fi\/wp-content\/uploads\/2026\/06\/1781041088.jpeg\" loading=\"lazy\" class=\"aw__sc-dklauk-0 LPzKX\"\/><\/p>\n<p>Avaa kuvien katselu<\/p>\n<p>Graham Platner l\u00f6ytyy h\u00e4nen lapsuutensa maisemista. Kuva: Ilmari Reunam\u00e4ki \/ Yle<\/p>\n<p class=\"aw__sc-1qwuw0s-0 aw__sc-ngllmo-0 epAWpq fzYpjk yle__article__paragraph\">\u2013 Graham, olisiko sinulla minuutti aikaa suomalaisille toimittajille?<\/p>\n<p class=\"aw__sc-1qwuw0s-0 aw__sc-ngllmo-0 epAWpq fzYpjk yle__article__paragraph\">Platner h\u00e4tk\u00e4ht\u00e4\u00e4 ja k\u00e4velee rivakasti autonsa ovelle, mutta jatkaa jutustelua.<\/p>\n<p class=\"aw__sc-1qwuw0s-0 aw__sc-ngllmo-0 epAWpq fzYpjk yle__article__paragraph\">\u2013 Suomesta? Ettek\u00f6s te ole kovia tarkka-ampujia?<\/p>\n<p class=\"aw__sc-1qwuw0s-0 aw__sc-ngllmo-0 epAWpq fzYpjk yle__article__paragraph\">\u2013 Kyll\u00e4 vain. Meill\u00e4 oli <strong class=\"aw__sc-ngllmo-2 gdRrun yle__article__strong\">Simo H\u00e4yh\u00e4<\/strong>&#8230;<\/p>\n<p class=\"aw__sc-1qwuw0s-0 aw__sc-ngllmo-0 epAWpq fzYpjk yle__article__paragraph\">Platner kertoo halunneensa aina k\u00e4yd\u00e4 Suomessa, mutta on toistaiseksi ehtinyt vain Norjaan asti.<\/p>\n<p class=\"aw__sc-1qwuw0s-0 aw__sc-ngllmo-0 epAWpq fzYpjk yle__article__paragraph\">\u2013 Pahoittelen, nyt ei ole kunnolla aikaa. Olen pyhitt\u00e4nyt viimeisen p\u00e4iv\u00e4n oviin koputtelulle t\u00e4\u00e4ll\u00e4, Platner sanoo.<\/p>\n<p class=\"aw__sc-1qwuw0s-0 aw__sc-ngllmo-0 epAWpq fzYpjk yle__article__paragraph\">P\u00e4\u00e4st\u00e4mme stressaantuneen miehen jatkamaan vaality\u00f6t\u00e4\u00e4n.<\/p>\n<p><img decoding=\"async\" alt=\"Demokraattien senaattoriehdokas Graham Platner Mainessa.\" src=\"https:\/\/www.europesays.com\/fi\/wp-content\/uploads\/2026\/06\/1781039108.jpeg\" loading=\"lazy\" class=\"aw__sc-dklauk-0 LPzKX\"\/><\/p>\n<p>Avaa kuvien katselu<\/p>\n<p>Platnerin vaalip\u00e4iv\u00e4 kuluu kotikyl\u00e4ss\u00e4 kampanjoidessa. Lyhyen tapaamisen j\u00e4lkeen h\u00e4n l\u00e4hett\u00e4\u00e4 Ylelle kutsun illan vaalivalvojaisiin. Kuva: Josefin Flemmich \/ Yle<\/p>\n<p>Hurmoksellinen tunnelma vaalivalvojaisissa<\/p>\n<p class=\"aw__sc-1qwuw0s-0 aw__sc-ngllmo-0 epAWpq fzYpjk yle__article__paragraph\">Illalla Platnerin vaalivalvojaisiin paikallisen nuorisotalon saliin on pakkautunut muutama sata kampanja-avustajaa ja kannattajaa.<\/p>\n<p class=\"aw__sc-1qwuw0s-0 aw__sc-ngllmo-0 epAWpq fzYpjk yle__article__paragraph\">Heti vaalihuoneistojen sulkeuduttua on selv\u00e4\u00e4, ett\u00e4 Platner voittaa demokraattien ehdokkuuden ylivoimaisesti. Viime hetken kannatuksen sulamista ei tapahtunut.<\/p>\n<p class=\"aw__sc-1qwuw0s-0 aw__sc-ngllmo-0 epAWpq fzYpjk yle__article__paragraph\">Kampanjav\u00e4ki alkaa huudattaa hurmoksellista yleis\u00f6\u00e4.<\/p>\n<p class=\"aw__sc-1qwuw0s-0 aw__sc-ngllmo-0 epAWpq fzYpjk yle__article__paragraph\">\u2013 H\u00e4nt\u00e4 vastaan heitettiin kaikki mahdollinen! Ei toiminut!<\/p>\n<p class=\"aw__sc-1qwuw0s-0 aw__sc-ngllmo-0 epAWpq fzYpjk yle__article__paragraph\">\u2013 H\u00e4n ei taivu, emmek\u00e4 mek\u00e4\u00e4n!<\/p>\n<p class=\"aw__sc-1qwuw0s-0 aw__sc-ngllmo-0 epAWpq fzYpjk yle__article__paragraph\">Platnerin \u00e4iti nousee lavalle. H\u00e4n vakuuttaa, ett\u00e4 h\u00e4nen poikansa voittaa vihdoin ja viimein osavaltion demokraateille.<\/p>\n<p class=\"aw__sc-1qwuw0s-0 aw__sc-ngllmo-0 epAWpq fzYpjk yle__article__paragraph\">Sitten huojentuneen n\u00e4k\u00f6inen Platner nousee lavalle. H\u00e4n aloittaa voitonpuheensa tunteikkaana, mutta p\u00e4\u00e4tyy pian uhmaan.<\/p>\n<p class=\"aw__sc-1qwuw0s-0 aw__sc-ngllmo-0 epAWpq fzYpjk yle__article__paragraph\">\u2013 He yritt\u00e4v\u00e4t lyt\u00e4t\u00e4 minut, mutta mik\u00e4\u00e4n ei pys\u00e4yt\u00e4 meit\u00e4!<\/p>\n<p class=\"aw__sc-1qwuw0s-0 aw__sc-ngllmo-0 epAWpq fzYpjk yle__article__paragraph\">\u2013 Taistelen teid\u00e4n puolestanne!<\/p>\n<p class=\"aw__sc-1qwuw0s-0 aw__sc-ngllmo-0 epAWpq fzYpjk yle__article__paragraph\">Me vastaan ne -puheet ovat kuin suoraan Trumpin kampanjatilaisuuksista. Platner julistaa olevansa kuitenkin juuri se mies, joka pystyy pist\u00e4m\u00e4\u00e4n presidentin kuriin.<\/p>\n<p><img decoding=\"async\" alt=\"Graham Platner vaimonsa kanssa lavalla.\" src=\"https:\/\/www.europesays.com\/fi\/wp-content\/uploads\/2026\/06\/1781061736.jpeg\" loading=\"lazy\" class=\"aw__sc-dklauk-0 LPzKX\"\/><\/p>\n<p>Avaa kuvien katselu<\/p>\n<p>Graham Platner ja h\u00e4nen vaimonsa Amy Gertner nousevat lavalle pienen mutta hurmoksellisen yleis\u00f6n eteen. Kuva: Josefin Flemmich \/ Yle<img decoding=\"async\" alt=\"Graham Platner lavalla.\" src=\"https:\/\/www.europesays.com\/fi\/wp-content\/uploads\/2026\/06\/1781062086.jpeg\" loading=\"lazy\" class=\"aw__sc-dklauk-0 LPzKX\"\/><\/p>\n<p>Avaa kuvien katselu<\/p>\n<p>Platner liikuttuu kannattajien h\u00e4nelle antamasta tuesta skandaalien v\u00e4ritt\u00e4mien viikkojen j\u00e4lkeen. Kuva: Josefin Flemmich \/ Yle<\/p>\n<p class=\"aw__sc-1qwuw0s-0 aw__sc-ngllmo-0 epAWpq fzYpjk yle__article__paragraph\">Platner on nyt paljon vartijana. Jos luurankoja l\u00f6ytyy kaapista viel\u00e4 lis\u00e4\u00e4, demokraattien tie senaatin hallitsemiseksi voi tyss\u00e4t\u00e4 h\u00e4neen.<\/p>\n<p class=\"aw__sc-1qwuw0s-0 aw__sc-ngllmo-0 epAWpq fzYpjk yle__article__paragraph\">Mutta jos karismaattinen paha poika voittaa, demokraatit p\u00e4\u00e4ttelev\u00e4t, ett\u00e4 puolue todella tarvitsee oman Trumpin.<\/p>\n","protected":false},"excerpt":{"rendered":"SULLIVAN Miss\u00e4 se paha poika oikein piileskelee? Senaattoriehdokas Graham Platner on kadonnut kuin maan nielem\u00e4n\u00e4. Mainen osavaltiossa on&hellip;\n","protected":false},"author":2,"featured_media":275511,"comment_status":"","ping_status":"","sticky":false,"template":"","format":"standard","meta":{"footnotes":"","_share_on_mastodon":"0"},"categories":[14],"tags":[22,23,26,27,33,31,30,17,24,25,28,37358,29,15,18,21,32,19,20,56,4125,16,59,60,61,619,5091,6290],"class_list":["post-275510","post","type-post","status-publish","format-standard","has-post-thumbnail","category-ulkomaat","tag-breaking-news","tag-breakingnews","tag-featured-news","tag-featurednews","tag-fi","tag-finland","tag-finnish","tag-headlines","tag-latest-news","tag-latestnews","tag-main-news","tag-maine","tag-mainnews","tag-news","tag-otsikot","tag-paauutiset","tag-suomi","tag-top-stories","tag-topstories","tag-ulkomaat","tag-usa","tag-uutiset","tag-world","tag-world-news","tag-worldnews","tag-yhdysvallat","tag-yhdysvaltain-kongressi","tag-yhdysvaltain-valivaalit"],"share_on_mastodon":{"url":"https:\/\/pubeurope.com\/@fi\/116741403850914451","error":""},"_links":{"self":[{"href":"https:\/\/www.europesays.com\/fi\/wp-json\/wp\/v2\/posts\/275510","targetHints":{"allow":["GET"]}}],"collection":[{"href":"https:\/\/www.europesays.com\/fi\/wp-json\/wp\/v2\/posts"}],"about":[{"href":"https:\/\/www.europesays.com\/fi\/wp-json\/wp\/v2\/types\/post"}],"author":[{"embeddable":true,"href":"https:\/\/www.europesays.com\/fi\/wp-json\/wp\/v2\/users\/2"}],"replies":[{"embeddable":true,"href":"https:\/\/www.europesays.com\/fi\/wp-json\/wp\/v2\/comments?post=275510"}],"version-history":[{"count":0,"href":"https:\/\/www.europesays.com\/fi\/wp-json\/wp\/v2\/posts\/275510\/revisions"}],"wp:featuredmedia":[{"embeddable":true,"href":"https:\/\/www.europesays.com\/fi\/wp-json\/wp\/v2\/media\/275511"}],"wp:attachment":[{"href":"https:\/\/www.europesays.com\/fi\/wp-json\/wp\/v2\/media?parent=275510"}],"wp:term":[{"taxonomy":"category","embeddable":true,"href":"https:\/\/www.europesays.com\/fi\/wp-json\/wp\/v2\/categories?post=275510"},{"taxonomy":"post_tag","embeddable":true,"href":"https:\/\/www.europesays.com\/fi\/wp-json\/wp\/v2\/tags?post=275510"}],"curies":[{"name":"wp","href":"https:\/\/api.w.org\/{rel}","templated":true}]}}