{"id":275514,"date":"2026-06-13T06:34:14","date_gmt":"2026-06-13T06:34:14","guid":{"rendered":"https:\/\/www.europesays.com\/fi\/275514\/"},"modified":"2026-06-13T06:34:14","modified_gmt":"2026-06-13T06:34:14","slug":"vaarinkasitys-ansiosidonnaisesta-tyottomyysturvasta-elaa-yha-sitkeasti-liitot-eivat-tahdo-tata-mielikuvaa-aktiivisesti-oikaista","status":"publish","type":"post","link":"https:\/\/www.europesays.com\/fi\/275514\/","title":{"rendered":"V\u00e4\u00e4rink\u00e4sitys ansiosidonnaisesta ty\u00f6tt\u00f6myysturvasta el\u00e4\u00e4 yh\u00e4 sitke\u00e4sti \u2013 \u201dLiitot eiv\u00e4t tahdo t\u00e4t\u00e4 mielikuvaa aktiivisesti oikaista\u201d"},"content":{"rendered":"<p class=\"gb-ingress__content\">\n\t\t\t\tRunsas nelj\u00e4nnes ty\u00f6el\u00e4m\u00e4ss\u00e4 olevista luulee yh\u00e4, ett\u00e4 ansiosidonnainen ty\u00f6tt\u00f6myysturva edellytt\u00e4\u00e4 ammattiliiton j\u00e4senyytt\u00e4.\t\t\t<\/p>\n<p>27 prosenttia ty\u00f6el\u00e4m\u00e4ss\u00e4 olevista luulee edelleen, ett\u00e4 ansiosidonnainen turva edellytt\u00e4\u00e4 liittoon kuulumista. Asia selvi\u00e4\u00e4 Suomen Yritt\u00e4jien teett\u00e4m\u00e4st\u00e4 Ty\u00f6el\u00e4m\u00e4gallupista.<\/p>\n<p>\u2013 Suomalaisten keskuudessa el\u00e4\u00e4 sitke\u00e4 k\u00e4sitys, ett\u00e4 vain ammattiliiton j\u00e4senyys takaa ansiosidonnaisen turvan. Ammattiliitot eiv\u00e4t tahdo t\u00e4t\u00e4 mielikuvaa aktiivisesti oikaista, Suomen Yritt\u00e4jien toimitusjohtaja <strong>Mikael Pentik\u00e4inen<\/strong> sanoo.<\/p>\n<p>Ty\u00f6el\u00e4m\u00e4gallupiin vastasi toukokuussa kaikkiaan 1\u202f098 ty\u00f6el\u00e4m\u00e4ss\u00e4 mukana olevaa, jotka ovat joko palkansaajia, yritt\u00e4ji\u00e4 tai ty\u00f6tt\u00f6mi\u00e4.<\/p>\n<p>Liittojen j\u00e4senyyden lasku kiihtyy<\/p>\n<p>Ammattiliittojen j\u00e4senm\u00e4\u00e4r\u00e4 on v\u00e4hentynyt selv\u00e4sti viime vuosina. Ty\u00f6el\u00e4m\u00e4ss\u00e4 olevista 53 prosenttia kuuluu ammattiliittoon, kun viel\u00e4 kes\u00e4kuussa 2018 osuus oli 65 prosenttia. Kyseess\u00e4 on Ty\u00f6el\u00e4m\u00e4gallupin mittaushistorian selv\u00e4sti matalin luku.<\/p>\n<p>\u2013 Yksityisell\u00e4 sektorilla ja j\u00e4rjest\u00f6iss\u00e4 enemmist\u00f6 suomalaisista on jo liittojen ulkopuolella. T\u00e4m\u00e4 on yksi keskeinen muutos suomalaisessa ty\u00f6el\u00e4m\u00e4ss\u00e4, toimitusjohtaja Pentik\u00e4inen sanoo.<\/p>\n<p>\u2013 Ammattiliittojen j\u00e4senyyden lasku on ollut nopeaa. Siksi on t\u00e4rke\u00e4\u00e4, ett\u00e4 ty\u00f6paikoilla ei esimerkiksi paikallisessa sopimisessa suosita j\u00e4rjest\u00e4ytyneit\u00e4 vaan kaikki ovat yhdenvertaisessa asemassa. T\u00e4m\u00e4 on yksi t\u00e4rke\u00e4 syy v\u00e4hent\u00e4\u00e4 korporaatioiden valtaa ty\u00f6el\u00e4m\u00e4ss\u00e4.<\/p>\n<p>Yleisin syy olla kuulumatta ammattiliittoon on liian korkea hinta. Kriittisyys j\u00e4senyyden hinnalle on lis\u00e4\u00e4ntynyt selv\u00e4sti tammikuusta 2024 32 prosentista 46 prosenttiin.<\/p>\n<p>Parempien ty\u00f6ehtojen merkitys liittoon kuulumiselle on hieman v\u00e4hentynyt viime vuodesta, kun taas ansiosidonnaisen ty\u00f6tt\u00f6myysturvan merkitys on kasvanut.<\/p>\n<p>Ty\u00f6tt\u00f6myyskassojen j\u00e4senyys on pysynyt korkealla tasolla. Nyt 72 prosenttia ty\u00f6llisist\u00e4 kuuluu kassaan, mik\u00e4 on hieman enemm\u00e4n kuin kes\u00e4kuussa 2025 (70 prosenttia). Korkeimmillaan osuus on ollut tammikuussa 2022 (76 prosenttia).<\/p>\n<p>Verov\u00e4hennyksen poisto jakaa<\/p>\n<p>Noin nelj\u00e4nnes (24 prosenttia) ty\u00f6el\u00e4m\u00e4ss\u00e4 olevista kannattaa eduskunnan p\u00e4\u00e4t\u00f6st\u00e4 poistaa ty\u00f6markkinaj\u00e4rjest\u00f6jen j\u00e4senmaksujen verov\u00e4hennysoikeus. Yli puolet (55 prosenttia) ei kannata p\u00e4\u00e4t\u00f6st\u00e4. Verov\u00e4hennysoikeus poistui vuodenvaihteessa.<\/p>\n<p>Samalla 56 prosenttia on sit\u00e4 mielt\u00e4, ett\u00e4 j\u00e4senmaksujen verov\u00e4hennysoikeus tulisi palauttaa. Eri mielt\u00e4 on noin joka nelj\u00e4s. Naiset kannattavat palauttamista selv\u00e4sti miehi\u00e4 useammin.<\/p>\n<p>\u2013 J\u00e4senmaksujen verov\u00e4hennysoikeuden poisto ei ymm\u00e4rrett\u00e4v\u00e4sti innosta liittojen j\u00e4seni\u00e4, koska se tarkoittaa verotuksen kiristymist\u00e4. T\u00e4ss\u00e4 taloudellisessa tilanteessa siit\u00e4 on ollut kuitenkin syyns\u00e4 luopua, Pentik\u00e4inen sanoo.<\/p>\n<p>\u2013 On my\u00f6s merkillepantavaa, ett\u00e4 toukokuussa liittoon kuuluvista 91 prosenttia vastasi, ettei v\u00e4hennysoikeuden poistolla ole ollut merkityst\u00e4 heid\u00e4n j\u00e4senyydelleen.\u00a0<\/p>\n<p>\t\t\tN\u00e4in kysyttiin\t\t<\/p>\n<p>Ty\u00f6el\u00e4m\u00e4gallupin toteutti Verian Suomen Yritt\u00e4jien toimeksiannosta 8.\u201318. toukokuuta.<br \/>Vastaajina oli 1\u202f098 ty\u00f6el\u00e4m\u00e4ss\u00e4 mukana olevaa (palkansaajat, yritt\u00e4j\u00e4t, ty\u00f6tt\u00f6m\u00e4t). Vastaajat olivat 18\u201369-vuotiaita suomalaisia. Aineisto edustaa ty\u00f6el\u00e4m\u00e4ss\u00e4 mukana olevia suomalaisia.<br \/>Tulosten luottamusv\u00e4li kokonaistuloksen osalta on 3,0 prosenttiyksikk\u00f6\u00e4 50 prosentin tulostasolla.<br \/>Tuloksiin voi tutustua tarkemmin <a href=\"https:\/\/www.yrittajat.fi\/app\/uploads\/public\/2026\/06\/tyoelamagallupjasenyydet010626.pdf\" rel=\"nofollow noopener\" target=\"_blank\">t\u00e4st\u00e4<\/a>.<\/p>\n<p>\t\t\t\t\t\tVinkkaa meille juttuaihe!<\/p>\n<p>                            Vinkkaa meille juttuaihe!<\/p>\n","protected":false},"excerpt":{"rendered":"Runsas nelj\u00e4nnes ty\u00f6el\u00e4m\u00e4ss\u00e4 olevista luulee yh\u00e4, ett\u00e4 ansiosidonnainen ty\u00f6tt\u00f6myysturva edellytt\u00e4\u00e4 ammattiliiton j\u00e4senyytt\u00e4. 27 prosenttia ty\u00f6el\u00e4m\u00e4ss\u00e4 olevista luulee edelleen,&hellip;\n","protected":false},"author":2,"featured_media":275515,"comment_status":"","ping_status":"","sticky":false,"template":"","format":"standard","meta":{"footnotes":"","_share_on_mastodon":"0"},"categories":[5],"tags":[37359,22,23,26,27,33,31,30,5362,17,24,25,28,29,15,18,21,32,19,20,37360,16],"class_list":["post-275514","post","type-post","status-publish","format-standard","has-post-thumbnail","category-otsikot","tag-ay-liike","tag-breaking-news","tag-breakingnews","tag-featured-news","tag-featurednews","tag-fi","tag-finland","tag-finnish","tag-gallup","tag-headlines","tag-latest-news","tag-latestnews","tag-main-news","tag-mainnews","tag-news","tag-otsikot","tag-paauutiset","tag-suomi","tag-top-stories","tag-topstories","tag-tyu00f6ttu00f6myysturva","tag-uutiset"],"share_on_mastodon":{"url":"","error":""},"_links":{"self":[{"href":"https:\/\/www.europesays.com\/fi\/wp-json\/wp\/v2\/posts\/275514","targetHints":{"allow":["GET"]}}],"collection":[{"href":"https:\/\/www.europesays.com\/fi\/wp-json\/wp\/v2\/posts"}],"about":[{"href":"https:\/\/www.europesays.com\/fi\/wp-json\/wp\/v2\/types\/post"}],"author":[{"embeddable":true,"href":"https:\/\/www.europesays.com\/fi\/wp-json\/wp\/v2\/users\/2"}],"replies":[{"embeddable":true,"href":"https:\/\/www.europesays.com\/fi\/wp-json\/wp\/v2\/comments?post=275514"}],"version-history":[{"count":0,"href":"https:\/\/www.europesays.com\/fi\/wp-json\/wp\/v2\/posts\/275514\/revisions"}],"wp:featuredmedia":[{"embeddable":true,"href":"https:\/\/www.europesays.com\/fi\/wp-json\/wp\/v2\/media\/275515"}],"wp:attachment":[{"href":"https:\/\/www.europesays.com\/fi\/wp-json\/wp\/v2\/media?parent=275514"}],"wp:term":[{"taxonomy":"category","embeddable":true,"href":"https:\/\/www.europesays.com\/fi\/wp-json\/wp\/v2\/categories?post=275514"},{"taxonomy":"post_tag","embeddable":true,"href":"https:\/\/www.europesays.com\/fi\/wp-json\/wp\/v2\/tags?post=275514"}],"curies":[{"name":"wp","href":"https:\/\/api.w.org\/{rel}","templated":true}]}}