{"id":275532,"date":"2026-06-13T07:13:13","date_gmt":"2026-06-13T07:13:13","guid":{"rendered":"https:\/\/www.europesays.com\/fi\/275532\/"},"modified":"2026-06-13T07:13:13","modified_gmt":"2026-06-13T07:13:13","slug":"mikael-gabriel-paljastaa-seiskalle-tytar-puhuu-neljaa-kielta","status":"publish","type":"post","link":"https:\/\/www.europesays.com\/fi\/275532\/","title":{"rendered":"Mikael Gabriel paljastaa Seiskalle: Tyt\u00e4r puhuu nelj\u00e4\u00e4 kielt\u00e4"},"content":{"rendered":"<p>            ATTE KAJOVA\n        <\/p>\n<p class=\"subtitle \">Rapparin ykk\u00f6sfani on pian esikouluun menev\u00e4 Uma-tyt\u00e4r.<\/p>\n<p class=\"article-content article-content-width !bg-background\">Rap-artisti , oikealta nimelt\u00e4\u00e4n , on vakiinnuttanut paikkansa suomalaisen musiikkimaailman kestot\u00e4hten\u00e4. 36-vuotiaan miehen el\u00e4m\u00e4ss\u00e4 moni asia on muuttunut.\u00a0<\/p>\n<p class=\"font-weight-bold m-font-weight-bold article-content article-content-width !bg-background\">Arkistovideolla kerrotaan Mikaelin joulukinkkutempauksesta vuonna 2022<\/p>\n<p class=\"article-content article-content-width !bg-background\">Pahan pojan maineessa uransa alkuaikoina ollut Mikael on j\u00e4tt\u00e4nyt esimerkiksi alkoholink\u00e4yt\u00f6n. T\u00e4rkeint\u00e4 el\u00e4m\u00e4ss\u00e4 on nyt viisivuotias -tyt\u00e4r.<\/p>\n<p>        <a itemprop=\"url\" href=\"https:\/\/www.seiska.fi\/kotimaa\/mikael-gabrielin-triana-rakas-repaisi-rohkeassa-asussa\/1967960\" rel=\"nofollow noopener\" target=\"_blank\"><\/p>\n<p>\nMikael Gabrielin Triana-rakas\n<\/p>\n<p class=\"section-date\">\n        <strong class=\"article-section\" data-section=\"kotimaa\"><br \/>\n            kotimaa<br \/>\n        <\/strong><br \/>\n        20.10.2025 19:30\n    <\/p>\n<p>Mikael Gabrielin Triana-rakas rep\u00e4isi rohkeassa asussa\n    <\/p>\n<p itemprop=\"description\" class=\"subtitle \">\n    Triana viittaa hekumallisella vaatetuksellaan kuningatar Marie Antoinetteen.\n<\/p>\n<p>        <\/a><\/p>\n<p class=\"article-content article-content-width !bg-background\">\u2013\u00a0H\u00e4n menee jo esikouluun syksyll\u00e4 ja puhuu nelj\u00e4\u00e4 kielt\u00e4! Suomea, norjaa, englantia ja v\u00e4h\u00e4n espanjaa. Isoja juttuja! ylpe\u00e4 is\u00e4 kertoo Seiskalle. <\/p>\n<p>                <img decoding=\"async\" src=\"https:\/\/www.europesays.com\/fi\/wp-content\/uploads\/2026\/06\/2175196.webp\" width=\"576\" height=\"274\" alt=\"Mikael n\u00e4hd\u00e4\u00e4n t\u00e4n\u00e4kin kes\u00e4n\u00e4 keikkalavoilla ymp\u00e4ri maan.\" loading=\"lazy\" \/>            <\/p>\n<p>\n            Mikael n\u00e4hd\u00e4\u00e4n t\u00e4n\u00e4kin kes\u00e4n\u00e4 keikkalavoilla ymp\u00e4ri maan.<br \/>\n            Atte Kajova\n        <\/p>\n<p>Is\u00e4n suuri fani<\/p>\n<p class=\"article-content article-content-width !bg-background\">Tytt\u00e4ren \u00e4iti on norjalaisjulkkis , joka muutti kotimaansa Suomeen seurustelun muututtua vakavammaksi. Triana on tunnettu kotimaassaan muun muassa tv-juontajana.<\/p>\n<p>                <img decoding=\"async\" src=\"https:\/\/www.europesays.com\/fi\/wp-content\/uploads\/2026\/06\/2175194.webp\" width=\"576\" height=\"720\" alt=\"Mikael kuvailee ensikohtaamistaan Trianan kanssa ainutkertaiseksi kokemukseksi.\" loading=\"lazy\" \/>            <\/p>\n<p>\n            Mikael kuvailee ensikohtaamistaan Trianan kanssa ainutkertaiseksi kokemukseksi.<br \/>\n            Seiskan arkisto\n        <\/p>\n<p class=\"article-content article-content-width !bg-background\">Pariskunta tapasi jo 11 vuotta sitten ja kihloissa he ovat ehtineet olla kymmenen vuotta. Pariskunta aloitti vapaalla kaukosuhteella, mutta Mikaelin pyynn\u00f6st\u00e4 suhde muutettiin yksiavioiseksi. Seurustelun alussa riitti tulta ja tappuraa sek\u00e4 vihaisia Whatsapp-viestej\u00e4. Nykyisin perhe-el\u00e4m\u00e4 on jo seestynyt.<\/p>\n<p class=\"article-content article-content-width !bg-background\">Pariskunnasta molemmilla on haastavia lapsuusmuistoja ja juuri sen takia heille on \u00e4\u00e4rimm\u00e4isen t\u00e4rke\u00e4\u00e4 tarjota omalle lapselle onnellinen lapsuus.<\/p>\n<p class=\"article-content article-content-width !bg-background\">Uma on my\u00f6s jo oppinut kuuntelemaan my\u00f6s is\u00e4ns\u00e4 tuotoksia.<\/p>\n<p class=\"article-content article-content-width !bg-background\"> \u2013 Tottakai h\u00e4n tykk\u00e4\u00e4 kuunnella musiikkiani ja on suuri fani! Mikael hymyilee. <\/p>\n<p>        <a itemprop=\"url\" href=\"https:\/\/www.seiska.fi\/kotimaa\/mikael-gabriel-esitti-huolen-lapsestaan\/1711481\" rel=\"nofollow noopener\" target=\"_blank\"><\/p>\n<p>\nMikael Gabriel\n<\/p>\n<p class=\"section-date\">\n        <strong class=\"article-section\" data-section=\"kotimaa\"><br \/>\n            kotimaa<br \/>\n        <\/strong><br \/>\n        23.5.2025 11:35\n    <\/p>\n<p>Mikael Gabriel esitti huolen lapsestaan\n    <\/p>\n<p itemprop=\"description\" class=\"subtitle \">\n    R\u00e4pp\u00e4ri on huolissaan muun muassa koulujen turvallisuustilanteesta.\n<\/p>\n<p>        <\/a><\/p>\n<p>\u00a0Hurja synnytys<\/p>\n<p class=\"article-content article-content-width !bg-background\">Yhteisen lapsen saaminen oli melkoinen ihme, sill\u00e4 yll\u00e4tysraskaus tapahtui pian Trianan vakavan ratsastusonnettomuuden j\u00e4lkeen. Hevosen vatsan p\u00e4\u00e4lle talloman Trianan kylkiluut murtuivat, ja maksa, munaiset ja perna vahingoittuivat.\u00a0<\/p>\n<p>                <img decoding=\"async\" src=\"https:\/\/www.europesays.com\/fi\/wp-content\/uploads\/2026\/06\/2175205.webp\" width=\"576\" height=\"322\" alt=\"Kahden tempperamenttisen ihmisen s\u00e4h\u00e4kk\u00e4 suhteenalku muuttui onnelliseksi perheeksi.\" loading=\"lazy\" \/>            <\/p>\n<p>\n            Kahden tempperamenttisen ihmisen s\u00e4h\u00e4kk\u00e4 suhteenalku muuttui onnelliseksi perheeksi.<br \/>\n            Seiskan arkisto\n        <\/p>\n<p class=\"article-content article-content-width !bg-background\">Kolme p\u00e4iv\u00e4\u00e4 synnytt\u00e4nyt Triana sai vihdoin terveen lapsen, mutta onnettomuuden j\u00e4ljilt\u00e4 istukka oli kiinni arpikudoksessa. Istukan poistoyritys aiheutti hengenvaarallisen sis\u00e4isen verenvuodon ja Mikael joutui odottamaan viisi tuntia vauvan kanssa kaksin, ennen kuin tilanne saatiin hallintaan.<\/p>\n<p class=\"article-content article-content-width !bg-background\">\u2013 Se oli el\u00e4m\u00e4ni kamalin ja onnellisin p\u00e4iv\u00e4, Mikael muisteli helmikuussa <a href=\"https:\/\/www.is.fi\/menaiset\/ihmiset-ja-suhteet\/art-2000011761426.html\" target=\"_blank\" rel=\"nofollow noopener\">Me Naisten<\/a> haastattelussa.<\/p>\n<p>        <a itemprop=\"url\" href=\"https:\/\/www.seiska.fi\/kotimaa\/festarikeisari-ja-kansanedustaja-yllattava-yhteys\/2171889\" rel=\"nofollow noopener\" target=\"_blank\"><\/p>\n<p>\nFestarikeisari ja kansanedustaja\n<\/p>\n<p class=\"section-date\">\n        <strong class=\"article-section\" data-section=\"kotimaa\"><br \/>\n            kotimaa<br \/>\n        <\/strong><br \/>\n        7.6. 11:00\n    <\/p>\n<p>Festarikeisari ja kansanedustaja: Yll\u00e4tt\u00e4v\u00e4 yhteys\n    <\/p>\n<p itemprop=\"description\" class=\"subtitle \">\n    Kalle Keskinen saa lietsottua Antti Kurvisen festaritunnelmaan.\n<\/p>\n<p>        <\/a><\/p>\n","protected":false},"excerpt":{"rendered":"ATTE KAJOVA Rapparin ykk\u00f6sfani on pian esikouluun menev\u00e4 Uma-tyt\u00e4r. Rap-artisti , oikealta nimelt\u00e4\u00e4n , on vakiinnuttanut paikkansa suomalaisen&hellip;\n","protected":false},"author":2,"featured_media":275533,"comment_status":"","ping_status":"","sticky":false,"template":"","format":"standard","meta":{"footnotes":"","_share_on_mastodon":"0"},"categories":[136],"tags":[407,137,33,31,30,408,99,1127,15167,98,3295,742,32,15170,109],"class_list":["post-275532","post","type-post","status-publish","format-standard","has-post-thumbnail","category-julkkikset","tag-celebrities","tag-entertainment","tag-fi","tag-finland","tag-finnish","tag-julkkikset","tag-lapset","tag-lapsi","tag-mikael-gabriel","tag-perhe","tag-perhe-elama","tag-suomalainen-musiikki","tag-suomi","tag-triana-iglesias","tag-viihde"],"share_on_mastodon":{"url":"https:\/\/pubeurope.com\/@fi\/116741564994840206","error":""},"_links":{"self":[{"href":"https:\/\/www.europesays.com\/fi\/wp-json\/wp\/v2\/posts\/275532","targetHints":{"allow":["GET"]}}],"collection":[{"href":"https:\/\/www.europesays.com\/fi\/wp-json\/wp\/v2\/posts"}],"about":[{"href":"https:\/\/www.europesays.com\/fi\/wp-json\/wp\/v2\/types\/post"}],"author":[{"embeddable":true,"href":"https:\/\/www.europesays.com\/fi\/wp-json\/wp\/v2\/users\/2"}],"replies":[{"embeddable":true,"href":"https:\/\/www.europesays.com\/fi\/wp-json\/wp\/v2\/comments?post=275532"}],"version-history":[{"count":0,"href":"https:\/\/www.europesays.com\/fi\/wp-json\/wp\/v2\/posts\/275532\/revisions"}],"wp:featuredmedia":[{"embeddable":true,"href":"https:\/\/www.europesays.com\/fi\/wp-json\/wp\/v2\/media\/275533"}],"wp:attachment":[{"href":"https:\/\/www.europesays.com\/fi\/wp-json\/wp\/v2\/media?parent=275532"}],"wp:term":[{"taxonomy":"category","embeddable":true,"href":"https:\/\/www.europesays.com\/fi\/wp-json\/wp\/v2\/categories?post=275532"},{"taxonomy":"post_tag","embeddable":true,"href":"https:\/\/www.europesays.com\/fi\/wp-json\/wp\/v2\/tags?post=275532"}],"curies":[{"name":"wp","href":"https:\/\/api.w.org\/{rel}","templated":true}]}}