{"id":275543,"date":"2026-06-13T07:26:12","date_gmt":"2026-06-13T07:26:12","guid":{"rendered":"https:\/\/www.europesays.com\/fi\/275543\/"},"modified":"2026-06-13T07:26:12","modified_gmt":"2026-06-13T07:26:12","slug":"huomaatko-naissa-kuvissa-jotain-samaa-suomalaisyrityksessa-herasi-epailykset","status":"publish","type":"post","link":"https:\/\/www.europesays.com\/fi\/275543\/","title":{"rendered":"Huomaatko n\u00e4iss\u00e4 kuvissa jotain samaa? Suomalaisyrityksess\u00e4 her\u00e4si ep\u00e4ilykset"},"content":{"rendered":"<p>Teko\u00e4ly teki tepposet yritysmaailmassa.<\/p>\n<p><img decoding=\"async\" class=\"image image-show image-preview\" src=\"https:\/\/www.europesays.com\/fi\/wp-content\/uploads\/2026\/06\/2004b1c790601f13e1205a3ee155246044295315327b2a36d7f22fab384b1b2c.jpg\" alt=\"\"\/><img decoding=\"async\" class=\"image image-show\" src=\"https:\/\/www.europesays.com\/fi\/wp-content\/uploads\/2026\/06\/1781335572_144_2004b1c790601f13e1205a3ee155246044295315327b2a36d7f22fab384b1b2c.jpg\" alt=\"\"\/><\/p>\n<p>Kuvassa vasemmalla LVI-yhti\u00f6n markkinointikuva ja oikealla kilpailevan yhti\u00f6n k\u00e4ytt\u00e4m\u00e4 kuva. Janne Tolonen<\/p>\n<p class=\"paragraph\">\u2013 Kuva oli ihan yksi yhteen. Ei ollut kuin ukko vaihtunut siin\u00e4.<\/p>\n<p class=\"paragraph\">N\u00e4in kertoo LVI-yhti\u00f6 Homemapin markkinointijohtaja <strong>Janne Tolonen<\/strong>, joka joutui hieraisemaan silmi\u00e4\u00e4n viime viikonloppuna.<\/p>\n<p class=\"paragraph\">Homemapin sis\u00e4iseen Whatsapp-kanavaan jaettiin kuva, joka muistutti erehdytt\u00e4v\u00e4sti yhti\u00f6n k\u00e4ytt\u00e4m\u00e4\u00e4 markkinointikuvaa ilmanvaihdon puhdistuksesta.<\/p>\n<p class=\"paragraph\">Tolonen kertoo, ett\u00e4 kuva tuli vastaan kilpailevan yhti\u00f6n verkkosivuilla.<\/p>\n<p class=\"paragraph\">\u2013 Alkoi siin\u00e4 v\u00e4h\u00e4n naurattamaan, ett\u00e4 kyll\u00e4 aika t\u00f6rke\u00e4sti on kopioitu eik\u00e4 ole hirve\u00e4sti n\u00e4hty vaivaa siihen, ett\u00e4 n\u00e4ytt\u00e4isi kovin omalta se kuva.<\/p>\n<p class=\"paragraph\">Tolosen mukaan Homemap on k\u00e4ytt\u00e4nyt kuvaansa markkinoinnissaan ja nettisivuillaan. Kilpaileva yhti\u00f6 k\u00e4ytti erehdytt\u00e4v\u00e4sti samalta muistuttavaa kuvaa samoja palveluita mainostaessaan.<\/p>\n<p class=\"paragraph\">\u2013 On vaikea sanoa, ovatko he toimineet tahallisesti vai ei. Koska kuva on niin yksi yhteen, niin her\u00e4\u00e4 aika vahva ep\u00e4ilys siit\u00e4, ett\u00e4 kuvaamme on k\u00e4ytetty suoraan l\u00e4hdemateriaalina. T\u00f6rke\u00e4\u00e4 se on ja tietysti noloa, kun siit\u00e4 j\u00e4\u00e4 kiinni, Tolonen sanoo.<\/p>\n<p>\u201dIk\u00e4v\u00e4 juttu\u201d<\/p>\n<p class=\"paragraph\">V\u00e4itetty\u00e4 teko\u00e4lykuvaa k\u00e4ytti markkinoinnissaan nuohousyritys Pohjois-Pohjanmaalla.<\/p>\n<p class=\"paragraph\">Yhti\u00f6n toimitusjohtaja sai kuulla tapauksesta Iltalehden toimittajalta. H\u00e4n yll\u00e4ttyi.<\/p>\n<p class=\"paragraph\">Toimitusjohtaja kertoo tilanneensa verkkosivunsa Sivulle.com-yhti\u00f6lt\u00e4.<\/p>\n<p class=\"paragraph\">Muun muassa verkkosivuja tuottavan Sivulle.comin yritt\u00e4j\u00e4 <strong>Julius Turunen<\/strong> kertoo s\u00e4hk\u00f6postitse, ett\u00e4 sivustolla oleva kuva on teko\u00e4lyn tuottama.<\/p>\n<p class=\"paragraph\">Turusen mukaan yhti\u00f6n tuottamilla sivustoilla teko\u00e4ly\u00e4 on k\u00e4ytetty hahmottamaan yleisesti toimialaa sek\u00e4 ker\u00e4\u00e4m\u00e4\u00e4n aihepiireitt\u00e4in materiaalia keskusteluun, jonka j\u00e4lkeen silt\u00e4 on pyydetty sek\u00e4 teksti\u00e4 ett\u00e4 kuvituskuvia aiheeseen liittyen.<\/p>\n<p class=\"paragraph\">\u2013 Kielt\u00e4m\u00e4tt\u00e4 kuvissa on yhdenn\u00e4k\u00f6isyytt\u00e4. Ik\u00e4v\u00e4 juttu on se, ett\u00e4 kuvia on p\u00e4\u00e4tynyt sivustolle ilman riitt\u00e4v\u00e4n tarkkaa seulaa, Turunen sanoo.<\/p>\n<p class=\"paragraph\">\u2013 En pysty varmaksi sanomaan, mit\u00e4 l\u00e4hdemateriaalia teko\u00e4ly on k\u00e4ytt\u00e4nyt kuvien muodostamisessa, h\u00e4n jatkaa.<\/p>\n<p>Pyysi anteeksi<\/p>\n<p class=\"paragraph\">Turunen kertoo, ett\u00e4 kuvituskuva on sittemmin korvattu toisella. H\u00e4nen mukaansa kyseess\u00e4 oli erhe.<\/p>\n<p class=\"paragraph\">\u2013 Emme tee markkinointikuvia tai muuta materiaalia muiden yritysten materiaalien pohjalta. Sellainen aiheuttaa helposti ongelmia ja mainehaittaa, eik\u00e4 se ole kenenk\u00e4\u00e4n eduksi.<\/p>\n<p class=\"paragraph\">Turusen mukaan asiaa k\u00e4yd\u00e4\u00e4n l\u00e4pi sis\u00e4isesti sek\u00e4 yhti\u00f6n yhteisty\u00f6kumppaneiden kanssa, jotta vastaavia erehdyksi\u00e4 ei p\u00e4\u00e4se jatkossa tapahtumaan.<\/p>\n<p class=\"paragraph\">\u2013 Olemme olleet yhteydess\u00e4 asianosaisiin ja pahoitelleet tilannetta, h\u00e4n kertoo.<\/p>\n<p class=\"paragraph\">Turunen arvioi, ett\u00e4 vastaavat tapaukset voivat lis\u00e4\u00e4nty\u00e4 teko\u00e4lyn k\u00e4yt\u00f6n my\u00f6t\u00e4.<\/p>\n<p class=\"paragraph\">\u2013 Toisaalta teko\u00e4ly on kuitenkin jo kehittynyt aiemmasta, mutta tapaukset opettavat kyll\u00e4 siltikin olemaan tarkempi.<\/p>\n","protected":false},"excerpt":{"rendered":"Teko\u00e4ly teki tepposet yritysmaailmassa. Kuvassa vasemmalla LVI-yhti\u00f6n markkinointikuva ja oikealla kilpailevan yhti\u00f6n k\u00e4ytt\u00e4m\u00e4 kuva. Janne Tolonen \u2013 Kuva&hellip;\n","protected":false},"author":2,"featured_media":275544,"comment_status":"","ping_status":"","sticky":false,"template":"","format":"standard","meta":{"footnotes":"","_share_on_mastodon":"0"},"categories":[12],"tags":[35,22,23,4492,26,27,33,31,30,17,148,24,25,28,29,15,18,21,32,487,149,3592,19,20,16],"class_list":["post-275543","post","type-post","status-publish","format-standard","has-post-thumbnail","category-suomi","tag-24h","tag-breaking-news","tag-breakingnews","tag-digimedia","tag-featured-news","tag-featurednews","tag-fi","tag-finland","tag-finnish","tag-headlines","tag-internet","tag-latest-news","tag-latestnews","tag-main-news","tag-mainnews","tag-news","tag-otsikot","tag-paauutiset","tag-suomi","tag-teknologia-yleista","tag-tietojenkasittely-ja-informaatioteknologia","tag-toimitusjohtaja-paajohtaja","tag-top-stories","tag-topstories","tag-uutiset"],"share_on_mastodon":{"url":"https:\/\/pubeurope.com\/@fi\/116741615589571874","error":""},"_links":{"self":[{"href":"https:\/\/www.europesays.com\/fi\/wp-json\/wp\/v2\/posts\/275543","targetHints":{"allow":["GET"]}}],"collection":[{"href":"https:\/\/www.europesays.com\/fi\/wp-json\/wp\/v2\/posts"}],"about":[{"href":"https:\/\/www.europesays.com\/fi\/wp-json\/wp\/v2\/types\/post"}],"author":[{"embeddable":true,"href":"https:\/\/www.europesays.com\/fi\/wp-json\/wp\/v2\/users\/2"}],"replies":[{"embeddable":true,"href":"https:\/\/www.europesays.com\/fi\/wp-json\/wp\/v2\/comments?post=275543"}],"version-history":[{"count":0,"href":"https:\/\/www.europesays.com\/fi\/wp-json\/wp\/v2\/posts\/275543\/revisions"}],"wp:featuredmedia":[{"embeddable":true,"href":"https:\/\/www.europesays.com\/fi\/wp-json\/wp\/v2\/media\/275544"}],"wp:attachment":[{"href":"https:\/\/www.europesays.com\/fi\/wp-json\/wp\/v2\/media?parent=275543"}],"wp:term":[{"taxonomy":"category","embeddable":true,"href":"https:\/\/www.europesays.com\/fi\/wp-json\/wp\/v2\/categories?post=275543"},{"taxonomy":"post_tag","embeddable":true,"href":"https:\/\/www.europesays.com\/fi\/wp-json\/wp\/v2\/tags?post=275543"}],"curies":[{"name":"wp","href":"https:\/\/api.w.org\/{rel}","templated":true}]}}