{"id":275579,"date":"2026-06-13T08:37:12","date_gmt":"2026-06-13T08:37:12","guid":{"rendered":"https:\/\/www.europesays.com\/fi\/275579\/"},"modified":"2026-06-13T08:37:12","modified_gmt":"2026-06-13T08:37:12","slug":"uusi-ylen-dokkarisarja-pureutuu-suomalaisen-metallimusiikin-eri-aikakausiin-vaihtuvina-kertojina-nimekkaita-tekijoita","status":"publish","type":"post","link":"https:\/\/www.europesays.com\/fi\/275579\/","title":{"rendered":"Uusi Ylen dokkarisarja pureutuu suomalaisen metallimusiikin eri aikakausiin &#8211; vaihtuvina kertojina nimekk\u00e4it\u00e4 tekij\u00f6it\u00e4"},"content":{"rendered":"<p>Ylen <a href=\"https:\/\/yle.fi\/a\/20-10009583\" target=\"_blank\" rel=\"noreferrer noopener nofollow\">syyskauden ohjelmistoon<\/a> lukeutuu runsaasti kiinnostavaa katsottavaa ja kuunneltavaa raskaamman musiikin yst\u00e4ville. Sis\u00e4lt\u00f6\u00e4 l\u00f6ytyy huumorista ja historiasta taiteeseen ja live-esityksiin.<\/p>\n<p>Yle esitt\u00e4\u00e4 muun muassa uuden viisiosaisen dokumenttisarjan Kaamos \u2013 suomalaisen metallin viisi vuodenaikaa, jossa k\u00e4yd\u00e4\u00e4n l\u00e4pi kotimaisen raskaan musiikin kehityst\u00e4 ja aikakausia viiden vuosikymmenen ajalta. Sarjaa varten on haastateltu lukuisia artisteja, b\u00e4ndej\u00e4 ja taustavaikuttajia ja jaksot k\u00e4yd\u00e4\u00e4n l\u00e4pi vaihtuvien kertojien kanssa. Kertojina toimivat <strong>Tuomas Holopainen<\/strong> (<strong>Nightwish<\/strong>, <strong>Auri<\/strong>, <strong>Darkwoods My Betrothed<\/strong>), <strong>Noora Louhimo<\/strong> (ex-<strong>Battle Beast<\/strong>), <strong>Samy Elbanna<\/strong> (<strong>Lost Society<\/strong>), <strong>Juha Raivio<\/strong> (<strong>Swallow the Sun<\/strong>) ja <strong>Janne Joutsenniemi<\/strong> (<strong>Stone<\/strong>).<\/p>\n<p>Kaamos \u2013 suomalaisen metallin viisi vuodenaikaa alkaa Yle Areenassa 31.8. ja Yle Teemalla sarjaa esitet\u00e4\u00e4n 3.9. alkaen. Katso sarjan traileri <a href=\"https:\/\/areena.yle.fi\/1-78254475\" target=\"_blank\" rel=\"noreferrer noopener nofollow\">t\u00e4\u00e4lt\u00e4<\/a>.<\/p>\n<p>T\u00e4m\u00e4n lis\u00e4ksi Yle Areenassa ja Yle TV1:ll\u00e4 n\u00e4hd\u00e4\u00e4n 5.9. Radion sinfoniaorkesterin erikoiskonsertti, jossa <strong>Antti Hyyrynen<\/strong> (<strong>Stam1na<\/strong>), Noora Louhimo, <strong>Marko Hietala<\/strong> (<strong>Tarot<\/strong>, ex-Nightwish), <strong>Timo Kotipelto<\/strong> (<strong>Stratovarius<\/strong>), <strong>Tomi Joutsen<\/strong> (<strong>Amorphis<\/strong>), <strong>Tony Kakko<\/strong> (<strong>Sonata Arctica<\/strong>) ja Samy Elbanna esitt\u00e4v\u00e4t suomimetallin klassikoita uusina sovituksina kapellimestari <strong>Eero Lehtim\u00e4en<\/strong> johdolla. My\u00f6s suositussa El\u00e4m\u00e4ni biisi -sarjassa n\u00e4hd\u00e4\u00e4n halloweenina erikoisjakso, jossa metallimuusikot arvuuttelevat toistensa suosikkikappaleita.<\/p>\n<p>Yle Areenassa (25.9. alkaen) ja Yle TV2:lla (1.10.) alkaa my\u00f6s <strong>JP Ahosen<\/strong> Belzebubs-sarjakuvaan perustuva Belzebubs-animaatiosarja black metal -kultistien arjesta, perhesuhteista ja b\u00e4ndikuvioista. Ahonen itse kertoo ty\u00f6st\u00e4\u00e4n ja sarjakuvastripeist\u00e4 keikkalavoille saakka nousseesta Belzebubsista Pirullista piirtoa -dokumentissa, joka esitet\u00e4\u00e4n Yle Areenalla 28.9. ja Yle Teemalla 2.10.<\/p>\n<p>Lue my\u00f6s: <a href=\"https:\/\/www.inferno.fi\/uutiskirje\/\" title=\"Tilaa Infernon uutiskirje\" class=\"underline-custom !font-montserrat !font-bold !underline-offset-4 !decoration-4 !decoration-red-600 !text-md\" rel=\"nofollow noopener\" target=\"_blank\">Tilaa Infernon uutiskirje ja tied\u00e4t mist\u00e4 kahvitauolla puhutaan! Nappaa raskaan musiikin uutiset ja puheenaiheet suoraan s\u00e4hk\u00f6postiin t\u00e4st\u00e4.<\/a><\/p>\n","protected":false},"excerpt":{"rendered":"Ylen syyskauden ohjelmistoon lukeutuu runsaasti kiinnostavaa katsottavaa ja kuunneltavaa raskaamman musiikin yst\u00e4ville. Sis\u00e4lt\u00f6\u00e4 l\u00f6ytyy huumorista ja historiasta taiteeseen&hellip;\n","protected":false},"author":2,"featured_media":275580,"comment_status":"","ping_status":"","sticky":false,"template":"","format":"standard","meta":{"footnotes":"","_share_on_mastodon":"0"},"categories":[132],"tags":[819,137,33,31,30,195,47,32,37363,156,109,1149,913],"class_list":["post-275579","post","type-post","status-publish","format-standard","has-post-thumbnail","category-musiikki","tag-dokumentti","tag-entertainment","tag-fi","tag-finland","tag-finnish","tag-music","tag-musiikki","tag-suomi","tag-tv-tarppi","tag-tv","tag-viihde","tag-yle","tag-yle-areena"],"share_on_mastodon":{"url":"https:\/\/pubeurope.com\/@fi\/116741894657305179","error":""},"_links":{"self":[{"href":"https:\/\/www.europesays.com\/fi\/wp-json\/wp\/v2\/posts\/275579","targetHints":{"allow":["GET"]}}],"collection":[{"href":"https:\/\/www.europesays.com\/fi\/wp-json\/wp\/v2\/posts"}],"about":[{"href":"https:\/\/www.europesays.com\/fi\/wp-json\/wp\/v2\/types\/post"}],"author":[{"embeddable":true,"href":"https:\/\/www.europesays.com\/fi\/wp-json\/wp\/v2\/users\/2"}],"replies":[{"embeddable":true,"href":"https:\/\/www.europesays.com\/fi\/wp-json\/wp\/v2\/comments?post=275579"}],"version-history":[{"count":0,"href":"https:\/\/www.europesays.com\/fi\/wp-json\/wp\/v2\/posts\/275579\/revisions"}],"wp:featuredmedia":[{"embeddable":true,"href":"https:\/\/www.europesays.com\/fi\/wp-json\/wp\/v2\/media\/275580"}],"wp:attachment":[{"href":"https:\/\/www.europesays.com\/fi\/wp-json\/wp\/v2\/media?parent=275579"}],"wp:term":[{"taxonomy":"category","embeddable":true,"href":"https:\/\/www.europesays.com\/fi\/wp-json\/wp\/v2\/categories?post=275579"},{"taxonomy":"post_tag","embeddable":true,"href":"https:\/\/www.europesays.com\/fi\/wp-json\/wp\/v2\/tags?post=275579"}],"curies":[{"name":"wp","href":"https:\/\/api.w.org\/{rel}","templated":true}]}}