{"id":275591,"date":"2026-06-13T08:47:10","date_gmt":"2026-06-13T08:47:10","guid":{"rendered":"https:\/\/www.europesays.com\/fi\/275591\/"},"modified":"2026-06-13T08:47:10","modified_gmt":"2026-06-13T08:47:10","slug":"valtava-pettymys-neymar-ulkona-brasilian-mm-avauksesta-urheilu","status":"publish","type":"post","link":"https:\/\/www.europesays.com\/fi\/275591\/","title":{"rendered":"Valtava pettymys: Neymar ulkona Brasilian MM-avauksesta | Urheilu"},"content":{"rendered":"<p>Neymarin pelikunto on ollut kuuma puheenaihe Brasiliassa jalkapallon MM-kisojen alla. Takavuosien t\u00e4htipelaaja on kulkenut loukkaantumisesta toiseen.<\/p>\n<p>Neymar ei pysty pelaamaan MM-kisojen avausottelussa Marokkoa vastaan ensi y\u00f6n\u00e4 Suomen aikaa. Asian vahvisti joukkueen p\u00e4\u00e4valmentaja <strong>Carlo Ancelotti<\/strong>, uutisoi <a href=\"https:\/\/www.bbc.com\/sport\/football\/articles\/c4gyxvxqrk8o\" rel=\"nofollow noopener\" target=\"_blank\">BBC<\/a>.<\/p>\n<p>Neymar loukkasi pohjettaan muutama viikko sitten. Ancelottin mukaan Neymar aloittaa harjoittelun joukkueen mukana ensi viikolla. Viikon p\u00e4\u00e4st\u00e4 pelattavaan Haiti-otteluun mestarivalmentaja ei ottanut kantaa.<\/p>\n<p>\u2013\u2009Neymar tekee kovasti t\u00f6it\u00e4 kuntoutuakseen mahdollisimman nopeasti. Odotuksena on, ett\u00e4 h\u00e4n kuntoutuu ja palaa ryhm\u00e4\u00e4n ensi viikolla, Ancelotti sanoi.<\/p>\n<p>\u2013\u2009Tarvitsemme h\u00e4nt\u00e4 teknisen osaamisen mutta my\u00f6s h\u00e4nen kokemuksensa takia. H\u00e4n pystyy n\u00e4ytt\u00e4m\u00e4\u00e4n esimerkki\u00e4 nuorille pelaajille, Ancelotti pumppasi.<\/p>\n<p>Neymar, 34, on edustanut Brasiliaa MM-kisoissa kolmesti, mutta maajoukkuepeleist\u00e4 on jo pari vuotta aikaa. T\u00e4ll\u00e4 kaudella h\u00e4n on pelannut vaivaiset kahdeksan sarjaottelua Santosissa.<\/p>\n<p>N\u00e4pp\u00e4r\u00e4 kikkailija muistetaan ennen kaikkea Barcelonasta ja PSG:st\u00e4.<\/p>\n","protected":false},"excerpt":{"rendered":"Neymarin pelikunto on ollut kuuma puheenaihe Brasiliassa jalkapallon MM-kisojen alla. Takavuosien t\u00e4htipelaaja on kulkenut loukkaantumisesta toiseen. Neymar ei&hellip;\n","protected":false},"author":2,"featured_media":275592,"comment_status":"","ping_status":"","sticky":false,"template":"","format":"standard","meta":{"footnotes":"","_share_on_mastodon":"0"},"categories":[5],"tags":[3469,2326,22,23,26,27,33,31,30,17,43,9123,42,24,25,41,28,29,15,18,21,2305,32,19,20,16],"class_list":["post-275591","post","type-post","status-publish","format-standard","has-post-thumbnail","category-otsikot","tag-barcelona","tag-bbc","tag-breaking-news","tag-breakingnews","tag-featured-news","tag-featurednews","tag-fi","tag-finland","tag-finnish","tag-headlines","tag-jalkapallo","tag-jalkapallon-maailmanmestaruuskilpailut","tag-jalkapalloon-perustuvat-lajit","tag-latest-news","tag-latestnews","tag-liikunta-ja-urheilu","tag-main-news","tag-mainnews","tag-news","tag-otsikot","tag-paauutiset","tag-puheenaiheet","tag-suomi","tag-top-stories","tag-topstories","tag-uutiset"],"share_on_mastodon":{"url":"https:\/\/pubeurope.com\/@fi\/116741933976718184","error":""},"_links":{"self":[{"href":"https:\/\/www.europesays.com\/fi\/wp-json\/wp\/v2\/posts\/275591","targetHints":{"allow":["GET"]}}],"collection":[{"href":"https:\/\/www.europesays.com\/fi\/wp-json\/wp\/v2\/posts"}],"about":[{"href":"https:\/\/www.europesays.com\/fi\/wp-json\/wp\/v2\/types\/post"}],"author":[{"embeddable":true,"href":"https:\/\/www.europesays.com\/fi\/wp-json\/wp\/v2\/users\/2"}],"replies":[{"embeddable":true,"href":"https:\/\/www.europesays.com\/fi\/wp-json\/wp\/v2\/comments?post=275591"}],"version-history":[{"count":0,"href":"https:\/\/www.europesays.com\/fi\/wp-json\/wp\/v2\/posts\/275591\/revisions"}],"wp:featuredmedia":[{"embeddable":true,"href":"https:\/\/www.europesays.com\/fi\/wp-json\/wp\/v2\/media\/275592"}],"wp:attachment":[{"href":"https:\/\/www.europesays.com\/fi\/wp-json\/wp\/v2\/media?parent=275591"}],"wp:term":[{"taxonomy":"category","embeddable":true,"href":"https:\/\/www.europesays.com\/fi\/wp-json\/wp\/v2\/categories?post=275591"},{"taxonomy":"post_tag","embeddable":true,"href":"https:\/\/www.europesays.com\/fi\/wp-json\/wp\/v2\/tags?post=275591"}],"curies":[{"name":"wp","href":"https:\/\/api.w.org\/{rel}","templated":true}]}}