{"id":275698,"date":"2026-06-13T11:44:13","date_gmt":"2026-06-13T11:44:13","guid":{"rendered":"https:\/\/www.europesays.com\/fi\/275698\/"},"modified":"2026-06-13T11:44:13","modified_gmt":"2026-06-13T11:44:13","slug":"veronica-verho-palaa-kotiin-koskettava-hetki-mayrakoiran-kanssa","status":"publish","type":"post","link":"https:\/\/www.europesays.com\/fi\/275698\/","title":{"rendered":"Veronica Verho palaa kotiin: Koskettava hetki m\u00e4yr\u00e4koiran kanssa"},"content":{"rendered":"<p>            Matti Matikainen\n        <\/p>\n<p class=\"subtitle \">Veronica sai iloisen vastaanoton ty\u00f6reissulta kotiin palattuaan.<\/p>\n<p class=\"article-content article-content-width !bg-background\">Juontaja  on viett\u00e4nyt loppukev\u00e4\u00e4n viimeiset- ja kes\u00e4n ensimm\u00e4iset viikkonsa Kouvolassa uuden Koko Suomi Leipoo -ohjelman uuden tuotantokauden kuvauksissa.<\/p>\n<p class=\"font-weight-bold m-font-weight-bold article-content article-content-width !bg-background\">Katso my\u00f6s! Veronica Verho kertoo kolmen viikon juhlaputkestaan:<\/p>\n<p class=\"article-content article-content-width !bg-background\">Kuvauksista kotiin palannutta Veronicaa odotti ovella iloinen vastaanotto.<\/p>\n<p>Suloinen vastaanottokomitea!<\/p>\n<p class=\"article-content article-content-width !bg-background\">Veronica jakoi perjantaina (12.6.) <a href=\"https:\/\/www.instagram.com\/mariieveronicaofficial\/\" target=\"_blank\" rel=\"nofollow noopener\">Instagramiin<\/a> koskettavan videon kotiinpaluustaan. Videolla h\u00e4nen m\u00e4yr\u00e4koiransa Teppo. Koira otti Veronican eteisess\u00e4 vastaan intopiukeana.<\/p>\n<p class=\"article-content article-content-width !bg-background\">Veronica rapsuttelee ja juttelee koiralleen t\u00e4m\u00e4n hyppiess\u00e4 h\u00e4nen syliins\u00e4.<\/p>\n<p>        <a itemprop=\"url\" href=\"https:\/\/www.seiska.fi\/vain-seiskassa\/uusi-koti-okyalueella-veronica-verho-muutti-uuden-kultansa-kanssa-yhteen\/1392607\" rel=\"nofollow noopener\" target=\"_blank\"><\/p>\n<p>\nVain Seiskassa!\n<\/p>\n<p class=\"section-date\">\n        <strong class=\"article-section\" data-section=\"vain seiskassa\"><br \/>\n            vain seiskassa<br \/>\n        <\/strong><br \/>\n        27.6.2024 20:00\n    <\/p>\n<p>Uusi koti \u00f6kyalueella! Veronica Verho muutti uuden kultansa kanssa yhteen\n    <\/p>\n<p itemprop=\"description\" class=\"subtitle \">\n    Helsingin hyv\u00e4stellyt Veronica on ly\u00f6nyt hynttyyt yhteen uuden rakkaansa kanssa.\n<\/p>\n<p>        <\/a><\/p>\n<p class=\"article-content article-content-width !bg-background\"> \u2013\u00a0T\u00e4\u00e4 on paras fiilis pitk\u00e4n ty\u00f6reissun j\u00e4lkeen, Veronica tunnustaa kuvatekstiss\u00e4. <\/p>\n<p class=\"article-content article-content-width !bg-background\">Toyvillakoira Harrin omistava somepersoona  yhtyy Veronicaan kommenttikent\u00e4ss\u00e4.<\/p>\n<p class=\"article-content article-content-width !bg-background\"> \u2013 Allekirjoitan!!, Janni kirjoittaa. <\/p>\n<p>Uusia ty\u00f6kuvioita<\/p>\n<p class=\"article-content article-content-width !bg-background\">Nykyisin j\u00e4lleen Turussa asuvalle Veronicalle ty\u00f6keikka Kouvolassa oli varsin pitk\u00e4n matkan p\u00e4\u00e4ss\u00e4. Veronica asusteli siell\u00e4 koko muutaman viikon kest\u00e4neiden kuvausten ajan. Ty\u00f6n per\u00e4ss\u00e4 matkustelu on Veronicalle kuitenkin varsin tuttua: onhan h\u00e4n t\u00e4m\u00e4n vuoden aikana tottunut arjessaan matkustamaan Turku-Helsinki v\u00e4li\u00e4 Radio Novan aamuohjelman \u00e4\u00e4nityksi\u00e4 varten.\u00a0Turussa Verholla on yhteinen vuokra-asunto h\u00e4nen kumppaninsa kanssa, ja Helsingist\u00e4 puolestaan h\u00e4n osti vastik\u00e4\u00e4n remonttikuntoisen kaksion. <\/p>\n<p>        <a itemprop=\"url\" href=\"https:\/\/www.seiska.fi\/vain-seiskassa\/veronica-verho-treffailee-julkkisyrittajaa\/1329431\" rel=\"nofollow noopener\" target=\"_blank\"><\/p>\n<p>\nVain Seiskassa!\n<\/p>\n<p class=\"section-date\">\n        <strong class=\"article-section\" data-section=\"vain seiskassa\"><br \/>\n            vain seiskassa<br \/>\n        <\/strong><br \/>\n        25.4.2024 08:30\n    <\/p>\n<p>Veronica Verho treffailee julkkisyritt\u00e4j\u00e4\u00e4\n    <\/p>\n<p itemprop=\"description\" class=\"subtitle \">\n    Ville on tuttu Temppareista ja Mr. Finland -kisasta.\n<\/p>\n<p>        <\/a><\/p>\n<p>                <img decoding=\"async\" src=\"https:\/\/www.europesays.com\/fi\/wp-content\/uploads\/2026\/06\/2180251.webp\" width=\"576\" height=\"720\" alt=\"Veronica t\u00e4hditt\u00e4\u00e4 kes\u00e4ist\u00e4 Koko Suomi Leipoo -ohjelmaa nyt toista kertaa. Aiemmin ohjelmaa juonsi juontaja-malli Anne Kukkohovi.\" loading=\"lazy\" \/>            <\/p>\n<p>            Veronica t\u00e4hditt\u00e4\u00e4 kes\u00e4ist\u00e4 Koko Suomi Leipoo -ohjelmaa nyt toista kertaa. Aiemmin ohjelmaa juonsi juontaja-malli .<br \/>\n            Timo Korhonen<\/p>\n<p class=\"article-content article-content-width !bg-background\">Aikanaan YouTubesta pinnalle ponnahtanut Veronica on viime vuosina vakiinnuttanut asemansa Suomen k\u00e4rkijuontajien joukkioon. Radio Novan aamussa h\u00e4n aloitti t\u00e4m\u00e4n vuoden alussa, kun kanavan ohjelmakokoonpanoja uudistettiin, ja Veronica hypp\u00e4si  aisapariksi  tilalle.<\/p>\n<p><script async src=\"\/\/www.instagram.com\/embed.js\"><\/script><\/p>\n","protected":false},"excerpt":{"rendered":"Matti Matikainen Veronica sai iloisen vastaanoton ty\u00f6reissulta kotiin palattuaan. Juontaja on viett\u00e4nyt loppukev\u00e4\u00e4n viimeiset- ja kes\u00e4n ensimm\u00e4iset viikkonsa&hellip;\n","protected":false},"author":2,"featured_media":275699,"comment_status":"","ping_status":"","sticky":false,"template":"","format":"standard","meta":{"footnotes":"","_share_on_mastodon":"0"},"categories":[130],"tags":[137,33,31,30,2597,37373,737,212,3229,32,2843,109],"class_list":["post-275698","post","type-post","status-publish","format-standard","has-post-thumbnail","category-viihde","tag-entertainment","tag-fi","tag-finland","tag-finnish","tag-janni-hussi","tag-koko-suomi-leipoo","tag-kouvola","tag-lifestyle","tag-radio-nova","tag-suomi","tag-veronica-verho","tag-viihde"],"share_on_mastodon":{"url":"https:\/\/pubeurope.com\/@fi\/116742630104578027","error":""},"_links":{"self":[{"href":"https:\/\/www.europesays.com\/fi\/wp-json\/wp\/v2\/posts\/275698","targetHints":{"allow":["GET"]}}],"collection":[{"href":"https:\/\/www.europesays.com\/fi\/wp-json\/wp\/v2\/posts"}],"about":[{"href":"https:\/\/www.europesays.com\/fi\/wp-json\/wp\/v2\/types\/post"}],"author":[{"embeddable":true,"href":"https:\/\/www.europesays.com\/fi\/wp-json\/wp\/v2\/users\/2"}],"replies":[{"embeddable":true,"href":"https:\/\/www.europesays.com\/fi\/wp-json\/wp\/v2\/comments?post=275698"}],"version-history":[{"count":0,"href":"https:\/\/www.europesays.com\/fi\/wp-json\/wp\/v2\/posts\/275698\/revisions"}],"wp:featuredmedia":[{"embeddable":true,"href":"https:\/\/www.europesays.com\/fi\/wp-json\/wp\/v2\/media\/275699"}],"wp:attachment":[{"href":"https:\/\/www.europesays.com\/fi\/wp-json\/wp\/v2\/media?parent=275698"}],"wp:term":[{"taxonomy":"category","embeddable":true,"href":"https:\/\/www.europesays.com\/fi\/wp-json\/wp\/v2\/categories?post=275698"},{"taxonomy":"post_tag","embeddable":true,"href":"https:\/\/www.europesays.com\/fi\/wp-json\/wp\/v2\/tags?post=275698"}],"curies":[{"name":"wp","href":"https:\/\/api.w.org\/{rel}","templated":true}]}}